{"id":10838,"date":"2008-12-16T00:00:00","date_gmt":"2008-12-16T02:00:00","guid":{"rendered":"https:\/\/www.cnbb.org.br\/padre-antonio-vieira\/"},"modified":"2008-12-16T00:00:00","modified_gmt":"2008-12-16T02:00:00","slug":"padre-antonio-vieira","status":"publish","type":"post","link":"https:\/\/www.cnbb.org.br\/padre-antonio-vieira\/","title":{"rendered":"Padre Ant\u00f4nio Vieira"},"content":{"rendered":"<p style=\"text-align: justify\">Neste ano de 2008 ocorre o IV Centen\u00e1rio do nascimento do Padre Ant\u00f4nio Vieira em Lisboa no dia 06 de fevereiro de 1608. Realizamos, na \u00faltima semana em Salvador, um<\/p>\n<p>  <!--more-->  <\/p>\n<p>Simp\u00f3sio Internacional Comemorativo.<\/p>\n<p style=\"text-align: justify\">Na Catedral Bas\u00edlica, outrora Igreja do Col\u00e9gio dos Jesu\u00edtas, no dia 10 de dezembro de 1634, 2\u00ba Domingo do Advento, foi ordenado sacerdote o Padre Ant\u00f4nio Vieira pela imposi\u00e7\u00e3o das m\u00e3os do s\u00e9timo bispo diocesano de Salvador, Dom Pedro da Silva Sampaio.\u00a0\u00a0 Aqui chegara Ant\u00f4nio Vieira aos seis anos de idade com a fam\u00edlia. O menino fez os estudos desde a forma\u00e7\u00e3o elementar at\u00e9 a superior, no Col\u00e9gio dos Jesu\u00edtas.<\/p>\n<p style=\"text-align: justify\">A intelig\u00eancia muito acima do normal do jovem \u00e9 extraordin\u00e1ria, de g\u00eanio, comprovada pela capacidade de aprofundar conceitos, compreens\u00e3o de argumentos filos\u00f3ficos, b\u00edblicos, teol\u00f3gicos, hist\u00f3ricos e sociol\u00f3gicos.<\/p>\n<p style=\"text-align: justify\">Aos 15 anos entrou na Companhia de Jesus. Distinguiu-se tanto que foi encarregado da cadeira de ret\u00f3rica e algum tempo depois do curso de dogm\u00e1tica. Logo se notabilizou nas igrejas como orador antes mesmo de ser ordenado sacerdote.<\/p>\n<p style=\"text-align: justify\">Foi mandado pelo Brasil para saudar D. Jo\u00e3o IV, partindo em 1641, com D. Fernando de Mascarenhas, filho do Vice-Rei e Pe. Sim\u00e3o de Vasconcelos, para Lisboa. O rei D. Jo\u00e3o IV, informado da reputa\u00e7\u00e3o e capacidade de Vieira, encarregou-o de um serm\u00e3o numa das maiores igrejas da cidade na presen\u00e7a da fam\u00edlia real e da corte.<\/p>\n<p style=\"text-align: justify\">Ao contemplar a personalidade privilegiada de Vieira e sua not\u00e1vel forma\u00e7\u00e3o e atua\u00e7\u00e3o, penso na verdade da Palavra de Deus que suscita homens ilustres nos povos e particularmente na Igreja, onde aparecem como manifesta\u00e7\u00e3o da gl\u00f3ria de Deus e como estrelas reluzentes que em todos os tempos manifestam a grandeza de Deus e as verdades irrefut\u00e1veis percebidas pela raz\u00e3o humana.<\/p>\n<p style=\"text-align: justify\">A Companhia de Jesus foi um grande presente de Deus para a humanidade. Sua hist\u00f3ria n\u00e3o conheceu fronteiras. Procurou evangelizar n\u00e3o para subjugar povos, especialmente os nossos povos ind\u00edgenas, mas colocando-os no cen\u00e1rio mundial, n\u00e3o dominados pela busca do lucro nem pela gan\u00e2ncia dominante nos poderosos, mas pelo esp\u00edrito de comunidade solid\u00e1ria.<\/p>\n<p style=\"text-align: justify\">Os serm\u00f5es do Padre Ant\u00f4nio Vieira, alguns deles proclamados nos p\u00falpitos de nossa Catedral n\u00e3o \u00e9 exalta\u00e7\u00e3o de vaidade intelectual, mas de esp\u00edrito mission\u00e1rio que o animou e o fez pedir aos superiores da Companhia que o mandassem para as miss\u00f5es na \u00c1frica, antes mesmo de sua ordena\u00e7\u00e3o sacerdotal. A obedi\u00eancia da Companhia lhe indicou outro caminho de miss\u00e3o: o p\u00falpito e o magist\u00e9rio.<\/p>\n<p style=\"text-align: justify\">Dom Jo\u00e3o IV o nomeou pregador da corte. Desde ent\u00e3o o Padre Vieira ocupou tamb\u00e9m lugar proeminente na diplomacia e foi ap\u00f3stolo incans\u00e1vel da liberdade dos \u00cdndios do Brasil e defensor dos Judeus.<\/p>\n<p style=\"text-align: justify\">Com a morte de Dom Jo\u00e3o IV, cessou a grande influ\u00eancia exercida por Vieira. Dom Afonso VI subiu ao trono e logo exilou o grande orador para o Porto e depois para Coimbra. Sendo destronado Dom Afonso VI, sucedeu-lhe o rei Dom Pedro II. Vieira, ent\u00e3o, libertado voltou a pregar na corte.<\/p>\n<p style=\"text-align: justify\">Durante seis anos passados em Roma foi muito admirado e obteve os melhores triunfos. A rainha Cristina da Su\u00e9cia, estando em Roma naquele tempo, escutou os seus serm\u00f5es e ficou t\u00e3o impressionada que o nomeou seu confessor.<\/p>\n<p style=\"text-align: justify\">Na idade de 71 anos voltou para o Brasil, onde morreu no dia 18 de julho de 1697, aos noventa anos, na Bahia.<\/p>\n<p style=\"text-align: justify\">O Padre Antonio Vieira \u00e9 mestre da l\u00edngua. Segundo Fernando Pessoa, o imperador da l\u00edngua portuguesa. S\u00e3o quinze volumes de Serm\u00f5es e mais de oitocentas cartas. Possuem grande n\u00famero de informa\u00e7\u00f5es pol\u00edticas, curiosas noticias sobre a inquisi\u00e7\u00e3o, estudos pol\u00edticos e liter\u00e1rios. Seu estilo tem adjetiva\u00e7\u00e3o copiosa e t\u00e3o precisa quase insuper\u00e1vel. V\u00f4o alto de id\u00e9ias filos\u00f3ficas, ora profanas ora religiosas.<\/p>\n<p style=\"text-align: justify\">Uma subtileza: \u201cPe\u00e7o desculpar-me de ter sido longo, por n\u00e3o ter tempo de ser breve!\u201d<\/p>\n<p style=\"text-align: justify\">Vieira n\u00e3o distinguia Portugal do Brasil. Conhecia a corte e conhecia os \u00edndios. Conhecia os pol\u00edticos e as espumas de suas promessas.<\/p>\n<p style=\"text-align: justify\">Conhecia os Padres da Igreja dos primeiros s\u00e9culos e conhecia a catequese humilde dos analfabetos. Falou em presen\u00e7a do papa, de reis, do povo. Dono de imensa cultura transparente em cada frase dos serm\u00f5es, sabia troc\u00e1-los em termos de f\u00e9 e moral, de festa e culto.<\/p>\n","protected":false},"excerpt":{"rendered":"<p>Neste ano de 2008 ocorre o IV Centen\u00e1rio do nascimento do Padre Ant\u00f4nio Vieira em Lisboa no dia 06 de fevereiro de 1608. Realizamos, na \u00faltima semana em Salvador, um<\/p>\n","protected":false},"author":83,"featured_media":0,"comment_status":"open","ping_status":"open","sticky":false,"template":"","format":"standard","meta":{"site-sidebar-layout":"default","site-content-layout":"default","ast-global-header-display":"","ast-banner-title-visibility":"","ast-main-header-display":"","ast-hfb-above-header-display":"","ast-hfb-below-header-display":"","ast-hfb-mobile-header-display":"","site-post-title":"","ast-breadcrumbs-content":"","ast-featured-img":"","footer-sml-layout":"","theme-transparent-header-meta":"","adv-header-id-meta":"","stick-header-meta":"","header-above-stick-meta":"","header-main-stick-meta":"","header-below-stick-meta":""},"categories":[758],"tags":[],"acf":[],"_links":{"self":[{"href":"https:\/\/www.cnbb.org.br\/cnbb-app\/wp\/v2\/posts\/10838"}],"collection":[{"href":"https:\/\/www.cnbb.org.br\/cnbb-app\/wp\/v2\/posts"}],"about":[{"href":"https:\/\/www.cnbb.org.br\/cnbb-app\/wp\/v2\/types\/post"}],"author":[{"embeddable":true,"href":"https:\/\/www.cnbb.org.br\/cnbb-app\/wp\/v2\/users\/83"}],"replies":[{"embeddable":true,"href":"https:\/\/www.cnbb.org.br\/cnbb-app\/wp\/v2\/comments?post=10838"}],"version-history":[{"count":0,"href":"https:\/\/www.cnbb.org.br\/cnbb-app\/wp\/v2\/posts\/10838\/revisions"}],"wp:attachment":[{"href":"https:\/\/www.cnbb.org.br\/cnbb-app\/wp\/v2\/media?parent=10838"}],"wp:term":[{"taxonomy":"category","embeddable":true,"href":"https:\/\/www.cnbb.org.br\/cnbb-app\/wp\/v2\/categories?post=10838"},{"taxonomy":"post_tag","embeddable":true,"href":"https:\/\/www.cnbb.org.br\/cnbb-app\/wp\/v2\/tags?post=10838"}],"curies":[{"name":"wp","href":"https:\/\/api.w.org\/{rel}","templated":true}]}}