{"id":10847,"date":"2008-09-30T00:00:00","date_gmt":"2008-09-30T03:00:00","guid":{"rendered":"https:\/\/www.cnbb.org.br\/o-bem-estar-dos-idosos\/"},"modified":"2008-09-30T00:00:00","modified_gmt":"2008-09-30T03:00:00","slug":"o-bem-estar-dos-idosos","status":"publish","type":"post","link":"https:\/\/www.cnbb.org.br\/o-bem-estar-dos-idosos\/","title":{"rendered":"O Bem-Estar dos Idosos"},"content":{"rendered":"<p style=\"text-align: justify\">\u201cO acontecimento da apresenta\u00e7\u00e3o de Jesus no templo (cf. Lucas 1,41-50) coloca-nos diante do encontro das gera\u00e7\u00f5es: as crian\u00e7as e os anci\u00e3os. A crian\u00e7a que surge para a<\/p>\n<p><!--more--><\/p>\n<p>vida, assumindo e cumprindo a Lei, e os anci\u00e3os, que a festejam com a alegria do Esp\u00edrito Santo. Crian\u00e7as e anci\u00e3os constroem o futuro dos povos. As crian\u00e7as porque levar\u00e3o adiante a hist\u00f3ria, os anci\u00e3os porque transmitem a experi\u00eancia e a sabedoria de suas vidas.\u201d (Documento de Aparecida, n\u00ba 447).<\/p>\n<p style=\"text-align: justify\">O dia 27 de setembro \u00e9 dedicado ao idoso. A Igreja celebra nessa data a festa de S\u00e3o Vicente de Paulo que dedicou sua vida justamente aos mais pobres e mais carentes. O in\u00edcio de sua vida sacerdotal foi bastante conturbado pela pr\u00f3pria situa\u00e7\u00e3o pessoal e pelas dificuldades de mis\u00e9ria da periferia de Paris e em outras partes da Fran\u00e7a. Diante das solicita\u00e7\u00f5es da pobreza percebeu que era necess\u00e1rio organizar ajuda sistem\u00e1tica. Por isso reuniu grupos de assist\u00eancia que foram as Confrarias da Caridade, das quais saiu a Companhia das Filhas da Caridade. Em 1625, reuniu os primeiros companheiros para o ajudarem nas miss\u00f5es entre os camponeses, pondo as bases da Congrega\u00e7\u00e3o da Miss\u00e3o, formada por sacerdotes e irm\u00e3os para a forma\u00e7\u00e3o do clero.<\/p>\n<p style=\"text-align: justify\">Ocupou-se das crian\u00e7as enjeitadas, muitas vezes rejeitadas por outras institui\u00e7\u00f5es, dos condenados a remadores das gal\u00e9s, procurando tamb\u00e9m solu\u00e7\u00f5es pol\u00edticas para as v\u00e1rias necessidades, como o melhoramento dos ambientes. O oferecimento de suas Filhas da Caridade para o servi\u00e7o dos hospitais que se estavam organizando, o seu envio para os campos de batalha, para cuidar dos feridos da guerra contra a Pol\u00f4nia, e as visitas aos doentes em suas casas para n\u00e3o afast\u00e1-los do afeto dos seus: tudo isso s\u00e3o express\u00f5es do sentimento desse homem que, \u00e0 imita\u00e7\u00e3o de Cristo, considerava os pobres como nossos \u201csenhores e patr\u00f5es\u201d, segundo sua express\u00e3o.<\/p>\n<p style=\"text-align: justify\">N\u00e3o deve causar-nos admira\u00e7\u00e3o o ju\u00edzo um tanto sum\u00e1rio sobre os pobres, expresso em uma carta: \u201cN\u00e3o temos de avaliar os pobres por suas roupas e aspecto, nem pelos dotes de esp\u00edrito que pare\u00e7am ter. Com freq\u00fc\u00eancia s\u00e3o ignorantes e curtos de intelig\u00eancia. Mas muito pelo contr\u00e1rio, se considerardes os pobres \u00e0 luz da f\u00e9, ent\u00e3o percebereis que est\u00e3o no lugar do Filho de Deus que escolheu ser pobre. De fato, em seu sofrimento, embora quase perdesse a apar\u00eancia humana, loucura para os gentios, esc\u00e2ndalo para os judeus, apresentou-se, no entanto como o evangelizador dos pobres: \u201cEnviou-me para evangelizar os pobres\u201d (Lucas 4,18).<\/p>\n<p style=\"text-align: justify\">O servi\u00e7o da caridade para com os mais sofridos encontra, em tantos lugares por todo o pa\u00eds e pelo mundo, o trabalho das Filhas da Caridade de S\u00e3o Vicente de Paulo, de modo particular em Salvador, no Abrigo Dom Pedro II para idosos, com dedica\u00e7\u00e3o e amor at\u00e9 o sacrif\u00edcio da pr\u00f3pria vida, como foi o caso do mart\u00edrio da Beata Irm\u00e3 Lindalva Justo de Oliveira.<\/p>\n<p style=\"text-align: justify\">A presen\u00e7a dos idosos na vida da fam\u00edlia e na comunidade humana \u00e9 um grande sinal para atrair o encontro, a compreens\u00e3o, a solidariedade e o amor das gera\u00e7\u00f5es que v\u00e3o se sucedendo. Os idosos s\u00e3o o exemplo de conex\u00e3o entre as gera\u00e7\u00f5es, uma riqueza para o bem estar da fam\u00edlia e de toda a sociedade. \u201cN\u00e3o s\u00f3 podem dar testemunho de que existem aspectos da vida, como os valores humanos e culturais, morais e sociais, que n\u00e3o se medem em termos econ\u00f4micos e funcionais, mas podem oferecer tamb\u00e9m o seu contributo eficaz no \u00e2mbito do trabalho e no da responsabilidade\u201d. Trata-se n\u00e3o s\u00f3 de fazer algo pelos idosos, mas de aceitar tamb\u00e9m estas pessoas como colaboradores respons\u00e1veis, com modalidades que tornem isso realmente poss\u00edvel, como agentes de projetos partilhados, em fase de programa\u00e7\u00e3o, de di\u00e1logo ou de realiza\u00e7\u00e3o\u201d (Jo\u00e3o Paulo II sobre a fam\u00edlia).<\/p>\n<p style=\"text-align: justify\">A Sagrada Escritura diz: as pessoas \u201cat\u00e9 na velhice dar\u00e3o frutos\u201d (Salmo 91, l5). Os anci\u00e3os constituem importante escola de vida, capaz de transmitir valores e tradi\u00e7\u00f5es e de favorecer o crescimento dos mais jovens, os quais desse modo aprendem a buscar n\u00e3o somente o pr\u00f3prio bem, mas tamb\u00e9m o de outrem. Se os anci\u00e3os se encontram em situa\u00e7\u00e3o de sofrimento e depend\u00eancia, necessitam n\u00e3o s\u00f3 de cuidados m\u00e9dicos e de assist\u00eancia apropriada de serem tratados com amor.<\/p>\n","protected":false},"excerpt":{"rendered":"<p>\u201cO acontecimento da apresenta\u00e7\u00e3o de Jesus no templo (cf. Lucas 1,41-50) coloca-nos diante do encontro das gera\u00e7\u00f5es: as crian\u00e7as e os anci\u00e3os. A crian\u00e7a que surge para a<\/p>\n","protected":false},"author":83,"featured_media":0,"comment_status":"open","ping_status":"open","sticky":false,"template":"","format":"standard","meta":{"site-sidebar-layout":"default","site-content-layout":"default","ast-global-header-display":"","ast-banner-title-visibility":"","ast-main-header-display":"","ast-hfb-above-header-display":"","ast-hfb-below-header-display":"","ast-hfb-mobile-header-display":"","site-post-title":"","ast-breadcrumbs-content":"","ast-featured-img":"","footer-sml-layout":"","theme-transparent-header-meta":"","adv-header-id-meta":"","stick-header-meta":"","header-above-stick-meta":"","header-main-stick-meta":"","header-below-stick-meta":""},"categories":[758],"tags":[],"acf":[],"_links":{"self":[{"href":"https:\/\/www.cnbb.org.br\/cnbb-app\/wp\/v2\/posts\/10847"}],"collection":[{"href":"https:\/\/www.cnbb.org.br\/cnbb-app\/wp\/v2\/posts"}],"about":[{"href":"https:\/\/www.cnbb.org.br\/cnbb-app\/wp\/v2\/types\/post"}],"author":[{"embeddable":true,"href":"https:\/\/www.cnbb.org.br\/cnbb-app\/wp\/v2\/users\/83"}],"replies":[{"embeddable":true,"href":"https:\/\/www.cnbb.org.br\/cnbb-app\/wp\/v2\/comments?post=10847"}],"version-history":[{"count":0,"href":"https:\/\/www.cnbb.org.br\/cnbb-app\/wp\/v2\/posts\/10847\/revisions"}],"wp:attachment":[{"href":"https:\/\/www.cnbb.org.br\/cnbb-app\/wp\/v2\/media?parent=10847"}],"wp:term":[{"taxonomy":"category","embeddable":true,"href":"https:\/\/www.cnbb.org.br\/cnbb-app\/wp\/v2\/categories?post=10847"},{"taxonomy":"post_tag","embeddable":true,"href":"https:\/\/www.cnbb.org.br\/cnbb-app\/wp\/v2\/tags?post=10847"}],"curies":[{"name":"wp","href":"https:\/\/api.w.org\/{rel}","templated":true}]}}