{"id":10863,"date":"2009-04-13T00:00:00","date_gmt":"2009-04-13T03:00:00","guid":{"rendered":"https:\/\/www.cnbb.org.br\/pascoa-assim-deus-faz-justica\/"},"modified":"2009-04-13T00:00:00","modified_gmt":"2009-04-13T03:00:00","slug":"pascoa-assim-deus-faz-justica","status":"publish","type":"post","link":"https:\/\/www.cnbb.org.br\/pascoa-assim-deus-faz-justica\/","title":{"rendered":"P\u00e1scoa: Assim Deus faz justi\u00e7a"},"content":{"rendered":"<p style=\"text-align: justify\">\u201cA Paz \u00e9 fruto da justi\u00e7a\u201d, assim anunciou o profeta, em nome de Deus, conclamando a todos, sobretudo os que cometem injusti\u00e7a e viol\u00eancia contra o pr\u00f3ximo, a retomarem a<\/p>\n<p>  <!--more-->  <\/p>\n<p>medida boa da justi\u00e7a nas rela\u00e7\u00f5es humanas. Vale ainda hoje. E n\u00f3s o reafirmamos na Campanha da Fraternidade deste ano. E tamb\u00e9m ser\u00e1 nosso compromisso prof\u00e9tico permanente record\u00e1-lo \u00e0s consci\u00eancias e \u00e0 sociedade toda, colaborando na constru\u00e7\u00e3o da conviv\u00eancia solid\u00e1ria e fraterna.<\/p>\n<p style=\"text-align: justify\">Cremos nesta utopia crist\u00e3, pois ser\u00e1 assim quando a hist\u00f3ria ter\u00e1 fim e a utopia se tornar plena realidade, no reino de Deus. Poderia ser diversamente? Quem age contrariamente a isso, n\u00e3o \u00e9 disc\u00edpulo desse reino e vai na dire\u00e7\u00e3o errada. Quem age segundo uma l\u00f3gica de injusti\u00e7a, aposta num futuro de viol\u00eancia e se predisp\u00f5e a ser v\u00edtima dessa mesma viol\u00eancia! Enquanto crist\u00e3os, n\u00e3o aceitamos que o mundo esteja destinado ao caos, ou a voltar \u00e0 lei da selva; cremos que se encaminha para a plenitude do reino de Deus, \u201creino de justi\u00e7a, de amor e de paz\u201d. E, disc\u00edpulos e mission\u00e1rios do reino de Deus, continuaremos a lutar para isso.<\/p>\n<p style=\"text-align: justify\">A P\u00e1scoa tem no seu centro um drama de extrema viol\u00eancia contra a pessoa de Jesus Cristo. Todos os textos lidos durante a semana santa, e ainda no tempo pascal, aludem a esse \u201cmist\u00e9rio da iniquidade\u201d desabando sobre um inocente, que se apresentou ao mundo como o Filho de Deus e s\u00f3 \u201cfez bem todas as coisas\u201d&#8230; Perseguido, preso e torturado, ele foi condenado \u00e0 morte horr\u00edvel na cruz, mesmo reconhecido inocente pela autoridade competente; desprezado, \u201chomem de dores, coberto de sofrimentos, t\u00e3o reduzido estava na sua dignidade, que n\u00e3o faz\u00edamos mais caso dele\u201d (cf Is 53,3). De sua parte, nenhuma rea\u00e7\u00e3o violenta para se defender, ou para restabelecer a justi\u00e7a humana; Ele confiava plenamente na justi\u00e7a de Deus, que tem formas pr\u00f3prias de se manifestar. At\u00e9 mesmo na cruz, invocou o perd\u00e3o para aqueles que o matavam: \u201cPai, perdoai-lhes, n\u00e3o sabem o que fazem!\u201d<\/p>\n<p style=\"text-align: justify\">A morte de Jesus na cruz parecia o fim e a paz era novamente restabelecida pela viol\u00eancia esmagadora, pela elimina\u00e7\u00e3o completa do problema&#8230; Assim pensavam, mas a viol\u00eancia n\u00e3o teve a \u00faltima palavra! Os ap\u00f3stolos proclamam que \u201cDeus estava com ele\u201d; com o centuri\u00e3o romano, que comandou o pelot\u00e3o de execu\u00e7\u00e3o de Jesus, eles tamb\u00e9m proclamam: era um justo! Herdeira do testemunho e da f\u00e9 apost\u00f3lica, a Igreja continua a anunciar: Deus ressuscitou Jesus e n\u00e3o o abandonou ao poder da morte! Ele, humanamente, era o Filho de Deus e os poderes da viol\u00eancia e da morte n\u00e3o triunfaram sobre ele!<\/p>\n<p style=\"text-align: justify\">Ap\u00f3s a ressurrei\u00e7\u00e3o, Jesus n\u00e3o chamou \u00e0s contas quem o perseguiu, torturou e matou. Nada disso aconteceu. O Filho de Deus n\u00e3o enfrenta a viol\u00eancia com mais viol\u00eancia. Ao se manifestar, vivo e glorificado, diante dos disc\u00edpulos espantados e temerosos: Jesus lhes anuncia: \u201ca paz esteja com voc\u00eas!\u201d E os envia a pregar a todos a Boa Nova da paz e do perd\u00e3o de Deus.<\/p>\n<p style=\"text-align: justify\">A celebra\u00e7\u00e3o da paix\u00e3o, morte e ressurrei\u00e7\u00e3o de Jesus Cristo nos coloca mais uma vez diante deste \u201cmist\u00e9rio grande\u201d; humanamente \u00e9 incompreens\u00edvel e nos supera e deixa extasiados, sem palavras. Quem podia compreender que o Filho de Deus viesse ao mundo, se fizesse humano, servo de todos, o \u00faltimo de todos, obediente e fiel a Deus, mesmo a custo de receber dos homens a rejei\u00e7\u00e3o e a condena\u00e7\u00e3o \u00e0 morte horr\u00edvel na cruz!? Quem podia imaginar que nos mostrasse, desta maneira, o amor de Deus, \u201cat\u00e9 o fim\u201d?!<\/p>\n<p style=\"text-align: justify\">Saulo, antes de ser Paulo, achava que tudo isso era uma loucura; que era suprema blasf\u00eamia a afirma\u00e7\u00e3o dos Ap\u00f3stolos de que Jesus era o Cristo de Deus, por meio de quem o eterno Deus concede ao mundo o perd\u00e3o dos pecados; queria acabar com \u201cesse caminho\u201d pois pensava saber tudo sobre Deus e sobre como Ele deve agir em rela\u00e7\u00e3o \u00e0 humanidade&#8230; Mas depois do seu encontro com o Senhor ressuscitado, \u00e0s portas de Damasco, \u201cabriram-se-lhe os olhos\u201d e ele pr\u00f3prio se sentiu envolvido neste mist\u00e9rio do amor de Deus, que supera os limites humanos; e come\u00e7ou a compreender a \u201cloucura da cruz\u201d: \u201cEle me amou e por mim se entregou!\u201d E passou a dedicar a Cristo e \u00e0 difus\u00e3o desta Boa Nova o resto de sua vida!<\/p>\n<p style=\"text-align: justify\">Em Jesus Cristo, morto e ressuscitado, compreendemos melhor a justi\u00e7a de Deus: ela n\u00e3o esmaga sua criatura, n\u00e3o \u00e9 cobran\u00e7a nem vingan\u00e7a contra ela. Que necessidade teria Deus de brigar com a criatura?! A justi\u00e7a de Deus manifesta-se plenamente na sua paci\u00eancia para com o pecador, na espera que ele volte, se converta e viva; no amor misericordioso, no perd\u00e3o \u201csetenta e sete vezes sete\u201d, sem limites. A justi\u00e7a de Deus \u00e9 restauradora, salvadora.<\/p>\n<p style=\"text-align: justify\">Por isso, ao celebrar a P\u00e1scoa, a Igreja professa, com reconhecimento e alegre f\u00e9: Jesus Cristo \u201camou os seus que estavam mundo e os amou at\u00e9 o fim\u201d (cf Jo 13, 1). E entre os \u201cseus\u201d, contamos tamb\u00e9m n\u00f3s. E anuncia: \u201ceste \u00e9 o dia que o Senhor fez para n\u00f3s. Alegremo-nos e nele exultemos!\u201d (cf Sl 118,24)! \u00c9 o dia de Deus, que vence a escurid\u00e3o da morte, \u201cdia sem ocaso\u201d, iluminado pelo esplendor do Senhor vivo e presente no meio de n\u00f3s, para sempre! E todos anunciamos ao mundo, ainda marcado pela viol\u00eancia: \u201cseu amor \u00e9 sem fim!\u201d (cf Sl 118, 1).<\/p>\n<p style=\"text-align: justify\">Desejo a todos os leitores de O S\u00c3O PAULO uma feliz e santa P\u00e1scoa! O Senhor Ressuscitado aben\u00e7oe a todos e seja sua constante companhia!<\/p>\n<p style=\"text-align: justify\">Artigo publicado em O S\u00c3O PAULO, ed, de 07.04.2009<\/p>\n","protected":false},"excerpt":{"rendered":"<p>\u201cA Paz \u00e9 fruto da justi\u00e7a\u201d, assim anunciou o profeta, em nome de Deus, conclamando a todos, sobretudo os que cometem injusti\u00e7a e viol\u00eancia contra o pr\u00f3ximo, a retomarem a<\/p>\n","protected":false},"author":83,"featured_media":0,"comment_status":"open","ping_status":"open","sticky":false,"template":"","format":"standard","meta":{"site-sidebar-layout":"default","site-content-layout":"default","ast-global-header-display":"","ast-banner-title-visibility":"","ast-main-header-display":"","ast-hfb-above-header-display":"","ast-hfb-below-header-display":"","ast-hfb-mobile-header-display":"","site-post-title":"","ast-breadcrumbs-content":"","ast-featured-img":"","footer-sml-layout":"","theme-transparent-header-meta":"","adv-header-id-meta":"","stick-header-meta":"","header-above-stick-meta":"","header-main-stick-meta":"","header-below-stick-meta":""},"categories":[758],"tags":[],"acf":[],"_links":{"self":[{"href":"https:\/\/www.cnbb.org.br\/cnbb-app\/wp\/v2\/posts\/10863"}],"collection":[{"href":"https:\/\/www.cnbb.org.br\/cnbb-app\/wp\/v2\/posts"}],"about":[{"href":"https:\/\/www.cnbb.org.br\/cnbb-app\/wp\/v2\/types\/post"}],"author":[{"embeddable":true,"href":"https:\/\/www.cnbb.org.br\/cnbb-app\/wp\/v2\/users\/83"}],"replies":[{"embeddable":true,"href":"https:\/\/www.cnbb.org.br\/cnbb-app\/wp\/v2\/comments?post=10863"}],"version-history":[{"count":0,"href":"https:\/\/www.cnbb.org.br\/cnbb-app\/wp\/v2\/posts\/10863\/revisions"}],"wp:attachment":[{"href":"https:\/\/www.cnbb.org.br\/cnbb-app\/wp\/v2\/media?parent=10863"}],"wp:term":[{"taxonomy":"category","embeddable":true,"href":"https:\/\/www.cnbb.org.br\/cnbb-app\/wp\/v2\/categories?post=10863"},{"taxonomy":"post_tag","embeddable":true,"href":"https:\/\/www.cnbb.org.br\/cnbb-app\/wp\/v2\/tags?post=10863"}],"curies":[{"name":"wp","href":"https:\/\/api.w.org\/{rel}","templated":true}]}}