{"id":10870,"date":"2009-12-21T00:00:00","date_gmt":"2009-12-21T02:00:00","guid":{"rendered":"https:\/\/www.cnbb.org.br\/licoes-de-copenhague\/"},"modified":"2009-12-21T00:00:00","modified_gmt":"2009-12-21T02:00:00","slug":"licoes-de-copenhague","status":"publish","type":"post","link":"https:\/\/www.cnbb.org.br\/licoes-de-copenhague\/","title":{"rendered":"Li\u00e7\u00f5es de Copenhague"},"content":{"rendered":"<p style=\"text-align: justify\">O mundo todo est\u00e1 se perguntando pelo alcance dos acordos, ou desacordos, obtidos em Copenhague, na Confer\u00eancia das Na\u00e7\u00f5es Unidas sobre mudan\u00e7as clim\u00e1ticas (COP 15).<\/p>\n<p>  <!--more-->  <\/p>\n<p style=\"text-align: justify\">Pela primeira vez, representantes de todos os pa\u00edses do mundo se re\u00fanem, preocupados com as conseq\u00fc\u00eancias do aquecimento global. Ele \u00e9 causado pelas emiss\u00f5es de di\u00f3xido de carbono (CO2),\u00a0 que lan\u00e7am na atmosfera gases de efeito-estufa, que est\u00e3o progressivamente aumentando a temperatura m\u00e9dia no planeta. Isto traz conseq\u00fc\u00eancias muito preocupantes para as condi\u00e7\u00f5es de vida. Elas s\u00e3o vis\u00edveis sobretudo pelo derretimento das geleiras, que se constituem na maior reserva de \u00e1gua doce do mundo.<\/p>\n<p style=\"text-align: justify\">Parafraseando a b\u00edblia, como em Jerusal\u00e9m, em Copenhague tamb\u00e9m se encontram \u201crepresentantes de todos os povos, l\u00ednguas e na\u00e7\u00f5es\u201d.\u00a0 Mas a reuni\u00e3o das Na\u00e7\u00f5es Unidas, por enquanto, se assemelha mais a Babel do que a Pentecostes. Mesmo diante de evid\u00eancias que saltam aos olhos, est\u00e1 dif\u00edcil um entendimento m\u00ednimo, que estabele\u00e7a metas concretas de diminui\u00e7\u00e3o dos gases de efeito estufa.<\/p>\n<p style=\"text-align: justify\">Mesmo em meio \u00e0 espessa neblina produzida pelos muitos interesses contradit\u00f3rios que se fazem presentes em Copenhague, \u00e9 poss\u00edvel perceber algumas verdades importantes, nas estrelinhas das discuss\u00f5es.<\/p>\n<p style=\"text-align: justify\">A primeira delas, \u00e9 a urg\u00eancia de mensurar melhor o alcance verdadeiro da mudan\u00e7a clim\u00e1tica.\u00a0 Sobre isto se produz um consenso. Todos est\u00e3o de acordo em estabelecer o ano de 2020 para conferir como estar\u00e1 a situa\u00e7\u00e3o do planeta.<\/p>\n<p style=\"text-align: justify\">Esta urg\u00eancia em voltar a medir a situa\u00e7\u00e3o, revela outra verdade. O aquecimento global \u00e9 fruto de um processo em andamento. N\u00e3o \u00e9 f\u00e1cil deter uma din\u00e2mica que vem se acentuando h\u00e1 alguns s\u00e9culos. Alguns at\u00e9 se perguntam se j\u00e1 n\u00e3o \u00e9 tarde demais para reverter este processo.<\/p>\n<p style=\"text-align: justify\">Neste caso, as condi\u00e7\u00f5es de vida em nosso planeta teriam seus dias contados. Mas o evidente desacordo em tomar agora medidas imediatas, revela que n\u00e3o existe consenso em torno desta previs\u00e3o mais pessimista. A diferen\u00e7a de interpreta\u00e7\u00e3o do fen\u00f4meno est\u00e1 na base dos desacordos manifestados ao longo de toda a Confer\u00eancia de Copenhague.<\/p>\n<p style=\"text-align: justify\">Independente do alcance da COP 15, o certo \u00e9 que, definitivamente, a quest\u00e3o ecol\u00f3gica passar\u00e1 a ser\u00a0 uma refer\u00eancia indispens\u00e1vel nas proje\u00e7\u00f5es do desenvolvimento. A sustentabilidade se constituir\u00e1 em crit\u00e9rio, que necessitar\u00e1 ser urgido e cobrado com rigor.<\/p>\n<p style=\"text-align: justify\">Isto acontecer\u00e1,\u00a0 na medida em que for crescendo, em todas as pessoas, a consci\u00eancia da import\u00e2ncia de preservar o meio ambiente, e de agir em sintonia com a natureza.<\/p>\n<p style=\"text-align: justify\">Neste ponto, emerge outra verdade, que passa a ser lida de modo diferente. A boa filosofia sempre falava na\u00a0 \u201clei natural\u201d, que devia ser levada em conta pelo correto agir humano. Agora, levamos um susto ao perceber o tamanho das conseq\u00fc\u00eancias do agir humano que n\u00e3o se preocupou com os limites da natureza. Mas o contexto atual leva a entender melhor a tal \u201clei natural\u201d.<\/p>\n<p style=\"text-align: justify\">A natureza n\u00e3o \u00e9 est\u00e1tica. Ela \u00e9 din\u00e2mica. Em conseq\u00fc\u00eancia, sua din\u00e2mica interna, sua \u201clei natural\u201d\u00a0 precisa ser entendida em sua trajet\u00f3ria cont\u00ednua, em sua velocidade, em seu dinamismo. Precisamos decifrar o que a natureza nos diz na perspectiva de sua evolu\u00e7\u00e3o, em seu potencial, em sua finalidade. Estamos nos dando conta que fazemos parte de uma trajet\u00f3ria, embarcados numa \u201cnave espacial\u201d muito mais complexa e mais sofisticada. E\u00b4 indispens\u00e1vel agir de acordo com o \u201cplano de v\u00f4o\u201d.Ele permite alguma instabilidade, produzida por alguns passageiros irrespons\u00e1veis. Mas est\u00e1 na hora de p\u00f4r ordem na casa, para salvaguardar sua integridade, e prosseguir o seu v\u00f4o. Na hora adequada, o piloto avisar\u00e1 a tripula\u00e7\u00e3o para preparar o pouso.<\/p>\n<p style=\"text-align: justify\">&#8211; Em que aeroporto?<\/p>\n","protected":false},"excerpt":{"rendered":"<p>O mundo todo est\u00e1 se perguntando pelo alcance dos acordos, ou desacordos, obtidos em Copenhague, na Confer\u00eancia das Na\u00e7\u00f5es Unidas sobre mudan\u00e7as clim\u00e1ticas (COP 15).<\/p>\n","protected":false},"author":83,"featured_media":0,"comment_status":"open","ping_status":"open","sticky":false,"template":"","format":"standard","meta":{"site-sidebar-layout":"default","site-content-layout":"default","ast-global-header-display":"","ast-banner-title-visibility":"","ast-main-header-display":"","ast-hfb-above-header-display":"","ast-hfb-below-header-display":"","ast-hfb-mobile-header-display":"","site-post-title":"","ast-breadcrumbs-content":"","ast-featured-img":"","footer-sml-layout":"","theme-transparent-header-meta":"","adv-header-id-meta":"","stick-header-meta":"","header-above-stick-meta":"","header-main-stick-meta":"","header-below-stick-meta":""},"categories":[758],"tags":[],"acf":[],"_links":{"self":[{"href":"https:\/\/www.cnbb.org.br\/cnbb-app\/wp\/v2\/posts\/10870"}],"collection":[{"href":"https:\/\/www.cnbb.org.br\/cnbb-app\/wp\/v2\/posts"}],"about":[{"href":"https:\/\/www.cnbb.org.br\/cnbb-app\/wp\/v2\/types\/post"}],"author":[{"embeddable":true,"href":"https:\/\/www.cnbb.org.br\/cnbb-app\/wp\/v2\/users\/83"}],"replies":[{"embeddable":true,"href":"https:\/\/www.cnbb.org.br\/cnbb-app\/wp\/v2\/comments?post=10870"}],"version-history":[{"count":0,"href":"https:\/\/www.cnbb.org.br\/cnbb-app\/wp\/v2\/posts\/10870\/revisions"}],"wp:attachment":[{"href":"https:\/\/www.cnbb.org.br\/cnbb-app\/wp\/v2\/media?parent=10870"}],"wp:term":[{"taxonomy":"category","embeddable":true,"href":"https:\/\/www.cnbb.org.br\/cnbb-app\/wp\/v2\/categories?post=10870"},{"taxonomy":"post_tag","embeddable":true,"href":"https:\/\/www.cnbb.org.br\/cnbb-app\/wp\/v2\/tags?post=10870"}],"curies":[{"name":"wp","href":"https:\/\/api.w.org\/{rel}","templated":true}]}}