{"id":10905,"date":"2010-01-06T00:00:00","date_gmt":"2010-01-06T02:00:00","guid":{"rendered":"https:\/\/www.cnbb.org.br\/a-vida-bastismal\/"},"modified":"2010-01-06T00:00:00","modified_gmt":"2010-01-06T02:00:00","slug":"a-vida-bastismal","status":"publish","type":"post","link":"https:\/\/www.cnbb.org.br\/a-vida-bastismal\/","title":{"rendered":"A vida bastismal"},"content":{"rendered":"<p style=\"text-align: justify\">Com a festa do Batismo de Jesus conclu\u00edmos o tempo do Natal. A reflex\u00e3o sobre o Mist\u00e9rio da Encarna\u00e7\u00e3o continua. \u00c9 uma \u00f3tima oportunidade para examinarmos a nossa pr\u00f3pria vida batismal hoje, e a a\u00e7\u00e3o eclesial para o trabalho de inicia\u00e7\u00e3o crist\u00e3 pedida pela Igreja para educar e evangelizar os novos crist\u00e3os.<\/p>\n<div style=\"text-align: justify\"><!--more--><\/div>\n<p style=\"text-align: justify\">O batismo de Jesus por Jo\u00e3o no rio Jord\u00e3o \u00e9 um evento que nos mostra com intensidade como o Salvador quis solidarizar-se com o g\u00eanero humano imerso no pecado. Jo\u00e3o chamava \u00e0 penit\u00eancia e administrava um batismo de convers\u00e3o. No entanto, Jesus, o Cordeiro sem mancha que veio tirar o pecado do mundo submete-se ao batismo de Jo\u00e3o. \u00c9 um momento de Epifania, quando a Trindade se manifesta e aparece claramente a miss\u00e3o do Filho que deve ser escutado.<\/p>\n<p style=\"text-align: justify\">Podemos contemplar, pois, no epis\u00f3dio do batismo do Senhor, aquela condescend\u00eancia divina que faz com que Deus assuma tudo o que \u00e9 pr\u00f3prio da nossa fr\u00e1gil condi\u00e7\u00e3o humana. Jesus n\u00e3o teve pecado, mas, num gesto de solidariedade para com toda a humanidade, assumiu o que decorre do nosso pecado, desde o batismo dos pecadores at\u00e9 a morte ignominiosa da cruz.<\/p>\n<p style=\"text-align: justify\">A condescend\u00eancia divina, manifestada de forma t\u00e3o pungente na vida, atitudes e palavras de Jesus, nos estimula a amar com todas as nossas for\u00e7as a Deus que tanto nos ama, e nos tornar mais compassivos e condescendentes para com todos aqueles que, de uma ou de outra maneira, sofrem e precisam de nossa solidariedade. A contempla\u00e7\u00e3o da caridade divina deve encher nosso cora\u00e7\u00e3o de caridade. S\u00e3o Paulo ensinou-nos, entre outras coisas, que a caridade \u00e9 prestativa, n\u00e3o \u00e9 orgulhosa, alegra se com o bem, tudo cr\u00ea, tudo espera, tudo desculpa.<\/p>\n<p style=\"text-align: justify\">Estes dias de tantas cat\u00e1strofes em nossa regi\u00e3o sudeste demonstram como \u00e9 importante o compartilhar as dores e sofrimentos das pessoas.<\/p>\n<p style=\"text-align: justify\">O batismo que recebemos foi o batismo institu\u00eddo por Jesus, o batismo da Nova Alian\u00e7a.\u00a0 O batismo de Jo\u00e3o era apenas um sinal de convers\u00e3o. O batismo que Jesus confiou \u00e0 sua Igreja \u00e9 um sinal eficaz, pois n\u00e3o s\u00f3 significa, mas realiza a liberta\u00e7\u00e3o e a renova\u00e7\u00e3o de nosso ser, tornando-nos filhos de Deus \u00e0 semelhan\u00e7a do \u00fanico Filho. Os Padres da Igreja chegaram a dizer que Jesus desceu \u00e0s \u00e1guas justamente para santific\u00e1-las e transmitir-lhes aquele poder de purifica\u00e7\u00e3o e renova\u00e7\u00e3o, que \u00e9 exercido toda vez que a Igreja batiza em nome do Pai e do Filho e do Esp\u00edrito Santo.<\/p>\n<p style=\"text-align: justify\">Ao celebrarmos a festa do batismo do Senhor Jesus, temos diante de n\u00f3s uma ocasi\u00e3o prop\u00edcia para renovar nossas promessas batismais. Viver intensamente os compromissos de nosso batismo \u00e9 o grande convite que Deus faz a cada um de n\u00f3s. A gra\u00e7a divina jamais falta \u00e0quele que, com sinceridade de cora\u00e7\u00e3o, procura viver segundo o \u201chomem novo\u201d, nascido da \u00e1gua e do Esp\u00edrito. Os in\u00fameros santos e santas canonizados pela Igreja s\u00e3o um eloquente testemunho de que a for\u00e7a do batismo pode fazer maravilhas na pessoa e na sociedade que ajudaram a transformar segundo o des\u00edgnio de Deus.<\/p>\n<p style=\"text-align: justify\">Que a gra\u00e7a do batismo nos torne, na Igreja e atrav\u00e9s da Igreja, o Corpo m\u00edstico do Senhor, verdadeiros disc\u00edpulos-mission\u00e1rios de Jesus! O batismo liga-nos tamb\u00e9m \u00e0 Igreja, \u00e0 qual Cristo uniu-se de maneira irrevog\u00e1vel. N\u00e3o podemos querer Cristo sem sua Igreja. O \u201cCristo total\u201d \u00e9 a Cabe\u00e7a e o Corpo. Contemplando, assim, o mist\u00e9rio de Cristo que resplandece na face da Igreja e vivendo a gra\u00e7a do nosso batismo, anunciemos com humildade e caridade a f\u00e9 que nos salva e enche de alegria a nossa vida!<\/p>\n<p style=\"text-align: justify\">E isso n\u00f3s poderemos fazer e viver intensamente, come\u00e7ando a celebrar agora, logo ap\u00f3s o tempo natalino, as festividades de S\u00e3o Sebasti\u00e3o, que com a r\u00e9plica da imagem hist\u00f3rica trazida por Est\u00e1cio de S\u00e1 percorrer\u00e1 a nossa Arquidiocese preparando-nos a viver com fidelidade a nossa miss\u00e3o, \u00e0 semelhan\u00e7a de nosso padroeiro que nos ensina a fortaleza na f\u00e9 mesmo em meio a ambiente contr\u00e1rio e vicissitudes da vida, persegui\u00e7\u00f5es e torturas. Para o aprofundamento do tema \u201cF\u00e9 e desafios do nosso tempo\u201d e do lema \u201cS\u00e3o Sebasti\u00e3o, invenc\u00edvel atleta da f\u00e9\u201d teremos um tr\u00edduo em todas as Par\u00f3quias como sinal de nossa comunh\u00e3o e unidade. Que a vida crist\u00e3 desse seguidor de Cristo nos inspire a viver com entusiasmo em nossos mudados tempos a alegria do seguimento de Jesus, mesmo com as dificuldades hodiernas.<\/p>\n","protected":false},"excerpt":{"rendered":"<p>Com a festa do Batismo de Jesus conclu\u00edmos o tempo do Natal. A reflex\u00e3o sobre o Mist\u00e9rio da Encarna\u00e7\u00e3o continua. \u00c9 uma \u00f3tima oportunidade para examinarmos a nossa pr\u00f3pria vida batismal hoje, e a a\u00e7\u00e3o eclesial para o trabalho de inicia\u00e7\u00e3o crist\u00e3 pedida pela Igreja para educar e evangelizar os novos crist\u00e3os.<\/p>\n","protected":false},"author":83,"featured_media":0,"comment_status":"open","ping_status":"open","sticky":false,"template":"","format":"standard","meta":{"site-sidebar-layout":"default","site-content-layout":"default","ast-global-header-display":"","ast-banner-title-visibility":"","ast-main-header-display":"","ast-hfb-above-header-display":"","ast-hfb-below-header-display":"","ast-hfb-mobile-header-display":"","site-post-title":"","ast-breadcrumbs-content":"","ast-featured-img":"","footer-sml-layout":"","theme-transparent-header-meta":"","adv-header-id-meta":"","stick-header-meta":"","header-above-stick-meta":"","header-main-stick-meta":"","header-below-stick-meta":""},"categories":[758],"tags":[],"acf":[],"_links":{"self":[{"href":"https:\/\/www.cnbb.org.br\/cnbb-app\/wp\/v2\/posts\/10905"}],"collection":[{"href":"https:\/\/www.cnbb.org.br\/cnbb-app\/wp\/v2\/posts"}],"about":[{"href":"https:\/\/www.cnbb.org.br\/cnbb-app\/wp\/v2\/types\/post"}],"author":[{"embeddable":true,"href":"https:\/\/www.cnbb.org.br\/cnbb-app\/wp\/v2\/users\/83"}],"replies":[{"embeddable":true,"href":"https:\/\/www.cnbb.org.br\/cnbb-app\/wp\/v2\/comments?post=10905"}],"version-history":[{"count":0,"href":"https:\/\/www.cnbb.org.br\/cnbb-app\/wp\/v2\/posts\/10905\/revisions"}],"wp:attachment":[{"href":"https:\/\/www.cnbb.org.br\/cnbb-app\/wp\/v2\/media?parent=10905"}],"wp:term":[{"taxonomy":"category","embeddable":true,"href":"https:\/\/www.cnbb.org.br\/cnbb-app\/wp\/v2\/categories?post=10905"},{"taxonomy":"post_tag","embeddable":true,"href":"https:\/\/www.cnbb.org.br\/cnbb-app\/wp\/v2\/tags?post=10905"}],"curies":[{"name":"wp","href":"https:\/\/api.w.org\/{rel}","templated":true}]}}