{"id":10909,"date":"2010-01-08T00:00:00","date_gmt":"2010-01-08T02:00:00","guid":{"rendered":"https:\/\/www.cnbb.org.br\/ecologia-humana\/"},"modified":"2010-01-08T00:00:00","modified_gmt":"2010-01-08T02:00:00","slug":"ecologia-humana","status":"publish","type":"post","link":"https:\/\/www.cnbb.org.br\/ecologia-humana\/","title":{"rendered":"Ecologia Humana"},"content":{"rendered":"<p style=\"text-align: justify\">O caminho deste Ano Novo de 2010 clama por redobrada aten\u00e7\u00e3o de todos os cidad\u00e3os para as s\u00e9rias amea\u00e7as \u00e0 paz mundial. A mensagem do Santo Padre Bento XVI para o Dia Mundial da Paz, celebrado no primeiro dia deste ano, recorda o Papa Jo\u00e3o Paulo II em sua mensagem com o tema Paz com Deus criador, paz com toda cria\u00e7\u00e3o, que \u00e9 fundamental ter em devida considera\u00e7\u00e3o as rela\u00e7\u00f5es que se estabelecem entre as criaturas de Deus e o universo que as circunda. \u00c9 incontest\u00e1vel que o desrespeito \u00e0 natureza \u00e9 uma causa forte de amea\u00e7a \u00e0 paz mundial. A consci\u00eancia ecol\u00f3gica, ent\u00e3o, \u201cn\u00e3o deve ser reprimida, mas antes favorecida, de maneira que se desenvolva e v\u00e1 amadurecendo at\u00e9 encontrar express\u00e3o adequada em programas e iniciativas concretas\u201d.<\/p>\n<div style=\"text-align: justify\">  <!--more-->  <\/div>\n<p style=\"text-align: justify\">H\u00e1 muito tempo a Igreja Cat\u00f3lica, pelo Magist\u00e9rio dos Papas, tem alertado e configurado um horizonte \u00e9tico visando a mudan\u00e7as para este cen\u00e1rio estarrecedor de desrespeito e vandalismos no tratamento da natureza. O Papa Paulo VI, por ocasi\u00e3o do octog\u00e9simo anivers\u00e1rio da enc\u00edclica Rerum Novarum, do Papa Le\u00e3o XIII, insistia que \u201cpor motivo de uma explora\u00e7\u00e3o inconsiderada da natureza, o homem come\u00e7a a correr o risco de destru\u00ed-la e de vir a ser, tamb\u00e9m ele, v\u00edtima dessa degrada\u00e7\u00e3o\u201d. N\u00e3o \u00e9 outro o cen\u00e1rio mundial, exigindo uma postura diferente dos cidad\u00e3os e tamb\u00e9m um investimento fort\u00edssimo na consci\u00eancia ecol\u00f3gica, que n\u00e3o deve considerar simplesmente a natureza em si mesma, mas articular esta considera\u00e7\u00e3o com a pr\u00f3pria condi\u00e7\u00e3o humana, avaliando seriamente, para intuir modifica\u00e7\u00f5es no modus vivendi, condutas e cidadania nas sociedades.<\/p>\n<p style=\"text-align: justify\">O Papa Paulo VI, naquela ocasi\u00e3o, fazia uma observa\u00e7\u00e3o de cunho prof\u00e9tico ao dizer que, em consequ\u00eancia, \u201cn\u00e3o s\u00f3 o ambiente material se torna uma amea\u00e7a permanente \u2013 polui\u00e7\u00f5es, lixo, novas doen\u00e7as, poder destruidor absoluto \u2013 mas \u00e9 o pr\u00f3prio contexto humano que o homem n\u00e3o consegue dominar, criando assim, para o dia de amanh\u00e3, um ambiente global que se lhe poder\u00e1 tornar insuport\u00e1vel. Problema social de grande envergadura, que diz respeito \u00e0 inteira fam\u00edlia humana\u201d.<\/p>\n<p style=\"text-align: justify\">Portanto, a crise ecol\u00f3gica que est\u00e1 em curso precisa ser enfrentada incluindo tamb\u00e9m como cap\u00edtulo central tudo o que se refere \u00e0 ecologia humana. Ora, h\u00e1 um car\u00e1ter prevalentemente \u00e9tico que reveste esta crise ecol\u00f3gica. Esta dimens\u00e3o \u00e9tica \u00e9 de responsabilidade de todos os cidad\u00e3os. H\u00e1 uma quest\u00e3o de ordem moral que subjaz no quadro das rela\u00e7\u00f5es entre as pessoas e a natureza, entre as criaturas e a cria\u00e7\u00e3o. A degrada\u00e7\u00e3o ambiental atinge frontalmente a fam\u00edlia humana inteira. Hoje, j\u00e1 se fala em refugiados ambientais: pessoas que, em raz\u00e3o da degrada\u00e7\u00e3o do ambiente onde vivem, se veem obrigadas a abandon\u00e1-lo, perdendo os seus bens, suas tradi\u00e7\u00f5es e os elementos constitutivos de sua identidade.<\/p>\n<p style=\"text-align: justify\">A considera\u00e7\u00e3o, por isso, n\u00e3o pode se restringir ao tratamento e busca de solu\u00e7\u00f5es para o fen\u00f4meno das altera\u00e7\u00f5es clim\u00e1ticas, a desertifica\u00e7\u00e3o, deteriora\u00e7\u00e3o e perda de produtividade de vastas \u00e1reas agr\u00edcolas, polui\u00e7\u00e3o de rios, nascentes e len\u00e7\u00f3is de \u00e1gua, a perda da biodiversidade, o aumento das calamidades naturais, o desflorestamento das \u00e1reas equatoriais e tropicais. O Papa Bento XVI, em sua mensagem &#8211; cuidado pastoral em reacender um horizonte mais largo na considera\u00e7\u00e3o desta crise ecol\u00f3gica &#8211; indica o quanto se torna urgente o cap\u00edtulo que trata da responsabilidade pessoal, social e pol\u00edtica de cada cidad\u00e3o.<\/p>\n<p style=\"text-align: justify\">H\u00e1 um s\u00e9rio impacto no exerc\u00edcio dos direitos humanos, quando se pensa o desenvolvimento, sua concep\u00e7\u00e3o e efetiva\u00e7\u00e3o, o direito \u00e0 vida, \u00e0 sa\u00fade e \u00e0 alimenta\u00e7\u00e3o. N\u00e3o se pode enfrentar, adequadamente, esta grave crise ecol\u00f3gica sem questionamentos cruciais quanto ao entendimento do desenvolvimento. Tamb\u00e9m n\u00e3o se pode prescindir de uma aprofundada avalia\u00e7\u00e3o, para novos entendimentos e consequente conduta nova, sobre a vis\u00e3o do homem e das suas rela\u00e7\u00f5es com os seus semelhantes e com a cria\u00e7\u00e3o.<\/p>\n<p style=\"text-align: justify\">O Papa Bento XVI insiste na inadi\u00e1vel revis\u00e3o profunda e clarividente do modelo de desenvolvimento e de todos os desdobramentos que o configuram, especialmente a economia. Esta aud\u00e1cia de rever o conjunto do desenvolvimento praticado na sociedade mundial vai revelando a crise cultural e moral do homem contempor\u00e2neo. Os sintomas est\u00e3o se manifestando por toda parte. Os esfor\u00e7os precisam se multiplicar, em programas grandes e mi\u00fados, para que uma profunda renova\u00e7\u00e3o cultural ocorra. O rem\u00e9dio para a crise ecol\u00f3gica n\u00e3o pode ser simplesmente aplicado na natureza. \u00c9 preciso redescobrir aqueles valores que constituem o alicerce firme para construir um futuro melhor para todos.<\/p>\n<p style=\"text-align: justify\">Dom Walmor Oliveira de Azevedo<br \/>Arcebispo metropolitano de Belo Horizonte<\/p>\n","protected":false},"excerpt":{"rendered":"<p>O caminho deste Ano Novo de 2010 clama por redobrada aten\u00e7\u00e3o de todos os cidad\u00e3os para as s\u00e9rias amea\u00e7as \u00e0 paz mundial. A mensagem do Santo Padre Bento XVI para o Dia Mundial da Paz, celebrado no primeiro dia deste ano, recorda o Papa Jo\u00e3o Paulo II em sua mensagem com o tema Paz com &hellip;<\/p>\n<p class=\"read-more\"> <a class=\"\" href=\"https:\/\/www.cnbb.org.br\/ecologia-humana\/\"> <span class=\"screen-reader-text\">Ecologia Humana<\/span> Leia mais &raquo;<\/a><\/p>\n","protected":false},"author":83,"featured_media":0,"comment_status":"open","ping_status":"open","sticky":false,"template":"","format":"standard","meta":{"site-sidebar-layout":"default","site-content-layout":"default","ast-global-header-display":"","ast-banner-title-visibility":"","ast-main-header-display":"","ast-hfb-above-header-display":"","ast-hfb-below-header-display":"","ast-hfb-mobile-header-display":"","site-post-title":"","ast-breadcrumbs-content":"","ast-featured-img":"","footer-sml-layout":"","theme-transparent-header-meta":"","adv-header-id-meta":"","stick-header-meta":"","header-above-stick-meta":"","header-main-stick-meta":"","header-below-stick-meta":""},"categories":[758],"tags":[],"acf":[],"_links":{"self":[{"href":"https:\/\/www.cnbb.org.br\/cnbb-app\/wp\/v2\/posts\/10909"}],"collection":[{"href":"https:\/\/www.cnbb.org.br\/cnbb-app\/wp\/v2\/posts"}],"about":[{"href":"https:\/\/www.cnbb.org.br\/cnbb-app\/wp\/v2\/types\/post"}],"author":[{"embeddable":true,"href":"https:\/\/www.cnbb.org.br\/cnbb-app\/wp\/v2\/users\/83"}],"replies":[{"embeddable":true,"href":"https:\/\/www.cnbb.org.br\/cnbb-app\/wp\/v2\/comments?post=10909"}],"version-history":[{"count":0,"href":"https:\/\/www.cnbb.org.br\/cnbb-app\/wp\/v2\/posts\/10909\/revisions"}],"wp:attachment":[{"href":"https:\/\/www.cnbb.org.br\/cnbb-app\/wp\/v2\/media?parent=10909"}],"wp:term":[{"taxonomy":"category","embeddable":true,"href":"https:\/\/www.cnbb.org.br\/cnbb-app\/wp\/v2\/categories?post=10909"},{"taxonomy":"post_tag","embeddable":true,"href":"https:\/\/www.cnbb.org.br\/cnbb-app\/wp\/v2\/tags?post=10909"}],"curies":[{"name":"wp","href":"https:\/\/api.w.org\/{rel}","templated":true}]}}