{"id":10969,"date":"2010-02-02T00:00:00","date_gmt":"2010-02-02T02:00:00","guid":{"rendered":"https:\/\/www.cnbb.org.br\/pastoral-cibernetica\/"},"modified":"2010-02-02T00:00:00","modified_gmt":"2010-02-02T02:00:00","slug":"pastoral-cibernetica","status":"publish","type":"post","link":"https:\/\/www.cnbb.org.br\/pastoral-cibernetica\/","title":{"rendered":"Pastoral Cibern\u00e9tica"},"content":{"rendered":"<p style=\"text-align: justify\">Enquanto em nosso pa\u00eds discute-se se todos t\u00eam o direito humano \u00e0 utiliza\u00e7\u00e3o por todos dos meios de comunica\u00e7\u00e3o e \u00e0 liberdade de informa\u00e7\u00e3o devido a algumas tentativas de exclus\u00e3o, imposi\u00e7\u00f5es e censuras \u2013 e temos exemplos pr\u00f3ximos de n\u00f3s dessa nova maneira de conceber a democracia \u2013, a Igreja prepara-se para celebrar mais um Dia Mundial das Comunica\u00e7\u00f5es. Este foi o \u00fanico \u201cdia\u201d criado pelo documento do Conc\u00edlio, que foi um dos dois primeiros a serem aprovados \u2013 o da Comunica\u00e7\u00e3o!<\/p>\n<div style=\"text-align: justify\">  <!--more-->  <\/div>\n<p style=\"text-align: justify\">Neste Ano Sacerdotal, o Santo Padre dirige-se diretamente aos sacerdotes, mas a mensagem \u00e9 v\u00e1lida para toda a Igreja, principalmente neste tempo de tanta comunica\u00e7\u00e3o.<\/p>\n<p style=\"text-align: justify\">A mensagem do Papa Bento XVI para o 44\u00b0 Dia Mundial das Comunica\u00e7\u00f5es, a ser celebrado no domingo, dia 16 de maio, que no Brasil coincide com o Dia da Ascens\u00e3o do Senhor, trata da evangeliza\u00e7\u00e3o no mundo digital. O tema para este ano, no contexto do Ano Sacerdotal, figura assim: \u201cO sacerdote e a pastoral no mundo digital: os novos media ao servi\u00e7o da Palavra\u201d. Esta mensagem mostra intensamente a solicitude papal de pastor empenhado em prol da difus\u00e3o da mensagem do Evangelho. O apelo que faz aos sacerdotes de toda a Igreja revela como o seu cora\u00e7\u00e3o arde de amor pela causa da difus\u00e3o da Boa-Nova de Jesus Cristo. Ele tem profunda consci\u00eancia de que o encontro do homem de hoje com Jesus \u00e9, como sempre foi, um evento de primeira import\u00e2ncia. Por isso, n\u00e3o mede esfor\u00e7os para promover, como pastor universal da Igreja, a amizade verdadeira com Cristo, amizade decisiva, capaz de imprimir \u00e0 vida uma nova dire\u00e7\u00e3o e um colorido novo. O ardor do cora\u00e7\u00e3o mission\u00e1rio do Papa quer atingir os cora\u00e7\u00f5es dos sacerdotes e dos fi\u00e9is de toda a Igreja. O Evangelho deve ser comunicado! A Palavra deve ser anunciada! Os sacramentos da salva\u00e7\u00e3o devem ser administrados! O servi\u00e7o da caridade jamais pode cessar! Na verdade, a Igreja existe para Deus e para abrir aos homens acesso a Deus, promovendo a fraternidade entre os membros da fam\u00edlia humana, que deve tornar-se, cada vez mais, fam\u00edlia de Deus. Assim, a comunica\u00e7\u00e3o n\u00e3o pode faltar!<\/p>\n<p style=\"text-align: justify\">Bento XVI pede aos sacerdotes que lancem m\u00e3o dos meios modernos de comunica\u00e7\u00e3o, principalmente daqueles que nos \u00faltimos anos conheceram uma larga difus\u00e3o, como a internet, a fim de que a mensagem de Jesus Cristo possa difundir-se de modo eficaz no mundo contempor\u00e2neo. Os homens, que cada vez mais se valem dos novos meios de comunica\u00e7\u00e3o, devem ouvir, atrav\u00e9s deles, tamb\u00e9m o an\u00fancio de Deus e do seu Filho amado, nosso Redentor. Disse o Papa com muito acerto e com a vis\u00e3o de um pastor que quer sempre acompanhar de perto as ovelhas que Cristo lhe confiou: \u201cTamb\u00e9m no mundo digital deve ficar patente que a amorosa aten\u00e7\u00e3o de Deus em Cristo por n\u00f3s n\u00e3o \u00e9 algo do passado nem uma teoria erudita, mas uma realidade absolutamente concreta e atual. De fato, a pastoral no mundo digital h\u00e1 de conseguir mostrar, aos homens do nosso tempo e \u00e0 humanidade desorientada de hoje, que \u2018Deus est\u00e1 pr\u00f3ximo, que, em Cristo, somos todos parte uns dos outros\u2019\u201d. E lan\u00e7a a pergunta, que \u00e9 um desafio para os sacerdotes: \u201cQuem melhor do que um homem de Deus poder\u00e1 desenvolver e p\u00f4r em pr\u00e1tica, mediante as pr\u00f3prias compet\u00eancias no \u00e2mbito dos novos meios digitais, uma pastoral que torne Deus vivo e atual na realidade de hoje e apresente a sabedoria religiosa do passado como riqueza donde haurir para se viver dignamente o tempo presente e construir adequada mente o futuro?\u201d<\/p>\n<p style=\"text-align: justify\">Muitas vezes a difus\u00e3o de mentiras e cal\u00fanias s\u00e3o t\u00e3o difundidas que parecem tornar-se verdadeiras, e n\u00f3s n\u00e3o estamos presentes no meio digital para dar a alternativa da verdade, restaurando-a ou anunciando-a. O grande segredo de toda comunica\u00e7\u00e3o cat\u00f3lica \u00e9 a pessoa que est\u00e1 por tr\u00e1s do teclado, da c\u00e2mera, do microfone, da dire\u00e7\u00e3o \u2013 se tiver princ\u00edpios crist\u00e3os todo o trabalho ser\u00e1 de utilidade para a vida humana com dignidade.<\/p>\n<p style=\"text-align: justify\">A Igreja, com seus sacerdotes, deve levar a s\u00e9rio as palavras do Santo Padre. O \u00eaxito de sua miss\u00e3o evangelizadora depende, em parte, de seu empenho efetivo no campo dos modernos meios de comunica\u00e7\u00e3o, este vasto horizonte mission\u00e1rio que nos foi aberto. \u00c9 certo, por\u00e9m, e os sacerdotes est\u00e3o conscientes disto, que o an\u00fancio atrav\u00e9s dos novos media n\u00e3o substitui, de maneira alguma, o contato pessoal e a vida comunit\u00e1ria do Povo de Deus. Ali\u00e1s, todo an\u00fancio da f\u00e9 deve refor\u00e7ar concretamente os la\u00e7os que nos unem a Cristo e entre n\u00f3s, tornando aut\u00eantica a nossa vida comunit\u00e1ria, e benfazeja a nossa presen\u00e7a amiga entre os irm\u00e3os. Os sacramentos da nossa f\u00e9, que significam e comunicam eficazmente a gra\u00e7a da Reden\u00e7\u00e3o, s\u00f3 podem acontecer no \u00e2mbito bem concreto da vida comunit\u00e1ria da Igreja. E o servi\u00e7o da caridade, do qual a Igreja jamais descuida, n\u00e3o pode renunciar ao contato vivo com o irm\u00e3o. Desse modo, o empenho do sacerdote no an\u00fancio do Evangelho atrav\u00e9s dos novos recursos e meios de comunica\u00e7\u00e3o que o mundo atual nos disponibiliza deve contribuir para promover e refor\u00e7ar os la\u00e7os da uni\u00e3o dos homens com Deus e da unidade dos homens entre si.<\/p>\n<p style=\"text-align: justify\">No texto da mensagem, o Santo Padre fala da \u201cdiaconia da cultura\u201d que a Igreja \u00e9 chamada a exercer. Com efeito, a cultura \u00e9 o espa\u00e7o onde o homem acontece. O homem gera a cultura, mas tamb\u00e9m \u00e9 gerado por ela. A cultura, assim, pode ajudar o homem a desenvolver suas ricas potencialidades, mas tamb\u00e9m pode impor-lhe graves limita\u00e7\u00f5es. Prestar um servi\u00e7o \u00e0 cultura, no sentido de torn\u00e1-la mais humanizada e humanizante, \u00e9 dever de todos n\u00f3s. E a Igreja sabe que o aut\u00eantico humanismo n\u00e3o coloca Deus entre par\u00eanteses. Sem Deus nenhum humanismo \u00e9 verdadeiramente tal. A cultura precisa de Deus, porque o homem tem sede de Deus. Como ser naturalmente religioso, o homem s\u00f3 encontra o sentido \u00faltimo de sua exist\u00eancia tendo como refer\u00eancia fundamental o relacionamento com Deus. Santo Agostinho, grande conhecedor da condi\u00e7\u00e3o humana, o exprimiu atrav\u00e9s de palavras que se tornaram c\u00e9lebres: \u201cFizestes-nos, Senhor, para v\u00f3s, e nosso cora\u00e7\u00e3o estar\u00e1 inquieto enquanto n\u00e3o repousar em v\u00f3s\u201d (Confiss\u00f5es I, 1).<\/p>\n<p style=\"text-align: justify\">Assim, presta-se grand\u00edssimo servi\u00e7o \u00e0 cultura quando a Igreja anuncia a Palavra de Deus, do Deus cheio de poder e de bondade que se manifestou em Jesus Cristo. Os sacerdotes, valendo-se da nova \u201c\u00e1gora\u201d dos tempos atuais, os novos media, contribuir\u00e3o de modo decisivo para o incremento da cultura e o engrandecimento do homem de hoje. At\u00e9 mesmo aqueles para os quais o Deus que nos fala em Jesus \u00e9 ainda um desconhecido poder\u00e3o ser atingidos, conforme as palavras do Papa: \u201cDo mesmo modo que o profeta Isa\u00edas chegou a imaginar uma casa de ora\u00e7\u00e3o para todos os povos (cf. Is 56,7), n\u00e3o se poder\u00e1 porventura prever que a internet possa dar espa\u00e7o \u2013 como o \u2018p\u00e1tio dos gentios\u2019 \u2013 do Templo de Jerusal\u00e9m tamb\u00e9m \u00e0queles para quem Deus \u00e9 ainda um desconhecido?\u201d Os novos meios de comunica\u00e7\u00e3o constituem, na verdade, como bem disse Bento XVI, um \u201ccontinente digital\u201d, um amplo continente que est\u00e1 a reclamar a presen\u00e7a do an\u00fancio salv\u00edfico. Avancemos para as \u00e1guas mais profundas!<\/p>\n","protected":false},"excerpt":{"rendered":"<p>Enquanto em nosso pa\u00eds discute-se se todos t\u00eam o direito humano \u00e0 utiliza\u00e7\u00e3o por todos dos meios de comunica\u00e7\u00e3o e \u00e0 liberdade de informa\u00e7\u00e3o devido a algumas tentativas de exclus\u00e3o, imposi\u00e7\u00f5es e censuras \u2013 e temos exemplos pr\u00f3ximos de n\u00f3s dessa nova maneira de conceber a democracia \u2013, a Igreja prepara-se para celebrar mais um &hellip;<\/p>\n<p class=\"read-more\"> <a class=\"\" href=\"https:\/\/www.cnbb.org.br\/pastoral-cibernetica\/\"> <span class=\"screen-reader-text\">Pastoral Cibern\u00e9tica<\/span> Leia mais &raquo;<\/a><\/p>\n","protected":false},"author":83,"featured_media":0,"comment_status":"open","ping_status":"open","sticky":false,"template":"","format":"standard","meta":{"site-sidebar-layout":"default","site-content-layout":"default","ast-global-header-display":"","ast-banner-title-visibility":"","ast-main-header-display":"","ast-hfb-above-header-display":"","ast-hfb-below-header-display":"","ast-hfb-mobile-header-display":"","site-post-title":"","ast-breadcrumbs-content":"","ast-featured-img":"","footer-sml-layout":"","theme-transparent-header-meta":"","adv-header-id-meta":"","stick-header-meta":"","header-above-stick-meta":"","header-main-stick-meta":"","header-below-stick-meta":""},"categories":[758],"tags":[],"acf":[],"_links":{"self":[{"href":"https:\/\/www.cnbb.org.br\/cnbb-app\/wp\/v2\/posts\/10969"}],"collection":[{"href":"https:\/\/www.cnbb.org.br\/cnbb-app\/wp\/v2\/posts"}],"about":[{"href":"https:\/\/www.cnbb.org.br\/cnbb-app\/wp\/v2\/types\/post"}],"author":[{"embeddable":true,"href":"https:\/\/www.cnbb.org.br\/cnbb-app\/wp\/v2\/users\/83"}],"replies":[{"embeddable":true,"href":"https:\/\/www.cnbb.org.br\/cnbb-app\/wp\/v2\/comments?post=10969"}],"version-history":[{"count":0,"href":"https:\/\/www.cnbb.org.br\/cnbb-app\/wp\/v2\/posts\/10969\/revisions"}],"wp:attachment":[{"href":"https:\/\/www.cnbb.org.br\/cnbb-app\/wp\/v2\/media?parent=10969"}],"wp:term":[{"taxonomy":"category","embeddable":true,"href":"https:\/\/www.cnbb.org.br\/cnbb-app\/wp\/v2\/categories?post=10969"},{"taxonomy":"post_tag","embeddable":true,"href":"https:\/\/www.cnbb.org.br\/cnbb-app\/wp\/v2\/tags?post=10969"}],"curies":[{"name":"wp","href":"https:\/\/api.w.org\/{rel}","templated":true}]}}