{"id":10997,"date":"2008-10-06T00:00:00","date_gmt":"2008-10-06T03:00:00","guid":{"rendered":"https:\/\/www.cnbb.org.br\/a-palavra-de-deus-na-vida-e-na-missao-da-igreja\/"},"modified":"2008-10-06T00:00:00","modified_gmt":"2008-10-06T03:00:00","slug":"a-palavra-de-deus-na-vida-e-na-missao-da-igreja","status":"publish","type":"post","link":"https:\/\/www.cnbb.org.br\/a-palavra-de-deus-na-vida-e-na-missao-da-igreja\/","title":{"rendered":"A Palavra de Deus na vida e na miss\u00e3o da Igreja"},"content":{"rendered":"<p style=\"text-align: justify\">Ontem, na Bas\u00edlica S\u00e3o Paulo Fora dos Muros, o Papa Bento XVI inaugurou a XII Assembl\u00e9ia Geral Ordin\u00e1ria do S\u00ednodo dos Bispos com a celebra\u00e7\u00e3o eucar\u00edstica. O tema deste S\u00ednodo \u00e9 A Palavra de Deus na vida e na miss\u00e3o da Igreja. Participam 253 padres sinodais: 51 da \u00c1frica, 62 da Am\u00e9rica, 41 da \u00c1sia, 90 da Europa e 9 da Oceania. Al\u00e9m deles numerosos especialistas e auditores, homens e mulheres, assim como delegados fraternos das demais igrejas e comunidades eclesiais.<\/p>\n<p>  <!--more-->  <\/p>\n<p style=\"text-align: justify\">O S\u00ednodo dos Bispos \u00e9 uma institui\u00e7\u00e3o permanente da Igreja, criada pelo servo de Deus Paulo VI, em 15 de setembro de 1965, em resposta ao anseio dos Bispos no Conc\u00edlio Vaticano II (1962-1965), de manter vivo o esp\u00edrito da colegialidade. A origem da palavra s\u00ednodo \u00e9 grega e significa \u201ccaminhar juntos\u201d.<\/p>\n<p style=\"text-align: justify\">Um s\u00ednodo \u00e9 um encontro religioso ou assembl\u00e9ia na qual alguns bispos reunidos com o papa t\u00eam a oportunidade de trocar informa\u00e7\u00f5es e partilhar experi\u00eancias com o objetivo comum de buscar solu\u00e7\u00f5es pastorais que tenham validade e aplica\u00e7\u00e3o universal. O s\u00ednodo representa o episcopado cat\u00f3lico e tem como tarefa ajudar o papa no governo da Igreja universal dando-lhe seu conselho. A principal caracter\u00edstica do S\u00ednodo dos Bispos \u00e9 o servi\u00e7o \u00e0 comunh\u00e3o e \u00e0 colegialidade de todos os bispos com o papa.<\/p>\n<p style=\"text-align: justify\">As sess\u00f5es de trabalho do s\u00ednodo come\u00e7am nesta segunda-feira com uma medita\u00e7\u00e3o do papa. Pela manh\u00e3 os padres sinodais far\u00e3o suas interven\u00e7\u00f5es e \u00e0 tarde haver\u00e1 cinco palestras sobre a rela\u00e7\u00e3o com a Palavra de Deus nos cinco continentes. O primeiro dia de trabalho ser\u00e1 encerrado com as interven\u00e7\u00f5es do rabino chefe de Haifa (Israel) Shear Yashyv Cohen, e do biblista, cardeal Albert Vanhoye.<\/p>\n","protected":false},"excerpt":{"rendered":"<p>Ontem, na Bas\u00edlica S\u00e3o Paulo Fora dos Muros, o Papa Bento XVI inaugurou a XII Assembl\u00e9ia Geral Ordin\u00e1ria do S\u00ednodo dos Bispos com a celebra\u00e7\u00e3o eucar\u00edstica. O tema deste S\u00ednodo \u00e9 A Palavra de Deus na vida e na miss\u00e3o da Igreja. Participam 253 padres sinodais: 51 da \u00c1frica, 62 da Am\u00e9rica, 41 da \u00c1sia, &hellip;<\/p>\n<p class=\"read-more\"> <a class=\"\" href=\"https:\/\/www.cnbb.org.br\/a-palavra-de-deus-na-vida-e-na-missao-da-igreja\/\"> <span class=\"screen-reader-text\">A Palavra de Deus na vida e na miss\u00e3o da Igreja<\/span> Leia mais &raquo;<\/a><\/p>\n","protected":false},"author":83,"featured_media":0,"comment_status":"open","ping_status":"open","sticky":false,"template":"","format":"standard","meta":{"site-sidebar-layout":"default","site-content-layout":"default","ast-global-header-display":"","ast-banner-title-visibility":"","ast-main-header-display":"","ast-hfb-above-header-display":"","ast-hfb-below-header-display":"","ast-hfb-mobile-header-display":"","site-post-title":"","ast-breadcrumbs-content":"","ast-featured-img":"","footer-sml-layout":"","theme-transparent-header-meta":"","adv-header-id-meta":"","stick-header-meta":"","header-above-stick-meta":"","header-main-stick-meta":"","header-below-stick-meta":""},"categories":[758],"tags":[],"acf":[],"_links":{"self":[{"href":"https:\/\/www.cnbb.org.br\/cnbb-app\/wp\/v2\/posts\/10997"}],"collection":[{"href":"https:\/\/www.cnbb.org.br\/cnbb-app\/wp\/v2\/posts"}],"about":[{"href":"https:\/\/www.cnbb.org.br\/cnbb-app\/wp\/v2\/types\/post"}],"author":[{"embeddable":true,"href":"https:\/\/www.cnbb.org.br\/cnbb-app\/wp\/v2\/users\/83"}],"replies":[{"embeddable":true,"href":"https:\/\/www.cnbb.org.br\/cnbb-app\/wp\/v2\/comments?post=10997"}],"version-history":[{"count":0,"href":"https:\/\/www.cnbb.org.br\/cnbb-app\/wp\/v2\/posts\/10997\/revisions"}],"wp:attachment":[{"href":"https:\/\/www.cnbb.org.br\/cnbb-app\/wp\/v2\/media?parent=10997"}],"wp:term":[{"taxonomy":"category","embeddable":true,"href":"https:\/\/www.cnbb.org.br\/cnbb-app\/wp\/v2\/categories?post=10997"},{"taxonomy":"post_tag","embeddable":true,"href":"https:\/\/www.cnbb.org.br\/cnbb-app\/wp\/v2\/tags?post=10997"}],"curies":[{"name":"wp","href":"https:\/\/api.w.org\/{rel}","templated":true}]}}