{"id":11066,"date":"2008-09-18T00:00:00","date_gmt":"2008-09-18T03:00:00","guid":{"rendered":"https:\/\/www.cnbb.org.br\/vocacao-e-missao-do-catequista\/"},"modified":"2008-09-18T00:00:00","modified_gmt":"2008-09-18T03:00:00","slug":"vocacao-e-missao-do-catequista","status":"publish","type":"post","link":"https:\/\/www.cnbb.org.br\/vocacao-e-missao-do-catequista\/","title":{"rendered":"Voca\u00e7\u00e3o e Miss\u00e3o do Catequista"},"content":{"rendered":"<p style=\"text-align: justify\">Em sua mensagem aos catequistas, Dom Eug\u00eanio Rixen, Presidente da Comiss\u00e3o Episcopal para Anima\u00e7\u00e3o B\u00edblico-Catequ\u00e9tica da CNBB, destaca os preparativos para o Ano Catequ\u00e9tico e a miss\u00e3o do catequista, que \u00e9 \u201cnutrir e manter acesa a chama da esperan\u00e7a e da f\u00e9, pedindo ao Senhor que permane\u00e7a nas fam\u00edlias, nas comunidades, na Igreja-Comunh\u00e3o, espa\u00e7o privilegiado da partilha, onde todos se sentem fam\u00edlia, membros de um s\u00f3 corpo, porque reconhecem o Cristo partido e repartido n\u00e3o somente na eucaristia, mas na vida dos irm\u00e3os e irm\u00e3s e que a Boa Nova chegue aos cora\u00e7\u00f5es e desperte a solidariedade, a inclus\u00e3o e a justi\u00e7a.<\/p>\n<p>  <!--more-->  <\/p>\n<p style=\"text-align: justify\">Reconhecemos a import\u00e2ncia deste minist\u00e9rio para a vida da Igreja; milhares de catequistas cumpriram e continuam cumprindo, com determina\u00e7\u00e3o e amor, a miss\u00e3o que Deus lhes confiou neste ch\u00e3o de Rond\u00f4nia. Nas visitas pastorais constato que, mesmo nas comunidades mais distantes, sempre tem a catequese, mesmo que ningu\u00e9m tenha feito algum curso ou participado de algum encontro. Sempre vai haver uma pessoa que acolhe a inspira\u00e7\u00e3o\u00a0 de Deus e come\u00e7a a reunir os jovens e as crian\u00e7as para educ\u00e1-los na f\u00e9. H\u00e1 comunidades que s\u00e3o verdadeiras express\u00f5es da catequese de adultos; favorecem uma educa\u00e7\u00e3o da f\u00e9, ligada mais \u00e0 vida da\u00a0 comunidade. Pela catequese a gra\u00e7a de Deus \u00e9 acolhida, as mentes se abrem para a verdade do Evangelho, e os cora\u00e7\u00f5es s\u00e3o motivados para a viv\u00eancia fraterna (D.Valentim).<\/p>\n<p style=\"text-align: justify\">Existe uma verdadeira multid\u00e3o de abnegados catequistas, que testemunham a gratuidade da f\u00e9, dom de Deus, n\u00e3o s\u00f3 pela maneira gratuita como eles mesmos desempenham seu minist\u00e9rio, mas, sobretudo, porque manifestam a for\u00e7a de Deus, que os envolve, e torna-os instrumentos da a\u00e7\u00e3o poderosa do Pai que continua atraindo todos para o seu Filho, a presen\u00e7a de Jesus que revela sua verdade, e a atua\u00e7\u00e3o do Esp\u00edrito que vai suscitando a comunh\u00e3o eclesial, reflexo da comunh\u00e3o trinit\u00e1ria. \u00c9 dentro desta din\u00e2mica divina que o catequista se sente envolvido.\u00a0 Por isto ele se torna a media\u00e7\u00e3o humana do encontro que Deus quer ter com cada pessoa. A verdadeira catequese precisa levar ao encontro pessoal com o Deus vivo, por meio de Jesus Cristo e na comunidade eclesial.<\/p>\n<p style=\"text-align: justify\">Um aut\u00eantica catequese ajudar\u00e1 a introduzir os catequizandos nos \u201clugares\u201d conhecidos do encontro com Deus, como a leitura orante da palavra de Deus, o exerc\u00edcio da ora\u00e7\u00e3o pessoal e comunit\u00e1ria, a experi\u00eancia da participa\u00e7\u00e3o na vida eclesial, a participa\u00e7\u00e3o na Eucaristia e nos demais sacramentos, a pr\u00e1tica da caridade fraterna e a vida moral coerente com o Reino de Deus anunciado por Jesus. Pela atua\u00e7\u00e3o dos catequistas, a op\u00e7\u00e3o religiosa n\u00e3o ser\u00e1 somente consentimento intelectual \u00e0s formula\u00e7\u00f5es doutrin\u00e1rias, com\u00a0 risco de superficialidade ou de fanatismos, mas se tornar\u00e1 ades\u00e3o pessoal, permeada de valores humanos e crist\u00e3os, que\u00a0 os catequistas transmitem por seu testemunho de vida.<\/p>\n<p style=\"text-align: justify\">Um texto bonito de liturgia na festa dos ap\u00f3stolos diz assim: \u201cVossos amigos, Senhor, anunciam a gl\u00f3ria do vosso nome!\u201d Os disc\u00edpulos s\u00e3o verdadeiros amigos de Jesus Cristo, que os introduz na intimidade com Deus. A catequese \u00e9 a\u00e7\u00e3o dos verdadeiros amigos de Deus. A catequese eficaz leva \u00e0 amizade com Deus. E leva a doar a vida pelos irm\u00e3os incondicionalmente.<\/p>\n<h4 style=\"text-align: justify\">Carta de Dom Cl\u00e1udio Hummes aos Catequistas<\/h4>\n<p style=\"text-align: justify\">Ao dirigir-se aos catequistas do mundo inteiro, Dom Cla\u00fadio Hummes, afirma que na \u201cAm\u00e9rica Latina e Central, ainda que n\u00e3o exclusivamente, existem\u00a0 catequistas assassinados por serem catequistas, isto \u00e9, testemunhas e anunciadores de Cristo e de uma verdade revolucion\u00e1ria: Deus ama o homem\u201d.Al\u00e9m disso, existem catequistas m\u00e1rtires j\u00e1 beatificados. \u00c8 um ex\u00e9rcito imponente presente no mundo inteiro, sempre em primeira linha. A Igreja lhes deve muit\u00edssimo; o catequista \u00e9\u00a0 uma pessoa \u201ccapaz\u00a0 de cultivar rela\u00e7\u00f5es de amor aut\u00eanticas, e em um mundo freq\u00fcentemente sem esperan\u00e7a, alvo da viol\u00eancia e do ego\u00edsmo, cada gesto do catequista, cada sorriso, cada palavra, dever ser um testemunho de que o Senhor ama o homem\u201d, acrescenta.<\/p>\n<p style=\"text-align: justify\">Por tudo isso, o catequista deve ser um verdadeiro disc\u00edpulo de Jesus Cristo, uma pessoa que j\u00e1 encontrou Cristo, que\u00a0 fez uma escolha pessoal e comunit\u00e1ria por Cristo, uma pessoa em escuta e busca cont\u00ednua de Cristo, orientada para Ele no cora\u00e7\u00e3o da Igreja, fiel aos seus ensinamentos.\u00a0 \u00c9 fundamental que o catequista tenha uma forma\u00e7\u00e3o suficiente para a sua miss\u00e3o, adaptando-se \u00e0 regi\u00e3o em que est\u00e1 vivendo, consciente que \u00e9 necess\u00e1rio transmitir a catequese em sua integridade e n\u00e3o somente uma parte. Este \u00e9 o seu conselho aos catequistas: \u201cFazer que entendam que Deus nos ama\u201d; devemos repetir de que Deus nos ama. S\u00f3 seremos capazes de amar a Deus se antes tivermos a experi\u00eancia de que Ele nos ama.<\/p>\n<h4 style=\"text-align: justify\">O Ano Catequ\u00e9tico e o 12\u00ba Intereclesial de CEB&#8217;S<\/h4>\n<p style=\"text-align: justify\">Neste dia dos Catequistas, convocamos todos os catequistas a concentrarem seus esfor\u00e7os na prepara\u00e7\u00e3o dos grandes eventos de 2009: a realiza\u00e7\u00e3o do 12\u00b0 Intereclesial das Cebs \u2013 21 a 25 de julho em Porto Velho -, conclus\u00e3o do ano paulino (junho 2009) e a Celebra\u00e7\u00e3o do Ano Catequ\u00e9tico, que culminar\u00e1 com a 3\u00aa Semana Brasileira de Catequese de 06 a 11 de outubro de 2009,\u00a0 que tem como tema: \u201cCatequese, caminho para o discipulado e lema: \u201cNosso cora\u00e7\u00e3o arde, quando ele fala, explica as escrituras e parte o p\u00e3o\u201d (Lc 24,13-35).<\/p>\n<p style=\"text-align: justify\">O texto-base est\u00e1 centrado na inicia\u00e7\u00e3o \u00e0 vida crist\u00e3, no discipulado mission\u00e1rio, \u00e0 luz do itiner\u00e1rio dos disc\u00edpulos de Em\u00e1us (Lc 24,13-35). Fortalece a unidade entre f\u00e9 e vida nas\u00a0 Cebs:\u201d \u201cNas comunidades eclesiais de base se desenvolve uma catequese fecunda, atrav\u00e9s do clima fraterno, como ambiente adequado para uma a\u00e7\u00e3o catequ\u00e9tica integral\u201d . (TB 126 f)<\/p>\n<p style=\"text-align: justify\">O\u00a0 Ano Catequ\u00e9tico tem como objetivo dar novo impulso \u00e0 catequese como servi\u00e7o eclesial, caminho para\u00a0 o discipulado, seguimento e miss\u00e3o, recuperando a concep\u00e7\u00e3o de catequese como processo permanente de educa\u00e7\u00e3o da f\u00e9\u00a0 capaz de atingir a todos, n\u00e3o somente as crian\u00e7as, adolescentes, jovens, mas especialmente aos adultos e que se constitua num itiner\u00e1rio catequ\u00e9tico permanente (DA 298). A sociedade sofreu mudan\u00e7as r\u00e1pidas e profundas, o pluralismo religioso, a seculariza\u00e7\u00e3o, a banaliza\u00e7\u00e3o do sagrado e dos valores evang\u00e9licos, o subjetivismo. Estes\u00a0 desafios necessitam ser assumidos pela Igreja com seriedade e zelo pastoral, por isso, o eixo norteador de todas as atividades sugeridas para o Ano Catequ\u00e9tico est\u00e3o direcionadas \u00e0 forma\u00e7\u00e3o para o discipulado numa Igreja que prioriza a Inicia\u00e7\u00e3o \u00e0 Vida Crist\u00e3 em vista da miss\u00e3o e do Reino da Vida.<\/p>\n<p style=\"text-align: justify\">Como se insere no processo de recep\u00e7\u00e3o do Documento de Aparecida e das Novas Diretrizes e demais eventos eclesiais, o Ano Catequ\u00e9tico vai impulsionar e dinamizar toda a caminhada pastoral da Igreja.<\/p>\n<h4 style=\"text-align: right\">Dom Moacyr Grechi<\/h4>\n<p style=\"text-align: justify\"><span style=\"font-size: 8pt\">A mat\u00e9ria que segue foi publicada no Jornal \u201cEstad\u00e3o\u201d, edi\u00e7\u00e3o de domingo 31\/08\/2008, de autoria do arcebispo Dom Moacyr Grechi de Porto Velho-RO.\u00a0 O texto reflete a voca\u00e7\u00e3o e miss\u00e3o do catequista. E ainda a import\u00e2ncia que o evento do Ano Catequ\u00e9tico esteja em conson\u00e2ncia com os demais eventos eclesiais, de modo especial, com o 12\u00b0 Intereclesial de CEB\u201dS. Isso vem confirmar um dos principais objetivos do evento, que n\u00e3o se restringe somente a catequese, mas que \u00e9 para TODA A IGREJA. <\/span><\/p>\n","protected":false},"excerpt":{"rendered":"<p>Em sua mensagem aos catequistas, Dom Eug\u00eanio Rixen, Presidente da Comiss\u00e3o Episcopal para Anima\u00e7\u00e3o B\u00edblico-Catequ\u00e9tica da CNBB, destaca os preparativos para o Ano Catequ\u00e9tico e a miss\u00e3o do catequista, que \u00e9 \u201cnutrir e manter acesa a chama da esperan\u00e7a e da f\u00e9, pedindo ao Senhor que permane\u00e7a nas fam\u00edlias, nas comunidades, na Igreja-Comunh\u00e3o, espa\u00e7o privilegiado &hellip;<\/p>\n<p class=\"read-more\"> <a class=\"\" href=\"https:\/\/www.cnbb.org.br\/vocacao-e-missao-do-catequista\/\"> <span class=\"screen-reader-text\">Voca\u00e7\u00e3o e Miss\u00e3o do Catequista<\/span> Leia mais &raquo;<\/a><\/p>\n","protected":false},"author":83,"featured_media":0,"comment_status":"open","ping_status":"open","sticky":false,"template":"","format":"standard","meta":{"site-sidebar-layout":"default","site-content-layout":"default","ast-global-header-display":"","ast-banner-title-visibility":"","ast-main-header-display":"","ast-hfb-above-header-display":"","ast-hfb-below-header-display":"","ast-hfb-mobile-header-display":"","site-post-title":"","ast-breadcrumbs-content":"","ast-featured-img":"","footer-sml-layout":"","theme-transparent-header-meta":"","adv-header-id-meta":"","stick-header-meta":"","header-above-stick-meta":"","header-main-stick-meta":"","header-below-stick-meta":""},"categories":[758],"tags":[],"acf":[],"_links":{"self":[{"href":"https:\/\/www.cnbb.org.br\/cnbb-app\/wp\/v2\/posts\/11066"}],"collection":[{"href":"https:\/\/www.cnbb.org.br\/cnbb-app\/wp\/v2\/posts"}],"about":[{"href":"https:\/\/www.cnbb.org.br\/cnbb-app\/wp\/v2\/types\/post"}],"author":[{"embeddable":true,"href":"https:\/\/www.cnbb.org.br\/cnbb-app\/wp\/v2\/users\/83"}],"replies":[{"embeddable":true,"href":"https:\/\/www.cnbb.org.br\/cnbb-app\/wp\/v2\/comments?post=11066"}],"version-history":[{"count":0,"href":"https:\/\/www.cnbb.org.br\/cnbb-app\/wp\/v2\/posts\/11066\/revisions"}],"wp:attachment":[{"href":"https:\/\/www.cnbb.org.br\/cnbb-app\/wp\/v2\/media?parent=11066"}],"wp:term":[{"taxonomy":"category","embeddable":true,"href":"https:\/\/www.cnbb.org.br\/cnbb-app\/wp\/v2\/categories?post=11066"},{"taxonomy":"post_tag","embeddable":true,"href":"https:\/\/www.cnbb.org.br\/cnbb-app\/wp\/v2\/tags?post=11066"}],"curies":[{"name":"wp","href":"https:\/\/api.w.org\/{rel}","templated":true}]}}