{"id":11068,"date":"2008-08-25T00:00:00","date_gmt":"2008-08-25T03:00:00","guid":{"rendered":"https:\/\/www.cnbb.org.br\/o-ser-do-catequista-seu-rosto-humano-e-cristao\/"},"modified":"2008-08-25T00:00:00","modified_gmt":"2008-08-25T03:00:00","slug":"o-ser-do-catequista-seu-rosto-humano-e-cristao","status":"publish","type":"post","link":"https:\/\/www.cnbb.org.br\/o-ser-do-catequista-seu-rosto-humano-e-cristao\/","title":{"rendered":"O Ser do Catequista, seu rosto humano e crist\u00e3o"},"content":{"rendered":"<p style=\"text-align: justify\">Na semana que antecede a celebra\u00e7\u00e3o do Dia do\/a Catequista,\u00a0 31 de agosto, a Comiss\u00e3o para a Anima\u00e7\u00e3o B\u00edblico-Catequ\u00e9tica apresenta\u00a0 uma s\u00e9rie de reflex\u00f5es a partir\u00a0 do\u00a0 Diret\u00f3rio Nacional de Catequese (DNC 262-268), sobre o SER, SABER e SABER FAZER\u00a0 do\/a Catequista.<\/p>\n<p>  <!--more-->  <\/p>\n<p style=\"text-align: justify\">Num contexto de mudan\u00e7as\u00a0 r\u00e1pidas e profundas, a catequese \u00e9 interpelada a refletir e buscar novos paradigmas de forma\u00e7\u00e3o para catequistas. Somos provocados a viver uma experi\u00eancia exodal e de constante renova\u00e7\u00e3o, na tentativa de responder aos desafios de um novo tempo.<\/p>\n<p style=\"text-align: justify\">Por\u00e9m, n\u00e3o se pode perder de vista o sentido da voca\u00e7\u00e3o, a experi\u00eancia fundante do encontro com Jesus Cristo. A voca\u00e7\u00e3o do\/a catequista nasce no cora\u00e7\u00e3o do Pai, se realiza atrav\u00e9s do seguimento a Jesus Cristo quando o catequista responde SIM ao chamado e na for\u00e7a do Esp\u00edrito assume a miss\u00e3o. Portanto, a raiz trinit\u00e1ria, que \u00e9 fonte de toda voca\u00e7\u00e3o, sustenta a miss\u00e3o do catequista,\u00a0 chamado a Ser Profeta, embaixador de Cristo,\u00a0 falar em nome de Deus e da Igreja e testemunhar com sua vida os valores do Reino.\u00a0 Conforme afirma S\u00e3o Paulo: \u201cN\u00e3o \u00e9 a n\u00f3s mesmos que pregamos, mas a Jesus Cristo, o Senhor. Quanto a n\u00f3s, apresentamo-nos como servos vossos, por causa de Jesus\u201d\u00a0 (2 Cor 4,5).<\/p>\n<p style=\"text-align: justify\">Ser catequista \u00e9 dom, escolha divina, enraizada na hist\u00f3ria, na realidade com suas necessidades, desafios e interpela\u00e7\u00f5es. Portanto, o catequista necessita de uma forma\u00e7\u00e3o adequada que constituir\u00e1 o seu perfil como pessoa que ama viver e se sente realizada, entusiasmada, portadora do Ressuscitado, contagia a todos com a alegria de ser disc\u00edpula.<\/p>\n<p style=\"text-align: justify\">Pessoa de espiritualidade, segue o itiner\u00e1rio do Mestre e faz com Ele uma experi\u00eancia de vida e de f\u00e9.\u00a0 Aberta \u00e0s inspira\u00e7\u00f5es do Esp\u00edrito Santo, procura comunicar a mensagem com fidelidade. Ouvinte da Palavra, cultiva uma vida de ora\u00e7\u00e3o e busca nos sacramentos e na vida comunit\u00e1ria o alimento para o seu \u201cperegrinar\u201d.<\/p>\n<p style=\"text-align: justify\">Pessoa que sabe ler a presen\u00e7a de Deus nas atividades humanas, reconhece o rosto desfigurado de Deus nos pobres, nos injusti\u00e7ados, nos gestos de partilha e solidariedade e assume uma postura em defesa da vida amea\u00e7ada.\u00a0 O princ\u00edpio f\u00e9\/vida determina suas atitudes e lhe confere uma inteireza interior. \u00c9 o que afirma o Diret\u00f3rio Geral de Catequese 87: \u201ca f\u00e9 no seu conjunto, deve enraizar-se na experi\u00eancia humana, sem permanecer na pessoa como algo posti\u00e7o ou isolado. A vida pessoal \u00e9 uma oferta espiritual; a moral evang\u00e9lica assume e eleva os valores humanos; a ora\u00e7\u00e3o \u00e9 aberta aos problemas pessoais e sociais\u201d.<\/p>\n<p style=\"text-align: justify\">Enfim, o catequista \u00e9 uma pessoa que busca sua auto-forma\u00e7\u00e3o e procura atualizar-se. \u00c9 capaz de construir comunh\u00e3o, tecer novas rela\u00e7\u00f5es\u00a0 ao estar atento aos gestos que alimentam relacionamentos positivos. A comunica\u00e7\u00e3o, o di\u00e1logo, a comunh\u00e3o s\u00e3o elementos essenciais na trajet\u00f3ria do catequista disc\u00edpulo mission\u00e1rio, capazes de garantir o trabalho em equipe de uma forma participativa.<\/p>\n<p style=\"text-align: justify\">Ao elencar estes aspectos que configuram o perfil do catequista, \u00e9 importante o empenho e dedica\u00e7\u00e3o do catequista, afinal, \u00e9 um processo que desenvolve-se durante toda a vida. No entanto, torna-se vi\u00e1vel se houver investimento e co-responsabilidade das comunidades, das par\u00f3quias e dioceses na forma\u00e7\u00e3o dos seus agentes, principalmente, dos catequistas que na gratuidade do SER colocam-se a servi\u00e7o da Palavra e testemunham com a vida a presen\u00e7a do Ressuscitado.<\/p>\n<h4 style=\"text-align: right\">Ir. Z\u00e9lia Maria Batista<br \/>Assessora da Comiss\u00e3o Episcopal Pastoral<br \/>para a Anima\u00e7\u00e3o B\u00edblico-Catequ\u00e9tica<\/h4>\n","protected":false},"excerpt":{"rendered":"<p>Na semana que antecede a celebra\u00e7\u00e3o do Dia do\/a Catequista,\u00a0 31 de agosto, a Comiss\u00e3o para a Anima\u00e7\u00e3o B\u00edblico-Catequ\u00e9tica apresenta\u00a0 uma s\u00e9rie de reflex\u00f5es a partir\u00a0 do\u00a0 Diret\u00f3rio Nacional de Catequese (DNC 262-268), sobre o SER, SABER e SABER FAZER\u00a0 do\/a Catequista.<\/p>\n","protected":false},"author":83,"featured_media":0,"comment_status":"open","ping_status":"open","sticky":false,"template":"","format":"standard","meta":{"site-sidebar-layout":"default","site-content-layout":"default","ast-global-header-display":"","ast-banner-title-visibility":"","ast-main-header-display":"","ast-hfb-above-header-display":"","ast-hfb-below-header-display":"","ast-hfb-mobile-header-display":"","site-post-title":"","ast-breadcrumbs-content":"","ast-featured-img":"","footer-sml-layout":"","theme-transparent-header-meta":"","adv-header-id-meta":"","stick-header-meta":"","header-above-stick-meta":"","header-main-stick-meta":"","header-below-stick-meta":""},"categories":[758],"tags":[],"acf":[],"_links":{"self":[{"href":"https:\/\/www.cnbb.org.br\/cnbb-app\/wp\/v2\/posts\/11068"}],"collection":[{"href":"https:\/\/www.cnbb.org.br\/cnbb-app\/wp\/v2\/posts"}],"about":[{"href":"https:\/\/www.cnbb.org.br\/cnbb-app\/wp\/v2\/types\/post"}],"author":[{"embeddable":true,"href":"https:\/\/www.cnbb.org.br\/cnbb-app\/wp\/v2\/users\/83"}],"replies":[{"embeddable":true,"href":"https:\/\/www.cnbb.org.br\/cnbb-app\/wp\/v2\/comments?post=11068"}],"version-history":[{"count":0,"href":"https:\/\/www.cnbb.org.br\/cnbb-app\/wp\/v2\/posts\/11068\/revisions"}],"wp:attachment":[{"href":"https:\/\/www.cnbb.org.br\/cnbb-app\/wp\/v2\/media?parent=11068"}],"wp:term":[{"taxonomy":"category","embeddable":true,"href":"https:\/\/www.cnbb.org.br\/cnbb-app\/wp\/v2\/categories?post=11068"},{"taxonomy":"post_tag","embeddable":true,"href":"https:\/\/www.cnbb.org.br\/cnbb-app\/wp\/v2\/tags?post=11068"}],"curies":[{"name":"wp","href":"https:\/\/api.w.org\/{rel}","templated":true}]}}