{"id":11076,"date":"2009-10-07T00:00:00","date_gmt":"2009-10-07T03:00:00","guid":{"rendered":"https:\/\/www.cnbb.org.br\/3o-sbc-a-iniciacao-crista-ontem-e-hoje\/"},"modified":"2009-10-07T00:00:00","modified_gmt":"2009-10-07T03:00:00","slug":"3o-sbc-a-iniciacao-crista-ontem-e-hoje","status":"publish","type":"post","link":"https:\/\/www.cnbb.org.br\/3o-sbc-a-iniciacao-crista-ontem-e-hoje\/","title":{"rendered":"3\u00aa SBC: A Inicia\u00e7\u00e3o crist\u00e3 ontem e hoje"},"content":{"rendered":"<p style=\"text-align: justify\">Este foi o tema da palestra proferida pelo especialista em catequese, padre Luiz Alves de Lima, na tarde desta quarta-feira, 7, em Itaici (SP), na 3\u00aa Semana Brasileira de Catequese. O evento, organizado pela Comiss\u00e3o B\u00edblico-catequ\u00e9tica da CNBB, foi aberto ontem pelo presidente da CNBB, dom Geraldo Lyrio Rocha.<\/p>\n<p>  <!--more-->  <\/p>\n<p style=\"text-align: justify\">\u201cInicia\u00e7\u00e3o crist\u00e3 \u00e9 todo o processo pelo qual algu\u00e9m \u00e9 incorporado ao mist\u00e9rio de Cristo Jesus\u201d, disse padre Lima. \u201cTeologicamente falando a verdadeira inicia\u00e7\u00e3o se d\u00e1 na celebra\u00e7\u00e3o dos sacramentos do Batismo, Eucaristia e Crisma, chamados justamente, a partir do s\u00e9culo XIX, de Sacramentos da Inicia\u00e7\u00e3o\u201d, esclarece.<\/p>\n<p style=\"text-align: justify\">Padre Lima explica que a inicia\u00e7\u00e3o crist\u00e3 \u00e9 tanto para os batizados quanto para os que n\u00e3o foram batizados.<\/p>\n<p style=\"text-align: justify\">\u201cA inicia\u00e7\u00e3o crist\u00e3 para os j\u00e1 batizados consiste em desenvolver os germens da f\u00e9 j\u00e1 infundidos no sacramento do Batismo. Para os n\u00e3o batizados \u00e9 o processo que conduz ao mergulho total (batismo) no mist\u00e9rio de Cristo Jesus\u201d, disse.<\/p>\n<h4 style=\"text-align: justify\"><a href=\"http:\/\/cnbbjoomla.sitesparresia.com\/wp-content\/uploads\/sites\/85\/2009\/10\/files_4accf0144fedc.pdf\" target=\"_blank\" rel=\"noopener\">Clique aqui para ler a \u00edntegra da palestra.<\/a><\/h4>\n<p style=\"text-align: justify\"><em>Fotos: Pe. Altevir, CSSp<\/em><\/p>\n","protected":false},"excerpt":{"rendered":"<p>Este foi o tema da palestra proferida pelo especialista em catequese, padre Luiz Alves de Lima, na tarde desta quarta-feira, 7, em Itaici (SP), na 3\u00aa Semana Brasileira de Catequese. O evento, organizado pela Comiss\u00e3o B\u00edblico-catequ\u00e9tica da CNBB, foi aberto ontem pelo presidente da CNBB, dom Geraldo Lyrio Rocha.<\/p>\n","protected":false},"author":83,"featured_media":11077,"comment_status":"open","ping_status":"open","sticky":false,"template":"","format":"standard","meta":{"site-sidebar-layout":"default","site-content-layout":"default","ast-global-header-display":"","ast-banner-title-visibility":"","ast-main-header-display":"","ast-hfb-above-header-display":"","ast-hfb-below-header-display":"","ast-hfb-mobile-header-display":"","site-post-title":"","ast-breadcrumbs-content":"","ast-featured-img":"","footer-sml-layout":"","theme-transparent-header-meta":"","adv-header-id-meta":"","stick-header-meta":"","header-above-stick-meta":"","header-main-stick-meta":"","header-below-stick-meta":""},"categories":[758],"tags":[],"acf":[],"_links":{"self":[{"href":"https:\/\/www.cnbb.org.br\/cnbb-app\/wp\/v2\/posts\/11076"}],"collection":[{"href":"https:\/\/www.cnbb.org.br\/cnbb-app\/wp\/v2\/posts"}],"about":[{"href":"https:\/\/www.cnbb.org.br\/cnbb-app\/wp\/v2\/types\/post"}],"author":[{"embeddable":true,"href":"https:\/\/www.cnbb.org.br\/cnbb-app\/wp\/v2\/users\/83"}],"replies":[{"embeddable":true,"href":"https:\/\/www.cnbb.org.br\/cnbb-app\/wp\/v2\/comments?post=11076"}],"version-history":[{"count":0,"href":"https:\/\/www.cnbb.org.br\/cnbb-app\/wp\/v2\/posts\/11076\/revisions"}],"wp:featuredmedia":[{"embeddable":true,"href":"https:\/\/www.cnbb.org.br\/cnbb-app\/wp\/v2\/media\/11077"}],"wp:attachment":[{"href":"https:\/\/www.cnbb.org.br\/cnbb-app\/wp\/v2\/media?parent=11076"}],"wp:term":[{"taxonomy":"category","embeddable":true,"href":"https:\/\/www.cnbb.org.br\/cnbb-app\/wp\/v2\/categories?post=11076"},{"taxonomy":"post_tag","embeddable":true,"href":"https:\/\/www.cnbb.org.br\/cnbb-app\/wp\/v2\/tags?post=11076"}],"curies":[{"name":"wp","href":"https:\/\/api.w.org\/{rel}","templated":true}]}}