{"id":11091,"date":"2009-07-15T00:00:00","date_gmt":"2009-07-15T03:00:00","guid":{"rendered":"https:\/\/www.cnbb.org.br\/12d-intereclesial-comeca-na-proxima-terca-feira-em-porto-velho\/"},"modified":"2009-07-15T00:00:00","modified_gmt":"2009-07-15T03:00:00","slug":"12d-intereclesial-comeca-na-proxima-terca-feira-em-porto-velho","status":"publish","type":"post","link":"https:\/\/www.cnbb.org.br\/12d-intereclesial-comeca-na-proxima-terca-feira-em-porto-velho\/","title":{"rendered":"12\u00b0 Intereclesial come\u00e7a na pr\u00f3xima ter\u00e7a-feira, em Porto Velho"},"content":{"rendered":"<p style=\"text-align: justify\">Na pr\u00f3xima ter\u00e7a-feira, 21, Porto Velho sediar\u00e1 um dos maiores eventos de sua hist\u00f3ria. S\u00e3o aproximadamente sete mil pessoas envolvidas com a realiza\u00e7\u00e3o do 12\u00b0 Intereclesial das Comunidades Eclesiais de Base, que se encerra no dia 25.<\/p>\n<p>  <!--more-->  <\/p>\n<p style=\"text-align: justify\">Representantes de Comunidades Eclesiais de Base de todo o pa\u00eds, da Am\u00e9rica Latina e do Caribe refletir\u00e3o temas atuais e que envolvam desde a consci\u00eancia pol\u00edtica, at\u00e9 a luta por melhores condi\u00e7\u00f5es de vida para as comunidades ind\u00edgenas, ribeirinhas, camponesas E quilombolas, sobretudo, o cuidado com a biodiversidade do planeta.<\/p>\n<p style=\"text-align: justify\">O tema do 12\u00b0 Intereclesial \u00e9 \u201cCEBs, Ecologia e Miss\u00e3o\u201d e o lema: \u201cDo ventre da terra, o grito que vem da Amaz\u00f4nia\u201d.<\/p>\n<p style=\"text-align: justify\">Al\u00e9m dos tr\u00eas mil delegados, o Intereclesial vai contar tamb\u00e9m com nomes de destaque na defesa dos interesses dos ind\u00edgenas como a vencedora do pr\u00eamio Nobel da Paz, Rigoberta Menchu, vinda da Guatemala; o arcebispo em\u00e9rito da Para\u00edba e defensor dos direitos humanos, dom Jos\u00e9 Maria Pires e a ex-ministra e atual senadora Marina Silva.<\/p>\n<h4 style=\"text-align: justify\">Hist\u00f3ria<\/h4>\n<p style=\"text-align: justify\">As Comunidades Eclesiais de Base se espalharam pelo Brasil no final da d\u00e9cada de 60 e contribu\u00edram para a redemocratiza\u00e7\u00e3o devido \u00e0 luta contra o regime que se instalou no pa\u00eds ap\u00f3s o golpe de 64.\u00a0 Desde ent\u00e3o, as CEBs t\u00eam sido um apoio a popula\u00e7\u00e3o e sempre presente no trabalho em defesa dos povos da floresta, dos ribeirinhos, dos \u00edndios, dos sem terras, dos negros, das mulheres e tamb\u00e9m do meio ambiente.<\/p>\n","protected":false},"excerpt":{"rendered":"<p>Na pr\u00f3xima ter\u00e7a-feira, 21, Porto Velho sediar\u00e1 um dos maiores eventos de sua hist\u00f3ria. S\u00e3o aproximadamente sete mil pessoas envolvidas com a realiza\u00e7\u00e3o do 12\u00b0 Intereclesial das Comunidades Eclesiais de Base, que se encerra no dia 25.<\/p>\n","protected":false},"author":83,"featured_media":0,"comment_status":"open","ping_status":"open","sticky":false,"template":"","format":"standard","meta":{"site-sidebar-layout":"default","site-content-layout":"default","ast-global-header-display":"","ast-banner-title-visibility":"","ast-main-header-display":"","ast-hfb-above-header-display":"","ast-hfb-below-header-display":"","ast-hfb-mobile-header-display":"","site-post-title":"","ast-breadcrumbs-content":"","ast-featured-img":"","footer-sml-layout":"","theme-transparent-header-meta":"","adv-header-id-meta":"","stick-header-meta":"","header-above-stick-meta":"","header-main-stick-meta":"","header-below-stick-meta":""},"categories":[758],"tags":[],"acf":[],"_links":{"self":[{"href":"https:\/\/www.cnbb.org.br\/cnbb-app\/wp\/v2\/posts\/11091"}],"collection":[{"href":"https:\/\/www.cnbb.org.br\/cnbb-app\/wp\/v2\/posts"}],"about":[{"href":"https:\/\/www.cnbb.org.br\/cnbb-app\/wp\/v2\/types\/post"}],"author":[{"embeddable":true,"href":"https:\/\/www.cnbb.org.br\/cnbb-app\/wp\/v2\/users\/83"}],"replies":[{"embeddable":true,"href":"https:\/\/www.cnbb.org.br\/cnbb-app\/wp\/v2\/comments?post=11091"}],"version-history":[{"count":0,"href":"https:\/\/www.cnbb.org.br\/cnbb-app\/wp\/v2\/posts\/11091\/revisions"}],"wp:attachment":[{"href":"https:\/\/www.cnbb.org.br\/cnbb-app\/wp\/v2\/media?parent=11091"}],"wp:term":[{"taxonomy":"category","embeddable":true,"href":"https:\/\/www.cnbb.org.br\/cnbb-app\/wp\/v2\/categories?post=11091"},{"taxonomy":"post_tag","embeddable":true,"href":"https:\/\/www.cnbb.org.br\/cnbb-app\/wp\/v2\/tags?post=11091"}],"curies":[{"name":"wp","href":"https:\/\/api.w.org\/{rel}","templated":true}]}}