{"id":11092,"date":"2009-07-22T00:00:00","date_gmt":"2009-07-22T03:00:00","guid":{"rendered":"https:\/\/www.cnbb.org.br\/temos-que-propagar-o-amor-para-que-as-comunidades-possam-amar-afirmou-dom-moacyr-grechi-sobre-o-12o-intereclesial\/"},"modified":"2009-07-22T00:00:00","modified_gmt":"2009-07-22T03:00:00","slug":"temos-que-propagar-o-amor-para-que-as-comunidades-possam-amar-afirmou-dom-moacyr-grechi-sobre-o-12o-intereclesial","status":"publish","type":"post","link":"https:\/\/www.cnbb.org.br\/temos-que-propagar-o-amor-para-que-as-comunidades-possam-amar-afirmou-dom-moacyr-grechi-sobre-o-12o-intereclesial\/","title":{"rendered":"\u201cTemos que propagar o amor para que as comunidades possam amar\u201d, afirmou dom Moacyr Grechi sobre o 12\u00ba Intereclesial"},"content":{"rendered":"<p style=\"text-align: justify\">\u201cEu escutei o grito do meu povo\u201d, afirmou o arcebispo de Porto Velho, dom Moacyr Grechi, no segundo dia de entrevistas coletivas do 12\u00ba Intereclesial das Comunidades Eclesiais de Base (CEBs).<\/p>\n<p>  <!--more-->  <\/p>\n<p style=\"text-align: justify\">O arcebispo explicou sobre a import\u00e2ncia e a responsabilidade que \u00e9 a realiza\u00e7\u00e3o do Intereclesial, na capital de Rond\u00f4nia. \u201cAp\u00f3s sermos aclamados em Ipatinga (11\u00ba Intereclesial), como sendo a primeira comunidade amaz\u00f4nica a ser sede de um dos eventos mais importantes da Igreja no Brasil, senti o peso de ser organizador, mas, ao acompanhar a evolu\u00e7\u00e3o dos trabalhos das equipes e a celebra\u00e7\u00e3o inicial, senti o quanto \u00e9 bonito esse trabalho das bases. A for\u00e7a do povo vindo de todas as dioceses do Brasil e que est\u00e3o reunidas aqui \u00e9 de se emocionar\u201d.<\/p>\n<p style=\"text-align: justify\"><img decoding=\"async\" loading=\"lazy\" class=\" alignleft size-full wp-image-1883\" style=\"float: left\" src=\"https:\/\/www.cnbb.org.br\/wp-content\/uploads\/2020\/03\/img4a673f9a8e0cc.jpg\" width=\"345\" height=\"231\" \/>Dom Moacyr diz que os povos da Amaz\u00f4nia necessitavam desse tipo de encontro, porque \u201ca Amaz\u00f4nia ainda \u00e9 considerada como uma esp\u00e9cie de col\u00f4nia pelos governos, ou seja, tudo \u00e9 explorado, retirado e depredado, mas nada \u00e9 investido, contribu\u00eddo, melhorado em nossa regi\u00e3o\u201d. O arcebispo ressaltou ainda que o \u201cego\u00edsmo \u00e9 autodestrutivo, destr\u00f3i tudo, inclusive o meio ambiente\u201d.<\/p>\n<p style=\"text-align: justify\">O anfitri\u00e3o das CEBs em Porto Velho tamb\u00e9m explica as atuais condi\u00e7\u00f5es dos povos do Norte do Brasil, afirmando que as periferias das grandes cidades que rodeiam a Amaz\u00f4nia n\u00e3o tem condi\u00e7\u00f5es de vida. \u201cS\u00e3o condi\u00e7\u00f5es subumanas e a grande maioria dessa popula\u00e7\u00e3o \u00e9 formada por ind\u00edgenas que tiveram suas terras tomadas, sua cultura destru\u00edda, s\u00e3o subjugados e marginalizados\u201d, explicou dom Moaryr que finalizou dizendo a frase que se tornou caracter\u00edstica dele neste 12\u00ba Intereclesial: \u201cGente simples, fazendo coisas pequenas, em comunidades distantes, conseguem mudan\u00e7as extraordin\u00e1rias\u201d.<\/p>\n","protected":false},"excerpt":{"rendered":"<p>\u201cEu escutei o grito do meu povo\u201d, afirmou o arcebispo de Porto Velho, dom Moacyr Grechi, no segundo dia de entrevistas coletivas do 12\u00ba Intereclesial das Comunidades Eclesiais de Base (CEBs).<\/p>\n","protected":false},"author":83,"featured_media":11093,"comment_status":"open","ping_status":"open","sticky":false,"template":"","format":"standard","meta":{"site-sidebar-layout":"default","site-content-layout":"default","ast-global-header-display":"","ast-banner-title-visibility":"","ast-main-header-display":"","ast-hfb-above-header-display":"","ast-hfb-below-header-display":"","ast-hfb-mobile-header-display":"","site-post-title":"","ast-breadcrumbs-content":"","ast-featured-img":"","footer-sml-layout":"","theme-transparent-header-meta":"","adv-header-id-meta":"","stick-header-meta":"","header-above-stick-meta":"","header-main-stick-meta":"","header-below-stick-meta":""},"categories":[758],"tags":[],"acf":[],"_links":{"self":[{"href":"https:\/\/www.cnbb.org.br\/cnbb-app\/wp\/v2\/posts\/11092"}],"collection":[{"href":"https:\/\/www.cnbb.org.br\/cnbb-app\/wp\/v2\/posts"}],"about":[{"href":"https:\/\/www.cnbb.org.br\/cnbb-app\/wp\/v2\/types\/post"}],"author":[{"embeddable":true,"href":"https:\/\/www.cnbb.org.br\/cnbb-app\/wp\/v2\/users\/83"}],"replies":[{"embeddable":true,"href":"https:\/\/www.cnbb.org.br\/cnbb-app\/wp\/v2\/comments?post=11092"}],"version-history":[{"count":0,"href":"https:\/\/www.cnbb.org.br\/cnbb-app\/wp\/v2\/posts\/11092\/revisions"}],"wp:featuredmedia":[{"embeddable":true,"href":"https:\/\/www.cnbb.org.br\/cnbb-app\/wp\/v2\/media\/11093"}],"wp:attachment":[{"href":"https:\/\/www.cnbb.org.br\/cnbb-app\/wp\/v2\/media?parent=11092"}],"wp:term":[{"taxonomy":"category","embeddable":true,"href":"https:\/\/www.cnbb.org.br\/cnbb-app\/wp\/v2\/categories?post=11092"},{"taxonomy":"post_tag","embeddable":true,"href":"https:\/\/www.cnbb.org.br\/cnbb-app\/wp\/v2\/tags?post=11092"}],"curies":[{"name":"wp","href":"https:\/\/api.w.org\/{rel}","templated":true}]}}