{"id":11106,"date":"2009-07-22T00:00:00","date_gmt":"2009-07-22T03:00:00","guid":{"rendered":"https:\/\/www.cnbb.org.br\/aceita-a-renuncia-do-bispo-de-coari\/"},"modified":"2009-07-22T00:00:00","modified_gmt":"2009-07-22T03:00:00","slug":"aceita-a-renuncia-do-bispo-de-coari","status":"publish","type":"post","link":"https:\/\/www.cnbb.org.br\/aceita-a-renuncia-do-bispo-de-coari\/","title":{"rendered":"Aceita a ren\u00fancia do bispo de Coari"},"content":{"rendered":"<p style=\"text-align: justify\">O papa Bento XVI aceitou, nesta quarta-feira, 22, o pedido de ren\u00fancia ao governo pastoral da prelazia de Coari (AM) de dom Jo\u00e9rcio Gon\u00e7alves Pereira, CSSR, em conformidade com o c\u00e2non 401, par\u00e1grafo 2, do C\u00f3digo de Direito Can\u00f4nico. Dom Jo\u00e9rcio tem 55 anos e estava na prelazia desde 2006. N\u00e3o foi nomeado, ainda, seu sucessor.<\/p>\n","protected":false},"excerpt":{"rendered":"<p>O papa Bento XVI aceitou, nesta quarta-feira, 22, o pedido de ren\u00fancia ao governo pastoral da prelazia de Coari (AM) de dom Jo\u00e9rcio Gon\u00e7alves Pereira, CSSR, em conformidade com o c\u00e2non 401, par\u00e1grafo 2, do C\u00f3digo de Direito Can\u00f4nico. Dom Jo\u00e9rcio tem 55 anos e estava na prelazia desde 2006. N\u00e3o foi nomeado, ainda, seu &hellip;<\/p>\n<p class=\"read-more\"> <a class=\"\" href=\"https:\/\/www.cnbb.org.br\/aceita-a-renuncia-do-bispo-de-coari\/\"> <span class=\"screen-reader-text\">Aceita a ren\u00fancia do bispo de Coari<\/span> Leia mais &raquo;<\/a><\/p>\n","protected":false},"author":83,"featured_media":0,"comment_status":"open","ping_status":"open","sticky":false,"template":"","format":"standard","meta":{"site-sidebar-layout":"default","site-content-layout":"default","ast-global-header-display":"","ast-banner-title-visibility":"","ast-main-header-display":"","ast-hfb-above-header-display":"","ast-hfb-below-header-display":"","ast-hfb-mobile-header-display":"","site-post-title":"","ast-breadcrumbs-content":"","ast-featured-img":"","footer-sml-layout":"","theme-transparent-header-meta":"","adv-header-id-meta":"","stick-header-meta":"","header-above-stick-meta":"","header-main-stick-meta":"","header-below-stick-meta":""},"categories":[758],"tags":[],"acf":[],"_links":{"self":[{"href":"https:\/\/www.cnbb.org.br\/cnbb-app\/wp\/v2\/posts\/11106"}],"collection":[{"href":"https:\/\/www.cnbb.org.br\/cnbb-app\/wp\/v2\/posts"}],"about":[{"href":"https:\/\/www.cnbb.org.br\/cnbb-app\/wp\/v2\/types\/post"}],"author":[{"embeddable":true,"href":"https:\/\/www.cnbb.org.br\/cnbb-app\/wp\/v2\/users\/83"}],"replies":[{"embeddable":true,"href":"https:\/\/www.cnbb.org.br\/cnbb-app\/wp\/v2\/comments?post=11106"}],"version-history":[{"count":0,"href":"https:\/\/www.cnbb.org.br\/cnbb-app\/wp\/v2\/posts\/11106\/revisions"}],"wp:attachment":[{"href":"https:\/\/www.cnbb.org.br\/cnbb-app\/wp\/v2\/media?parent=11106"}],"wp:term":[{"taxonomy":"category","embeddable":true,"href":"https:\/\/www.cnbb.org.br\/cnbb-app\/wp\/v2\/categories?post=11106"},{"taxonomy":"post_tag","embeddable":true,"href":"https:\/\/www.cnbb.org.br\/cnbb-app\/wp\/v2\/tags?post=11106"}],"curies":[{"name":"wp","href":"https:\/\/api.w.org\/{rel}","templated":true}]}}