{"id":11112,"date":"2009-04-21T00:00:00","date_gmt":"2009-04-21T03:00:00","guid":{"rendered":"https:\/\/www.cnbb.org.br\/dom-helder-camara-esta-vivo\/"},"modified":"2009-04-21T00:00:00","modified_gmt":"2009-04-21T03:00:00","slug":"dom-helder-camara-esta-vivo","status":"publish","type":"post","link":"https:\/\/www.cnbb.org.br\/dom-helder-camara-esta-vivo\/","title":{"rendered":"Dom Helder C\u00e2mara est\u00e1 vivo"},"content":{"rendered":"<p style=\"text-align: justify\">Os corredores do mosteiro da Vila Kostka, em Itaici, munic\u00edpio de Indaiatuba (SP) falam por si s\u00f3. A pain\u00e9is dom Helder C\u00e2maracasa dos jesu\u00edtas, sede da 47\u00aa Assembleia Geral da Confer\u00eancia Nacional dos Bispos do Brasil (CNBB), lembra, em frases e fotografias, presentes em 39 banners o centen\u00e1rio de nascimento do arcebispo de Olinda e Recife (PE).<\/p>\n<p>  <!--more-->  <\/p>\n<p style=\"text-align: justify\">Frases como: \u201cIrm\u00e3o dos pobres \u2013 meu irm\u00e3o\u201d; \u201cA mis\u00e9ria \u00e9 uma ofensa ao criador e pai\u201d; \u201cAjudar a criar um mundo mais humano \u00e9 um dos sonhos da minha vida\u201d, de autoria do bispo dos pobres, foi a forma que a Confer\u00eancia encontrou para celebrar os cem anos de nascimento do Dom.<\/p>\n<p style=\"text-align: justify\">Al\u00e9m dos pain\u00e9is, um dos momentos mais solenes desta Assembleia ser\u00e1 a sess\u00e3o plen\u00e1ria em homenagem ao centen\u00e1rio de nascimento do bispo falecido em 1999.<\/p>\n<p style=\"text-align: justify\">O secret\u00e1rio-geral da CNBB, dom Dimas Lara Barbosa, ao dirigir palavras sobre o Dom, afirma tratar-se de um \u201cpastor que a Igreja ostenta diante do mundo marcado pelo profetismo pain\u00e9is dom Helder C\u00e2maraitinerante\u201d, em virtude da situa\u00e7\u00e3o de censura \u00e0 qual foi submetido.<\/p>\n<p style=\"text-align: justify\">Ainda segundo o secret\u00e1rio, dom Helder \u00e9 modelo para os bispos de hoje e de amanh\u00e3. \u201cEle \u00e9 um modelo a ser seguido. Um pastor, m\u00edstico, poeta, algu\u00e9m que viveu a sua op\u00e7\u00e3o pelos pobres de uma maneira muito coerente e singular (&#8230;)\u201d.<\/p>\n<p style=\"text-align: justify\"><em>Imagens: Padre Altevir, CSSp<\/em><\/p>\n","protected":false},"excerpt":{"rendered":"<p>Os corredores do mosteiro da Vila Kostka, em Itaici, munic\u00edpio de Indaiatuba (SP) falam por si s\u00f3. A pain\u00e9is dom Helder C\u00e2maracasa dos jesu\u00edtas, sede da 47\u00aa Assembleia Geral da Confer\u00eancia Nacional dos Bispos do Brasil (CNBB), lembra, em frases e fotografias, presentes em 39 banners o centen\u00e1rio de nascimento do arcebispo de Olinda e &hellip;<\/p>\n<p class=\"read-more\"> <a class=\"\" href=\"https:\/\/www.cnbb.org.br\/dom-helder-camara-esta-vivo\/\"> <span class=\"screen-reader-text\">Dom Helder C\u00e2mara est\u00e1 vivo<\/span> Leia mais &raquo;<\/a><\/p>\n","protected":false},"author":83,"featured_media":11113,"comment_status":"open","ping_status":"open","sticky":false,"template":"","format":"standard","meta":{"site-sidebar-layout":"default","site-content-layout":"default","ast-global-header-display":"","ast-banner-title-visibility":"","ast-main-header-display":"","ast-hfb-above-header-display":"","ast-hfb-below-header-display":"","ast-hfb-mobile-header-display":"","site-post-title":"","ast-breadcrumbs-content":"","ast-featured-img":"","footer-sml-layout":"","theme-transparent-header-meta":"","adv-header-id-meta":"","stick-header-meta":"","header-above-stick-meta":"","header-main-stick-meta":"","header-below-stick-meta":""},"categories":[758],"tags":[],"acf":[],"_links":{"self":[{"href":"https:\/\/www.cnbb.org.br\/cnbb-app\/wp\/v2\/posts\/11112"}],"collection":[{"href":"https:\/\/www.cnbb.org.br\/cnbb-app\/wp\/v2\/posts"}],"about":[{"href":"https:\/\/www.cnbb.org.br\/cnbb-app\/wp\/v2\/types\/post"}],"author":[{"embeddable":true,"href":"https:\/\/www.cnbb.org.br\/cnbb-app\/wp\/v2\/users\/83"}],"replies":[{"embeddable":true,"href":"https:\/\/www.cnbb.org.br\/cnbb-app\/wp\/v2\/comments?post=11112"}],"version-history":[{"count":0,"href":"https:\/\/www.cnbb.org.br\/cnbb-app\/wp\/v2\/posts\/11112\/revisions"}],"wp:featuredmedia":[{"embeddable":true,"href":"https:\/\/www.cnbb.org.br\/cnbb-app\/wp\/v2\/media\/11113"}],"wp:attachment":[{"href":"https:\/\/www.cnbb.org.br\/cnbb-app\/wp\/v2\/media?parent=11112"}],"wp:term":[{"taxonomy":"category","embeddable":true,"href":"https:\/\/www.cnbb.org.br\/cnbb-app\/wp\/v2\/categories?post=11112"},{"taxonomy":"post_tag","embeddable":true,"href":"https:\/\/www.cnbb.org.br\/cnbb-app\/wp\/v2\/tags?post=11112"}],"curies":[{"name":"wp","href":"https:\/\/api.w.org\/{rel}","templated":true}]}}