{"id":11146,"date":"2009-05-07T00:00:00","date_gmt":"2009-05-07T03:00:00","guid":{"rendered":"https:\/\/www.cnbb.org.br\/justica-mantem-desapropriacao-da-qinvernada-dos-negrosq-em-sc\/"},"modified":"2009-05-07T00:00:00","modified_gmt":"2009-05-07T03:00:00","slug":"justica-mantem-desapropriacao-da-qinvernada-dos-negrosq-em-sc","status":"publish","type":"post","link":"https:\/\/www.cnbb.org.br\/justica-mantem-desapropriacao-da-qinvernada-dos-negrosq-em-sc\/","title":{"rendered":"Justi\u00e7a mant\u00e9m desapropria\u00e7\u00e3o da &#8220;Invernada dos Negros&#8221; em SC"},"content":{"rendered":"<p style=\"text-align: justify\">A 3\u00aa Turma do Tribunal Regional Federal da 4\u00aa Regi\u00e3o negou o pedido das empresas Igua\u00e7u Celulose e Agro Florestal Ibicui e manteve procedimento administrativo, realizado pelo INCRA, de desapropria\u00e7\u00e3o de im\u00f3veis na localidade conhecida por &#8220;Invernada dos Negros&#8221;, em SC. A \u00e1rea, que fica nos munic\u00edpios de Campos Novos e Abdon Batista, teria sido ocupada por quilombolas no passado. A decis\u00e3o foi publicada hoje (6\/5) no Di\u00e1rio Eletr\u00f4nico da JF da 4\u00aa Regi\u00e3o.<\/p>\n<p>  <!--more-->  <\/p>\n<p style=\"text-align: justify\">As empresas, que s\u00e3o propriet\u00e1rias de im\u00f3veis na regi\u00e3o, ajuizaram a\u00e7\u00e3o com pedido de liminar requerendo a anula\u00e7\u00e3o via judicial dos atos do INCRA. Alegam que as provas da exist\u00eancia de quilombos s\u00e3o insuficientes e que deveriam ser realizadas novamente, com presen\u00e7a de antrop\u00f3logo e engenheiro florestal, bem como que est\u00e1 sendo descumprido o direito de propriedade.<\/p>\n<p style=\"text-align: justify\">Conforme a relatora, desembargadora federal Maria L\u00facia Luz Leiria, o laudo antropol\u00f3gico, precedido de estudos de grupo universit\u00e1rio e sucedido por laudo interdisciplinar, com verifica\u00e7\u00e3o de campo, testemunhos orais e documenta\u00e7\u00e3o hist\u00f3rica estabelecem amplo levantamento de dados sobre a comunidade.<\/p>\n<p style=\"text-align: justify\">Segundo a magistrada, o reconhecimento da propriedade definitiva aos remanescentes de comunidades de quilombos \u00e9 norma constitucional. Estes n\u00e3o constituem &#8220;sobras&#8221; ou &#8220;res\u00edduos de situa\u00e7\u00f5es passadas, declarou a magistrada, entendendo que o dispositivo constitucional n\u00e3o pode ser interpretado \u00e0 luz de uma realidade de exclus\u00e3o das comunidades negras.<\/p>\n","protected":false},"excerpt":{"rendered":"<p>A 3\u00aa Turma do Tribunal Regional Federal da 4\u00aa Regi\u00e3o negou o pedido das empresas Igua\u00e7u Celulose e Agro Florestal Ibicui e manteve procedimento administrativo, realizado pelo INCRA, de desapropria\u00e7\u00e3o de im\u00f3veis na localidade conhecida por &#8220;Invernada dos Negros&#8221;, em SC. A \u00e1rea, que fica nos munic\u00edpios de Campos Novos e Abdon Batista, teria sido &hellip;<\/p>\n<p class=\"read-more\"> <a class=\"\" href=\"https:\/\/www.cnbb.org.br\/justica-mantem-desapropriacao-da-qinvernada-dos-negrosq-em-sc\/\"> <span class=\"screen-reader-text\">Justi\u00e7a mant\u00e9m desapropria\u00e7\u00e3o da &#8220;Invernada dos Negros&#8221; em SC<\/span> Leia mais &raquo;<\/a><\/p>\n","protected":false},"author":83,"featured_media":0,"comment_status":"open","ping_status":"open","sticky":false,"template":"","format":"standard","meta":{"site-sidebar-layout":"default","site-content-layout":"default","ast-global-header-display":"","ast-banner-title-visibility":"","ast-main-header-display":"","ast-hfb-above-header-display":"","ast-hfb-below-header-display":"","ast-hfb-mobile-header-display":"","site-post-title":"","ast-breadcrumbs-content":"","ast-featured-img":"","footer-sml-layout":"","theme-transparent-header-meta":"","adv-header-id-meta":"","stick-header-meta":"","header-above-stick-meta":"","header-main-stick-meta":"","header-below-stick-meta":""},"categories":[758],"tags":[],"acf":[],"_links":{"self":[{"href":"https:\/\/www.cnbb.org.br\/cnbb-app\/wp\/v2\/posts\/11146"}],"collection":[{"href":"https:\/\/www.cnbb.org.br\/cnbb-app\/wp\/v2\/posts"}],"about":[{"href":"https:\/\/www.cnbb.org.br\/cnbb-app\/wp\/v2\/types\/post"}],"author":[{"embeddable":true,"href":"https:\/\/www.cnbb.org.br\/cnbb-app\/wp\/v2\/users\/83"}],"replies":[{"embeddable":true,"href":"https:\/\/www.cnbb.org.br\/cnbb-app\/wp\/v2\/comments?post=11146"}],"version-history":[{"count":0,"href":"https:\/\/www.cnbb.org.br\/cnbb-app\/wp\/v2\/posts\/11146\/revisions"}],"wp:attachment":[{"href":"https:\/\/www.cnbb.org.br\/cnbb-app\/wp\/v2\/media?parent=11146"}],"wp:term":[{"taxonomy":"category","embeddable":true,"href":"https:\/\/www.cnbb.org.br\/cnbb-app\/wp\/v2\/categories?post=11146"},{"taxonomy":"post_tag","embeddable":true,"href":"https:\/\/www.cnbb.org.br\/cnbb-app\/wp\/v2\/tags?post=11146"}],"curies":[{"name":"wp","href":"https:\/\/api.w.org\/{rel}","templated":true}]}}