{"id":11156,"date":"2008-10-24T00:00:00","date_gmt":"2008-10-24T02:00:00","guid":{"rendered":"https:\/\/www.cnbb.org.br\/racismo-se-voce-nao-fala-quem-vai-falar\/"},"modified":"2008-10-24T00:00:00","modified_gmt":"2008-10-24T02:00:00","slug":"racismo-se-voce-nao-fala-quem-vai-falar","status":"publish","type":"post","link":"https:\/\/www.cnbb.org.br\/racismo-se-voce-nao-fala-quem-vai-falar\/","title":{"rendered":"Racismo: se voc\u00ea n\u00e3o fala, quem vai falar?"},"content":{"rendered":"<p style=\"text-align: justify\">Os negros e as mulheres s\u00e3o as principais v\u00edtimas do desemprego no Brasil, apontou estudo de tr\u00eas entidades ligadas \u00e0 Organiza\u00e7\u00e3o das Na\u00e7\u00f5es Unidas (ONU) divulgado nesta segunda-feira.<\/p>\n<p style=\"text-align: justify\">Segundo o relat\u00f3rio, que tamb\u00e9m aponta melhoria nos \u00edndices de desemprego do pa\u00eds, desde a d\u00e9cada de 1990 o desemprego no Brasil \u00e9 feminino, jovem, negro e urbano. O estudo tamb\u00e9m mostra diminui\u00e7\u00e3o do trabalho informal, infantil e for\u00e7ado, al\u00e9m de ter detectado um aumento no n\u00edvel de escolaridade do brasileiro.<\/p>\n<p>  <!--more-->  <\/p>\n<p style=\"text-align: justify\">&#8220;Se n\u00f3s somarmos mulheres e negros, n\u00f3s chegamos a quase 75 por cento da popula\u00e7\u00e3o economicamente ativa do pa\u00eds&#8221;, afirmou La\u00eds Abramo, diretora da Organiza\u00e7\u00e3o Internacional do Trabalho (OIT) no Brasil. O relat\u00f3rio &#8220;Emprego, Desenvolvimento Humano e Trabalho Decente &#8212; A experi\u00eancia brasileira recente&#8221; foi realizado pela OIT em parceria com o Programa das Na\u00e7\u00f5es Unidas para o Desenvolvimento (Pnud) e com a Comiss\u00e3o Econ\u00f4mica para a Am\u00e9rica Latina e o Caribe (Cepal).<\/p>\n<p style=\"text-align: justify\">No Brasil a taxa de desemprego atinge 8,4 por cento da popula\u00e7\u00e3o, sendo que 12,5 por cento das mulheres negras est\u00e3o nesta condi\u00e7\u00e3o. No caso de homens brancos, 5,6 por cento est\u00e3o desempregados. O rendimento m\u00e9dio mensal tamb\u00e9m sofre diferen\u00e7as: negros ganham em m\u00e9dia 616 reais por m\u00eas, enquanto um assalariado branco ganha 1.157 reais mensais na m\u00e9dia.<br \/>&#8220;Acho que s\u00e3o necess\u00e1rias pol\u00edticas dirigidas especificamente ao enfrentamento da desigualdade&#8221;, alertou Abramo. A diretora destacou iniciativas j\u00e1 existentes no Brasil, como cotas nas universidades, o Programa de Apoio \u00e0 Mulher na Agricultura Familiar (Pronaf Mulher) e pol\u00edticas de qualifica\u00e7\u00e3o que d\u00e3o aten\u00e7\u00e3o especial a negros e mulheres.<\/p>\n<p style=\"text-align: justify\">Segundo Renato Baumann, diretor da Cepal, &#8220;\u00e9 importante se contar com o crescimento da economia de forma sustentada como pr\u00e9-condi\u00e7\u00e3o para gerar emprego, mas que essa n\u00e3o \u00e9 uma situa\u00e7\u00e3o suficiente&#8221;. Na opini\u00e3o de Abramo, al\u00e9m do setor p\u00fablico, o privado tamb\u00e9m deve agir. &#8220;Todo um esfor\u00e7o que as empresas podem desenvolver de forma aut\u00f4noma e volunt\u00e1ria tamb\u00e9m s\u00e3o fundamentais&#8221;, destacou.<\/p>\n<p style=\"text-align: justify\">A pesquisa tamb\u00e9m apresentou um conjunto de esfor\u00e7os que devem ser realizados para mudar esse quadro. Al\u00e9m da manuten\u00e7\u00e3o do crescimento econ\u00f4mico, deve-se garantir, segundo o estudo, o respeito \u00e0s leis trabalhistas, a amplia\u00e7\u00e3o da prote\u00e7\u00e3o e da igualdade sociais, al\u00e9m de se combater a discrimina\u00e7\u00e3o.<\/p>\n<p style=\"text-align: justify\">Tamb\u00e9m foi destacado na pesquisa a liberta\u00e7\u00e3o de 21.768 pessoas v\u00edtimas de trabalhos for\u00e7ados no \u00faltimo ano. Al\u00e9m disso, desde 1992, ano base de compara\u00e7\u00e3o da pesquisa, o n\u00famero de crian\u00e7as e adolescentes que trabalham caiu de 5 milh\u00f5es para 2,3 milh\u00f5es.<\/p>\n<p style=\"text-align: justify\"><em>(Reportagem de Ana Paula Paiva; Edi\u00e7\u00e3o de Eduardo Sim\u00f5es)<br \/>FONTE: REUTERS<\/em><\/p>\n","protected":false},"excerpt":{"rendered":"<p>Os negros e as mulheres s\u00e3o as principais v\u00edtimas do desemprego no Brasil, apontou estudo de tr\u00eas entidades ligadas \u00e0 Organiza\u00e7\u00e3o das Na\u00e7\u00f5es Unidas (ONU) divulgado nesta segunda-feira. Segundo o relat\u00f3rio, que tamb\u00e9m aponta melhoria nos \u00edndices de desemprego do pa\u00eds, desde a d\u00e9cada de 1990 o desemprego no Brasil \u00e9 feminino, jovem, negro e &hellip;<\/p>\n<p class=\"read-more\"> <a class=\"\" href=\"https:\/\/www.cnbb.org.br\/racismo-se-voce-nao-fala-quem-vai-falar\/\"> <span class=\"screen-reader-text\">Racismo: se voc\u00ea n\u00e3o fala, quem vai falar?<\/span> Leia mais &raquo;<\/a><\/p>\n","protected":false},"author":83,"featured_media":0,"comment_status":"open","ping_status":"open","sticky":false,"template":"","format":"standard","meta":{"site-sidebar-layout":"default","site-content-layout":"default","ast-global-header-display":"","ast-banner-title-visibility":"","ast-main-header-display":"","ast-hfb-above-header-display":"","ast-hfb-below-header-display":"","ast-hfb-mobile-header-display":"","site-post-title":"","ast-breadcrumbs-content":"","ast-featured-img":"","footer-sml-layout":"","theme-transparent-header-meta":"","adv-header-id-meta":"","stick-header-meta":"","header-above-stick-meta":"","header-main-stick-meta":"","header-below-stick-meta":""},"categories":[758],"tags":[],"acf":[],"_links":{"self":[{"href":"https:\/\/www.cnbb.org.br\/cnbb-app\/wp\/v2\/posts\/11156"}],"collection":[{"href":"https:\/\/www.cnbb.org.br\/cnbb-app\/wp\/v2\/posts"}],"about":[{"href":"https:\/\/www.cnbb.org.br\/cnbb-app\/wp\/v2\/types\/post"}],"author":[{"embeddable":true,"href":"https:\/\/www.cnbb.org.br\/cnbb-app\/wp\/v2\/users\/83"}],"replies":[{"embeddable":true,"href":"https:\/\/www.cnbb.org.br\/cnbb-app\/wp\/v2\/comments?post=11156"}],"version-history":[{"count":0,"href":"https:\/\/www.cnbb.org.br\/cnbb-app\/wp\/v2\/posts\/11156\/revisions"}],"wp:attachment":[{"href":"https:\/\/www.cnbb.org.br\/cnbb-app\/wp\/v2\/media?parent=11156"}],"wp:term":[{"taxonomy":"category","embeddable":true,"href":"https:\/\/www.cnbb.org.br\/cnbb-app\/wp\/v2\/categories?post=11156"},{"taxonomy":"post_tag","embeddable":true,"href":"https:\/\/www.cnbb.org.br\/cnbb-app\/wp\/v2\/tags?post=11156"}],"curies":[{"name":"wp","href":"https:\/\/api.w.org\/{rel}","templated":true}]}}