{"id":11205,"date":"2010-02-18T00:00:00","date_gmt":"2010-02-18T02:00:00","guid":{"rendered":"https:\/\/www.cnbb.org.br\/catedra-de-pedro\/"},"modified":"2010-02-18T00:00:00","modified_gmt":"2010-02-18T02:00:00","slug":"catedra-de-pedro","status":"publish","type":"post","link":"https:\/\/www.cnbb.org.br\/catedra-de-pedro\/","title":{"rendered":"C\u00e1tedra de Pedro"},"content":{"rendered":"<p style=\"text-align: justify\">Quarta-feira passada iniciamos com toda a Igreja o tempo da Quaresma, que no Brasil tamb\u00e9m \u00e9 aprofundada com a Campanha da Fraternidade. Algumas festas, por\u00e9m, s\u00e3o celebradas neste tempo de convers\u00e3o a caminho da P\u00e1scoa. Uma delas \u00e9 a Festa da C\u00e1tedra de S\u00e3o Pedro, comemorada no dia 22 de fevereiro, segunda-feira.<\/p>\n<p>  <!--more-->  <\/p>\n<p style=\"text-align: justify\">Qual o sentido de celebrar tal festa? Sem d\u00favida, trata-se de uma comemora\u00e7\u00e3o importante, pois revela que a Igreja, tal como querida por Jesus, \u00e9 uma comunh\u00e3o ordenada, tendo Pedro \u00e0 frente. Na Sagrada Escritura, por diversas vezes, a miss\u00e3o de Pedro dentro da comunh\u00e3o da Igreja aparece como \u00fanica. O nome de Pedro encabe\u00e7a a lista dos Ap\u00f3stolos. \u00c9 Pedro quem fala com Jesus em nome dos demais Ap\u00f3stolos. Jesus promete fundar sobre o Ap\u00f3stolo a sua Igreja, cuja estabilidade n\u00e3o seria jamais amea\u00e7ada, e entrega, particularmente a Pedro, as chaves do Reino dos C\u00e9us (cf. Mt 16, 16-19). Jesus tamb\u00e9m roga pela f\u00e9 de Pedro, em particular, a fim de que o pr\u00edncipe dos Ap\u00f3stolos confirme os irm\u00e3os na f\u00e9 (cf. Lc 22, 31-32) Jesus, depois da Ressurrei\u00e7\u00e3o, ainda aparece confirmando a singular miss\u00e3o pastoral de Pedro ao lhe confiar seus cordeiros e ovelhas (cf. Jo 21, 15-17). Pedro tamb\u00e9m aparece discursando ao povo em nome do col\u00e9gio dos Ap\u00f3stolos (cf. At 2, 14ss.).<\/p>\n<p style=\"text-align: justify\">Ademais, a tradi\u00e7\u00e3o dos primeiros tempos da Igreja confirma, de diversos modos, o papel \u00fanico de Pedro no seio da comunh\u00e3o da Igreja. Vale aqui recordar as belas palavras do grande Arcebispo de Constantinopla, S\u00e3o Jo\u00e3o Cris\u00f3stomo, sobre o texto de Jo 21, 15-17: \u201cO principal bem que resulta deste amor \u00e9 o de procurar a salva\u00e7\u00e3o do pr\u00f3ximo. O Senhor, prescindindo dos demais Ap\u00f3stolos, dirige a Pedro estas promessas, porque Pedro era o primeiro dos Ap\u00f3stolos, a voz dos disc\u00edpulos e a cabe\u00e7a do col\u00e9gio. Por isso, depois de apagada a nega\u00e7\u00e3o, o Senhor o investiu como prelado de seus irm\u00e3os. N\u00e3o lhe lan\u00e7a em rosto a nega\u00e7\u00e3o, mas diz: \u2018Se me amas, preside a seus irm\u00e3os e d\u00e1 testemunho agora do amor que sempre demonstraste, sacrificando por minhas ovelhas a vida que disseste que darias por mim\u2019\u201d (In Joannem, hom. 87).<\/p>\n<p style=\"text-align: justify\">A C\u00e1tedra de Pedro \u00e9 o s\u00edmbolo da miss\u00e3o magisterial que o Ap\u00f3stolo recebeu do pr\u00f3prio Cristo. Os ensinamentos de Pedro procuram atualizar os ensinamentos de Jesus. A miss\u00e3o de Pedro \u00e9 a de fazer com que o mist\u00e9rio do Filho de Deus, \u2013 Caminho, Verdade e Vida \u2013, seja conhecido e amado pelos homens. Nesse sentido, estar em comunh\u00e3o com o magist\u00e9rio autorizado de Pedro \u00e9 estar em comunh\u00e3o com a doutrina de Cristo. O antigo ditado latino expressa muito bem este sentimento: \u201cUbi Petrus, ibi Ecclesia\u201d \u2013 Onde est\u00e1 Pedro, est\u00e1 a Igreja.<\/p>\n<p style=\"text-align: justify\">Em alguns momentos da hist\u00f3ria muitos se esqueceram do mandato de Jesus de viver a unidade! Somos chamados a ser corajosas pessoas da comunh\u00e3o, da unidade entre n\u00f3s e com Pedro e seu sucessor, caminhando como Igreja que anuncia hoje a boa not\u00edcia ao mundo com a mesma coragem dos primeiros disc\u00edpulos.<\/p>\n<p style=\"text-align: justify\">O Ap\u00f3stolo Pedro tem nos Papas seus leg\u00edtimos sucessores. A cidade de Roma foi honrada pela presen\u00e7a e pelo mart\u00edrio de S\u00e3o Pedro, que assim a consagrou como Sede Apost\u00f3lica. N\u00f3s honramos a Sede de Pedro com o carinhoso e respeitoso t\u00edtulo de Santa S\u00e9. A C\u00e1tedra de Pedro \u00e9 hoje ocupada pelo Papa Bento XVI. Ao longo da hist\u00f3ria, Deus mesmo \u00e9 quem sustenta a Igreja na terra e o Papa que est\u00e1 \u00e0 sua frente. A C\u00e1tedra de S\u00e3o Pedro foi ocupada por in\u00fameros nomes ilustres e santos, que se distinguiram seja pelo zelo pelas coisas de Deus, pela preserva\u00e7\u00e3o e transmiss\u00e3o da s\u00e3 doutrina, pela miss\u00e3o, pela sabedoria ou pelo servi\u00e7o da caridade. Sabemos tamb\u00e9m que a fragilidade humana marcou a hist\u00f3ria do papado. Entretanto, nada de contr\u00e1rio ao sentido verdadeiro da Palavra de Deus foi oficialmente ensinado por um Papa, por menos digno que ele fosse, o que revela a a\u00e7\u00e3o de Deus assistindo \u00e0 sua Igreja. Na verdade, Deus faz com que o ouro do Evangelho chegue inc\u00f3lume aos fieis!<\/p>\n<p style=\"text-align: justify\">Nestes \u00faltimos tempos assistimos como a a\u00e7\u00e3o do Esp\u00edrito Santo faz com que tenhamos as pessoas necess\u00e1rias para o nosso tempo e para que a Igreja continue na fidelidade a Cristo e ao Evangelho no caminhar da hist\u00f3ria. A lista e a diversidade dos \u00faltimos Papas nos demonstram isso.<\/p>\n<p style=\"text-align: justify\">O atual Papa Bento XVI destaca-se, entre outras coisas, pela coragem que tem de propor aos homens de nosso tempo a aut\u00eantica mensagem de Jesus, sem atenua\u00e7\u00f5es ou diminui\u00e7\u00f5es. Sabemos que o mundo atual, a diversos t\u00edtulos, afasta-se de Deus e do seu Cristo. O consumismo, o hedonismo e o individualismo se apresentam hoje como deuses que reclamam culto de adora\u00e7\u00e3o. O secularismo e a indiferen\u00e7a religiosa parecem tomar propor\u00e7\u00f5es consider\u00e1veis. O desprezo pela verdade e o descaso, em muitos casos, pela dignidade da vida humana, principalmente em sua fase inicial e terminal, s\u00e3o realidades que est\u00e3o a\u00ed. Apesar de tudo, Bento XVI n\u00e3o se intimida e prop\u00f5e, com frescor sempre renovado, os valores do Evangelho. O Papa tem a consci\u00eancia de que a Mensagem de Cristo nada tem a tirar de tudo aquilo que faz a vida boa e bela. Cristo n\u00e3o nos tira nada. Ao contr\u00e1rio, Cristo nos d\u00e1 tudo. Se quisermos correr o belo risco por aquilo que verdadeiramente vale a pena na vida abracemos para valer a doutrina de Cristo, tal como a Igreja, com seu magist\u00e9rio autorizado, no-la transmite. \u201cTomai meu jugo sobre v\u00f3s e recebei minha doutrina, porque eu sou manso e humilde de cora\u00e7\u00e3o e achareis o repouso para as vossas almas. Porque meu jugo \u00e9 suave e meu peso \u00e9 leve\u201d (Mt 11, 29-30).<\/p>\n<p style=\"text-align: justify\">Na festa da C\u00e1tedra de S\u00e3o Pedro fa\u00e7amos a Deus uma prece de louvor e agradecimento. Deus caminha conosco. Jesus \u00e9 nosso irm\u00e3o. O Esp\u00edrito da Verdade guia a Igreja, a fim de que a obra de Cristo sempre produza frutos. Ali\u00e1s, a promessa de Jesus foi exatamente esta: \u201cQuando vier o Par\u00e1clito, o Esp\u00edrito da Verdade, ensinar-vos-\u00e1 toda a verdade [&#8230;]\u201d (Jo 16,13). Renovemos, pois, a nossa f\u00e9 e a nossa gratid\u00e3o. O minist\u00e9rio de Pedro e de seus sucessores, os Papas, \u00e9 um verdadeiro dom para a comunh\u00e3o dos irm\u00e3os em Cristo. Sabemos que existe na Igreja uma inst\u00e2ncia autorizada, guiada pelo Esp\u00edrito, para ser sinal de nossa unidade e interpretar autenticamente a Mensagem de Jesus. Esta n\u00e3o ficou entregue ao vento, mas foi confiada \u00e0 Igreja, que tem em sua base a \u201cPedra\u201d escolhida por Jesus como s\u00f3lido fundamento.<\/p>\n<p style=\"text-align: justify\">Neste Ano Sacerdotal, rezemos por todos os sacerdotes e, de modo especial, pelo Papa Bento XVI, que hoje \u00e9 Pedro para n\u00f3s!<\/p>\n<h4 style=\"text-align: right\">Dom Orani Jo\u00e3o Tempesta, O. Cist.<\/h4>\n","protected":false},"excerpt":{"rendered":"<p>Quarta-feira passada iniciamos com toda a Igreja o tempo da Quaresma, que no Brasil tamb\u00e9m \u00e9 aprofundada com a Campanha da Fraternidade. Algumas festas, por\u00e9m, s\u00e3o celebradas neste tempo de convers\u00e3o a caminho da P\u00e1scoa. Uma delas \u00e9 a Festa da C\u00e1tedra de S\u00e3o Pedro, comemorada no dia 22 de fevereiro, segunda-feira.<\/p>\n","protected":false},"author":83,"featured_media":0,"comment_status":"open","ping_status":"open","sticky":false,"template":"","format":"standard","meta":{"site-sidebar-layout":"default","site-content-layout":"default","ast-global-header-display":"","ast-banner-title-visibility":"","ast-main-header-display":"","ast-hfb-above-header-display":"","ast-hfb-below-header-display":"","ast-hfb-mobile-header-display":"","site-post-title":"","ast-breadcrumbs-content":"","ast-featured-img":"","footer-sml-layout":"","theme-transparent-header-meta":"","adv-header-id-meta":"","stick-header-meta":"","header-above-stick-meta":"","header-main-stick-meta":"","header-below-stick-meta":""},"categories":[758],"tags":[],"acf":[],"_links":{"self":[{"href":"https:\/\/www.cnbb.org.br\/cnbb-app\/wp\/v2\/posts\/11205"}],"collection":[{"href":"https:\/\/www.cnbb.org.br\/cnbb-app\/wp\/v2\/posts"}],"about":[{"href":"https:\/\/www.cnbb.org.br\/cnbb-app\/wp\/v2\/types\/post"}],"author":[{"embeddable":true,"href":"https:\/\/www.cnbb.org.br\/cnbb-app\/wp\/v2\/users\/83"}],"replies":[{"embeddable":true,"href":"https:\/\/www.cnbb.org.br\/cnbb-app\/wp\/v2\/comments?post=11205"}],"version-history":[{"count":0,"href":"https:\/\/www.cnbb.org.br\/cnbb-app\/wp\/v2\/posts\/11205\/revisions"}],"wp:attachment":[{"href":"https:\/\/www.cnbb.org.br\/cnbb-app\/wp\/v2\/media?parent=11205"}],"wp:term":[{"taxonomy":"category","embeddable":true,"href":"https:\/\/www.cnbb.org.br\/cnbb-app\/wp\/v2\/categories?post=11205"},{"taxonomy":"post_tag","embeddable":true,"href":"https:\/\/www.cnbb.org.br\/cnbb-app\/wp\/v2\/tags?post=11205"}],"curies":[{"name":"wp","href":"https:\/\/api.w.org\/{rel}","templated":true}]}}