{"id":11237,"date":"2010-02-26T00:00:00","date_gmt":"2010-02-26T03:00:00","guid":{"rendered":"https:\/\/www.cnbb.org.br\/ii-congresso-latinoamaericano\/"},"modified":"2010-02-26T00:00:00","modified_gmt":"2010-02-26T03:00:00","slug":"ii-congresso-latinoamaericano","status":"publish","type":"post","link":"https:\/\/www.cnbb.org.br\/ii-congresso-latinoamaericano\/","title":{"rendered":"II Congresso Latinoamaericano"},"content":{"rendered":"<p style=\"text-align: justify\">O Departamento Minist\u00e9rios e Voca\u00e7\u00f5es do CELAM em parceria com a pastoral vocacional das Conferencias episcopais anuncia a realiza\u00e7\u00e3o do II Congresso Latinoamericano de Voca\u00e7\u00f5es para os dias 01 a 06 de fevereiro de 2011 na Arquidiocese de San Jos\u00e9, Costa Rica.<\/p>\n<p>  <!--more-->  <\/p>\n<p style=\"text-align: justify\">Com o tema \u201cChamados a lan\u00e7ar as redes, para alcan\u00e7ar vida plena em Cristo\u201d e com o lema \u201cMestre, em teu nome lan\u00e7aremos as redes\u201d (cf Lc 5,5) o congresso deseja fortalecer a cultura vocacional para que os batizados assumam o chamado de serem disc\u00edpulos e mission\u00e1rios de Cristo, no atual contexto da Am\u00e9rica Latina e do Caribe.<\/p>\n<p style=\"text-align: justify\">O brasileiro, H\u00eanio dos Santos Silva, levou o primeiro lugar no concurso de escolha do hino para o Congresso Latinoamericano de Voca\u00e7\u00f5es, ficando o segundo e terceiro lugar com a Argentina e Chile, respectivamente.<\/p>\n<p style=\"text-align: justify\">Cada pa\u00eds ter\u00e1 um n\u00famero representativo de delegados para o Congresso Latinoamericano de Voca\u00e7\u00f5es. No Brasil cada regional ter\u00e1 assegurado uma vaga, que dever\u00e1 ser preenchida pelo representante regional da pastoral vocacional. Durante o 3\u00ba Congresso Vocacional do Brasil, os delegados para o congresso latinoamericano far\u00e3o o estudo do instrumento de trabalho em prepara\u00e7\u00e3o ao congresso.<\/p>\n<p style=\"text-align: justify\">{mp3}cancao2conglatiamericano{\/mp3}<\/p>\n<p style=\"text-align: justify\">\u00a0<\/p>\n","protected":false},"excerpt":{"rendered":"<p>O Departamento Minist\u00e9rios e Voca\u00e7\u00f5es do CELAM em parceria com a pastoral vocacional das Conferencias episcopais anuncia a realiza\u00e7\u00e3o do II Congresso Latinoamericano de Voca\u00e7\u00f5es para os dias 01 a 06 de fevereiro de 2011 na Arquidiocese de San Jos\u00e9, Costa Rica.<\/p>\n","protected":false},"author":83,"featured_media":1936,"comment_status":"open","ping_status":"open","sticky":false,"template":"","format":"standard","meta":{"site-sidebar-layout":"default","site-content-layout":"default","ast-global-header-display":"","ast-banner-title-visibility":"","ast-main-header-display":"","ast-hfb-above-header-display":"","ast-hfb-below-header-display":"","ast-hfb-mobile-header-display":"","site-post-title":"","ast-breadcrumbs-content":"","ast-featured-img":"","footer-sml-layout":"","theme-transparent-header-meta":"","adv-header-id-meta":"","stick-header-meta":"","header-above-stick-meta":"","header-main-stick-meta":"","header-below-stick-meta":""},"categories":[758],"tags":[],"acf":[],"_links":{"self":[{"href":"https:\/\/www.cnbb.org.br\/cnbb-app\/wp\/v2\/posts\/11237"}],"collection":[{"href":"https:\/\/www.cnbb.org.br\/cnbb-app\/wp\/v2\/posts"}],"about":[{"href":"https:\/\/www.cnbb.org.br\/cnbb-app\/wp\/v2\/types\/post"}],"author":[{"embeddable":true,"href":"https:\/\/www.cnbb.org.br\/cnbb-app\/wp\/v2\/users\/83"}],"replies":[{"embeddable":true,"href":"https:\/\/www.cnbb.org.br\/cnbb-app\/wp\/v2\/comments?post=11237"}],"version-history":[{"count":0,"href":"https:\/\/www.cnbb.org.br\/cnbb-app\/wp\/v2\/posts\/11237\/revisions"}],"wp:featuredmedia":[{"embeddable":true,"href":"https:\/\/www.cnbb.org.br\/cnbb-app\/wp\/v2\/media\/1936"}],"wp:attachment":[{"href":"https:\/\/www.cnbb.org.br\/cnbb-app\/wp\/v2\/media?parent=11237"}],"wp:term":[{"taxonomy":"category","embeddable":true,"href":"https:\/\/www.cnbb.org.br\/cnbb-app\/wp\/v2\/categories?post=11237"},{"taxonomy":"post_tag","embeddable":true,"href":"https:\/\/www.cnbb.org.br\/cnbb-app\/wp\/v2\/tags?post=11237"}],"curies":[{"name":"wp","href":"https:\/\/api.w.org\/{rel}","templated":true}]}}