{"id":11248,"date":"2008-12-29T00:00:00","date_gmt":"2008-12-29T02:00:00","guid":{"rendered":"https:\/\/www.cnbb.org.br\/lobo-e-cordeiro-viverao-juntos\/"},"modified":"2008-12-29T00:00:00","modified_gmt":"2008-12-29T02:00:00","slug":"lobo-e-cordeiro-viverao-juntos","status":"publish","type":"post","link":"https:\/\/www.cnbb.org.br\/lobo-e-cordeiro-viverao-juntos\/","title":{"rendered":"Lobo e cordeiro viver\u00e3o juntos"},"content":{"rendered":"<p style=\"text-align: justify\">No Natal, os crist\u00e3os anunciaram mais uma vez ao mundo o seu sonho. As express\u00f5es da liturgia natalina trazem as convic\u00e7\u00f5es mais belas e profundas dessa festa: \u201cesta noite santa foi iluminada com a claridade da verdadeira luz\u201d; a \u201cpalavra eterna de Deus revestiu-se de nossa carne e veio habitar entre n\u00f3s\u201d; e ainda: \u201co c\u00e9u e a terra trocam seus dons\u201d: oferecemos a Deus nossa humanidade e ele nos faz participar de sua divindade. Cheios de estupor, ent\u00e3o pedimos: \u201cseja-nos concedido em plenitude, no c\u00e9u, aquilo que j\u00e1 vislumbramos na terra com o olhar da f\u00e9\u201d. Isso tudo mexe com a utopia boa que, mesmo sem o saber, cada um traz no cora\u00e7\u00e3o.<\/p>\n<p>  <!--more-->  <\/p>\n<p style=\"text-align: justify\">A origem do Natal crist\u00e3o, por\u00e9m, n\u00e3o vem de uma utopia, mas de um fato real e hist\u00f3rico: o nascimento de Jesus Cristo, fundador do Cristianismo. Nele, a f\u00e9 dos crist\u00e3os reconhece o Filho de Deus vindo ao mundo para nos dizer que Deus \u00e9 como um pai, que ama loucamente seus filhos, e convida cada criatura humana a participar de sua felicidade. Jesus nasceu para reunir a comunidade humana numa \u00fanica grande fam\u00edlia de irm\u00e3os e irm\u00e3s. O Natal \u00e9 a festa da fraternidade universal entre pessoas e povos.<\/p>\n<p style=\"text-align: justify\">Um dos textos da Sagrada Escritura lidos no Natal \u00e9 a profecia de Isa\u00edas, anunciando o nascimento do Messias, um rei todo animado pelo esp\u00edrito de Deus e cujo reinado ser\u00e1 de justi\u00e7a e paz perfeitas; inimigos tradicionais deixar\u00e3o de se odiar e viver\u00e3o juntos em buc\u00f3lica harmonia. As imagens dessa profecia s\u00e3o bel\u00edssimas: lobo e cordeiro viver\u00e3o juntos, o leopardo deitar-se-\u00e1 ao lado do cabrito, bezerro e le\u00e3o comer\u00e3o juntos e at\u00e9 uma crian\u00e7a poder\u00e1 cuidar deles (cf Is 11,1-10). \u00c9 a supera\u00e7\u00e3o completa dos conflitos e da vontade dominadora sobre os outros. Algo assim ser\u00e1 poss\u00edvel entre os seres humanos?<\/p>\n<p style=\"text-align: justify\">Na pr\u00e1tica, sabemos quanto isso \u00e9 dif\u00edcil. Conflitos fazem parte do dia a dia e aparecem por toda parte; mesmo assim, e apesar de continuarem os focos de tens\u00e3o, \u00e9 preciso tocar a vida. No fundo do cora\u00e7\u00e3o, por\u00e9m, acreditamos que bem melhor seria se todos se entendessem e convivessem em paz; que n\u00e3o houvesse viol\u00eancia, os direitos essenciais de cada ser humano fossem reconhecidos e respeitados e a justi\u00e7a triunfasse. Tamb\u00e9m \u00e9 este o pressuposto da Carta dos Direitos Humanos, promulgada h\u00e1 60 anos. Sonho bom da humanidade!<\/p>\n<p style=\"text-align: justify\">No contexto do Natal, cada ano o Papa envia aos chefes de Estado e a todos os povos uma Mensagem para o dia mundial da paz, comemorado pela Igreja no dia 1\u00b0 de janeiro. Desta vez, o Papa trata da supera\u00e7\u00e3o da pobreza para a constru\u00e7\u00e3o da paz. A pobreza extrema de amplos setores da popula\u00e7\u00e3o, e mesmo de povos inteiros, \u00e9 fonte de constantes conflitos e amea\u00e7a para a paz. A disparidade gritante entre ricos e pobres est\u00e1 mais evidente que nunca, mesmo em na\u00e7\u00f5es economicamente desenvolvidas. \u201cTrata-se de um problema que se imp\u00f5e \u00e0 consci\u00eancia da humanidade\u201d, diz o Papa: as condi\u00e7\u00f5es de mis\u00e9ria em que vivem muitas pessoas ofendem a dignidade natural de cada ser humano.<\/p>\n<p style=\"text-align: justify\">Falamos com freq\u00fc\u00eancia da sustentabilidade da vida em nosso planeta e, com raz\u00e3o, nos preocupamos com isso. Da mesma forma, \u00e9 preciso pensar na sustentabilidade da paz entre os povos: e isso requer a supera\u00e7\u00e3o da mis\u00e9ria aviltante do ser humano e a promo\u00e7\u00e3o de condi\u00e7\u00f5es de vida digna para todas as pessoas e povos. Em tempos de crise econ\u00f4mica e instabilidade no mercado financeiro corremos o risco de pensar mais em n\u00fameros que em pessoas. Acalmar o nervosismo das bolsas e retomar a economia, passando pesadas contas a pagar aos pobres do mundo n\u00e3o seria sustent\u00e1vel para a paz. Mais do que, simplesmente, \u201csalvar\u201d a economia, seria necess\u00e1rio rever os pressupostos sobre os quais a ordem econ\u00f4mica e financeira mundial veio sendo edificada, e que est\u00e3o a revelar toda a sua fragilidade e engano.<\/p>\n<p style=\"text-align: justify\">Talvez tamb\u00e9m isso seja visto como um sonho imposs\u00edvel, uma utopia fora da realidade&#8230; No entanto, n\u00e3o \u00e9 esta a boa utopia que deveria nortear a busca das solu\u00e7\u00f5es para os problemas do mundo? \u00c9 bem melhor que o lobo n\u00e3o devore o cordeiro e que o le\u00e3o coma em boa paz palha com o boi, sem ceder ao apetite voraz de devor\u00e1-lo&#8230; E retorno ao Natal. O profeta Isa\u00edas tamb\u00e9m anunciava o grande rei-messias, como \u201cpr\u00edncipe da paz\u201d, em cujo reinado haveria grande paz para todos, para sempre! Como os anjos anunciaram na noite de Bel\u00e9m aos pastores: \u201cpaz aos homens de boa vontade\u201d. Com boa vontade, esta boa utopia pode tornar-se realidade um pouco mais em 2009. Feliz ano novo!<\/p>\n<h4 style=\"text-align: right\">Cardeal Odilo Pedro Scherer<\/h4>\n","protected":false},"excerpt":{"rendered":"<p>No Natal, os crist\u00e3os anunciaram mais uma vez ao mundo o seu sonho. As express\u00f5es da liturgia natalina trazem as convic\u00e7\u00f5es mais belas e profundas dessa festa: \u201cesta noite santa foi iluminada com a claridade da verdadeira luz\u201d; a \u201cpalavra eterna de Deus revestiu-se de nossa carne e veio habitar entre n\u00f3s\u201d; e ainda: \u201co &hellip;<\/p>\n<p class=\"read-more\"> <a class=\"\" href=\"https:\/\/www.cnbb.org.br\/lobo-e-cordeiro-viverao-juntos\/\"> <span class=\"screen-reader-text\">Lobo e cordeiro viver\u00e3o juntos<\/span> Leia mais &raquo;<\/a><\/p>\n","protected":false},"author":83,"featured_media":0,"comment_status":"open","ping_status":"open","sticky":false,"template":"","format":"standard","meta":{"site-sidebar-layout":"default","site-content-layout":"default","ast-global-header-display":"","ast-banner-title-visibility":"","ast-main-header-display":"","ast-hfb-above-header-display":"","ast-hfb-below-header-display":"","ast-hfb-mobile-header-display":"","site-post-title":"","ast-breadcrumbs-content":"","ast-featured-img":"","footer-sml-layout":"","theme-transparent-header-meta":"","adv-header-id-meta":"","stick-header-meta":"","header-above-stick-meta":"","header-main-stick-meta":"","header-below-stick-meta":""},"categories":[758],"tags":[],"acf":[],"_links":{"self":[{"href":"https:\/\/www.cnbb.org.br\/cnbb-app\/wp\/v2\/posts\/11248"}],"collection":[{"href":"https:\/\/www.cnbb.org.br\/cnbb-app\/wp\/v2\/posts"}],"about":[{"href":"https:\/\/www.cnbb.org.br\/cnbb-app\/wp\/v2\/types\/post"}],"author":[{"embeddable":true,"href":"https:\/\/www.cnbb.org.br\/cnbb-app\/wp\/v2\/users\/83"}],"replies":[{"embeddable":true,"href":"https:\/\/www.cnbb.org.br\/cnbb-app\/wp\/v2\/comments?post=11248"}],"version-history":[{"count":0,"href":"https:\/\/www.cnbb.org.br\/cnbb-app\/wp\/v2\/posts\/11248\/revisions"}],"wp:attachment":[{"href":"https:\/\/www.cnbb.org.br\/cnbb-app\/wp\/v2\/media?parent=11248"}],"wp:term":[{"taxonomy":"category","embeddable":true,"href":"https:\/\/www.cnbb.org.br\/cnbb-app\/wp\/v2\/categories?post=11248"},{"taxonomy":"post_tag","embeddable":true,"href":"https:\/\/www.cnbb.org.br\/cnbb-app\/wp\/v2\/tags?post=11248"}],"curies":[{"name":"wp","href":"https:\/\/api.w.org\/{rel}","templated":true}]}}