{"id":11264,"date":"2009-10-20T00:00:00","date_gmt":"2009-10-20T02:00:00","guid":{"rendered":"https:\/\/www.cnbb.org.br\/mais-se-grita-menos-razao\/"},"modified":"2009-10-20T00:00:00","modified_gmt":"2009-10-20T02:00:00","slug":"mais-se-grita-menos-razao","status":"publish","type":"post","link":"https:\/\/www.cnbb.org.br\/mais-se-grita-menos-razao\/","title":{"rendered":"Mais se grita, menos raz\u00e3o"},"content":{"rendered":"<p style=\"text-align: justify\">O papa esteve na Rep\u00fablica Checa, entre 26 e 28 de setembro deste ano de 2009. Esse pa\u00eds \u00e9 o mais agn\u00f3stico do mundo (uns 60 % da popula\u00e7\u00e3o). Mas isso n\u00e3o impediu de Bento XVI pronunciar not\u00e1vel palestra na Universidade de Praga (com casa cheia), em atitude de total respeito do p\u00fablico, e com abertura intelectual de mestres e alunos. Falou abertamente sobre o sentido antropol\u00f3gico da f\u00e9 em Deus, e do retorno \u00e0s ra\u00edzes crist\u00e3s do povo checo. O comunismo educou v\u00e1rias gera\u00e7\u00f5es no agnosticismo.\u00a0 Pode-se dizer que esse encontro do Papa foi um sucesso. Mas ato cont\u00ednuo, um pr\u00eamio Nobel de literatura, europeu, insultou Sua Santidade, exatamente por demonstrar o grande sentido de vida, que a f\u00e9 num Deus Criador imprime. Este, diferente dos checos (que s\u00e3o agn\u00f3sticos em busca de devassar o mist\u00e9rio divino), \u00e9 um militante ateu. Supera at\u00e9 o marqu\u00eas de Pombal em inten\u00e7\u00f5es anti-eclesiais.\u00a0 \u00c9 bom saber que nenhum ateu militante aceita a metaf\u00edsica. \u00c9 como discutir a cor de uma \u00e1rvore, dizendo que o crit\u00e9rio da vista n\u00e3o vale.<\/p>\n<p>  <!--more-->  <\/p>\n<p style=\"text-align: justify\">Tenho observado, repetidas vezes, uma grande viol\u00eancia de palavras por parte de militantes do ate\u00edsmo. Pode ser que os pensadores tranq\u00fcilos do ate\u00edsmo existam. Mas eu n\u00e3o tenho experi\u00eancia disso. O que costuma acontecer, \u00e9 que eles, antes de tudo, insultem a intelig\u00eancia dos seus contendores. Nas palavras deles, os \u00fanicos inteligentes ficam do seu lado. Os outros s\u00e3o mentecaptos, idiotas, iludidos, e de baixo Q.I. O segundo gesto costumeiro \u00e9 o insulto p\u00fablico, a ponto de assustar, e fazer tremer a v\u00edtima at\u00e9 as bases. O que se quer com essas duas atitudes ( desclassificar os advers\u00e1rios e assusta-los)? \u00c9 impedir o di\u00e1logo. \u00c9 calar, envergonhados, todos os que tem outro ponto de vista e querer silencia-los para sempre. Numa briga dom\u00e9stica se costuma dizer que aqueles que mais gritam, s\u00e3o os que tem menos raz\u00e3o. A teologia crist\u00e3 concorda em dialogar com os que n\u00e3o aceitam um Ser Superior, que sempre existiu. Mas n\u00e3o se pode aceitar os argumentos de quem se refugia em teorias complicad\u00edssimas, e n\u00e3o aceita as raz\u00f5es do bom senso. \u201cAs perfei\u00e7\u00f5es de Deus podem ser contempladas, pela intelig\u00eancia, nas obras que realizou\u201d (At\u00a0 1, 20).<\/p>\n<h4 style=\"text-align: right\">Dom Alo\u00edsio Roque Oppermann<\/h4>\n","protected":false},"excerpt":{"rendered":"<p>O papa esteve na Rep\u00fablica Checa, entre 26 e 28 de setembro deste ano de 2009. Esse pa\u00eds \u00e9 o mais agn\u00f3stico do mundo (uns 60 % da popula\u00e7\u00e3o). Mas isso n\u00e3o impediu de Bento XVI pronunciar not\u00e1vel palestra na Universidade de Praga (com casa cheia), em atitude de total respeito do p\u00fablico, e com &hellip;<\/p>\n<p class=\"read-more\"> <a class=\"\" href=\"https:\/\/www.cnbb.org.br\/mais-se-grita-menos-razao\/\"> <span class=\"screen-reader-text\">Mais se grita, menos raz\u00e3o<\/span> Leia mais &raquo;<\/a><\/p>\n","protected":false},"author":83,"featured_media":0,"comment_status":"open","ping_status":"open","sticky":false,"template":"","format":"standard","meta":{"site-sidebar-layout":"default","site-content-layout":"default","ast-global-header-display":"","ast-banner-title-visibility":"","ast-main-header-display":"","ast-hfb-above-header-display":"","ast-hfb-below-header-display":"","ast-hfb-mobile-header-display":"","site-post-title":"","ast-breadcrumbs-content":"","ast-featured-img":"","footer-sml-layout":"","theme-transparent-header-meta":"","adv-header-id-meta":"","stick-header-meta":"","header-above-stick-meta":"","header-main-stick-meta":"","header-below-stick-meta":""},"categories":[758],"tags":[],"acf":[],"_links":{"self":[{"href":"https:\/\/www.cnbb.org.br\/cnbb-app\/wp\/v2\/posts\/11264"}],"collection":[{"href":"https:\/\/www.cnbb.org.br\/cnbb-app\/wp\/v2\/posts"}],"about":[{"href":"https:\/\/www.cnbb.org.br\/cnbb-app\/wp\/v2\/types\/post"}],"author":[{"embeddable":true,"href":"https:\/\/www.cnbb.org.br\/cnbb-app\/wp\/v2\/users\/83"}],"replies":[{"embeddable":true,"href":"https:\/\/www.cnbb.org.br\/cnbb-app\/wp\/v2\/comments?post=11264"}],"version-history":[{"count":0,"href":"https:\/\/www.cnbb.org.br\/cnbb-app\/wp\/v2\/posts\/11264\/revisions"}],"wp:attachment":[{"href":"https:\/\/www.cnbb.org.br\/cnbb-app\/wp\/v2\/media?parent=11264"}],"wp:term":[{"taxonomy":"category","embeddable":true,"href":"https:\/\/www.cnbb.org.br\/cnbb-app\/wp\/v2\/categories?post=11264"},{"taxonomy":"post_tag","embeddable":true,"href":"https:\/\/www.cnbb.org.br\/cnbb-app\/wp\/v2\/tags?post=11264"}],"curies":[{"name":"wp","href":"https:\/\/api.w.org\/{rel}","templated":true}]}}