{"id":11290,"date":"2009-07-21T00:00:00","date_gmt":"2009-07-21T03:00:00","guid":{"rendered":"https:\/\/www.cnbb.org.br\/foi-importante-lembrar\/"},"modified":"2009-07-21T00:00:00","modified_gmt":"2009-07-21T03:00:00","slug":"foi-importante-lembrar","status":"publish","type":"post","link":"https:\/\/www.cnbb.org.br\/foi-importante-lembrar\/","title":{"rendered":"Foi importante lembrar"},"content":{"rendered":"<p style=\"text-align: justify\">A enc\u00edclica do Papa intelectual, denominada \u201cCaritas in Veritate\u201d (Caridade na Verdade), \u00e9 profundamente inquietadora. \u00c9 at\u00e9 civilizadamente provocadora. \u00c9 um escrito, que segue a esteira das grandes manifesta\u00e7\u00f5es sociais dos Papas, notadamente de Paulo VI na sua \u201cPopulorum Progressio\u201d (40 anos). Ele provoca o mundo moderno a dar um passo para frente.\u00a0 Dizer que essas enc\u00edclicas sociais nada dizem para o mundo de hoje, \u00e9 uma afirma\u00e7\u00e3o espantosa. Sabe-se que, na surdina, os pa\u00edses de maioria protestante, e os pa\u00edses de corte civilizado do oriente, s\u00e3o os que mais adequaram sua realidade social aos reclamos dessas enc\u00edclicas.\u00a0 Desta vez Ratzinger, como um homem da sua \u00e9poca, adentra os problemas\u00a0 de uma nova ordem pol\u00edtica e financeira mundial, pede altera\u00e7\u00f5es no modelo econ\u00f4mico vigente,\u00a0 sugere a reforma da ONU, exige vigil\u00e2ncia sobre o andamento da economia e do desarmamento, requer a seguran\u00e7a alimentar e o compromisso com a paz, com o meio ambiente e com as migra\u00e7\u00f5es humanas. Conclama o mundo a realizar, n\u00e3o s\u00f3 o progresso dos povos, mas a projetar um desenvolvimento integral.<\/p>\n<p>  <!--more-->  <\/p>\n<p style=\"text-align: justify\">Ao falar desse pleno desenvolvimento, Bento XVI n\u00e3o se furta a lembrar uma verdade b\u00e1sica. Este princ\u00edpio se encontra por demais escamoteado pela modernidade, que se quer entender como uma sociedade laica, preferentemente enquadrada no ambiente estreito\u00a0 da intra-mundanidade. Trata-se do por\u00e3o do \u201cici-bas\u201d, que impede \u00e0 humanidade de ter uma vis\u00e3o completa da realidade humana. \u201cEles ser\u00e3o o meu povo e eu serei o seu Deus\u201d (Jer 24, 7). Como um bom pai, mostra que Jesus, atrav\u00e9s de sua vida e ressurrei\u00e7\u00e3o, \u00e9 a pessoa que melhor testemunhou o v\u00ednculo intr\u00ednseco,\u00a0 existente entre a vida terrena e a destina\u00e7\u00e3o eterna do nosso ser.\u00a0 Mostra que o desenvolvimento integral, permitindo a presen\u00e7a do Criador,\u00a0\u00a0 \u00e9 a motiva\u00e7\u00e3o verdadeira\u00a0 que impulsiona para o avan\u00e7o da pessoa e de toda a humanidade. Esta \u00e9 a for\u00e7a propulsora por excel\u00eancia, para aprender o valor do bem comum. \u201cSem Deus o homem n\u00e3o sabe para onde ir, e n\u00e3o consegue sequer compreender quem seja\u201d (CiV\u00a0 n\u00ba 78).<\/p>\n<h4 style=\"text-align: right\">Dom Alo\u00edsio Roque Oppermann<\/h4>\n","protected":false},"excerpt":{"rendered":"<p>A enc\u00edclica do Papa intelectual, denominada \u201cCaritas in Veritate\u201d (Caridade na Verdade), \u00e9 profundamente inquietadora. \u00c9 at\u00e9 civilizadamente provocadora. \u00c9 um escrito, que segue a esteira das grandes manifesta\u00e7\u00f5es sociais dos Papas, notadamente de Paulo VI na sua \u201cPopulorum Progressio\u201d (40 anos). Ele provoca o mundo moderno a dar um passo para frente.\u00a0 Dizer que &hellip;<\/p>\n<p class=\"read-more\"> <a class=\"\" href=\"https:\/\/www.cnbb.org.br\/foi-importante-lembrar\/\"> <span class=\"screen-reader-text\">Foi importante lembrar<\/span> Leia mais &raquo;<\/a><\/p>\n","protected":false},"author":83,"featured_media":0,"comment_status":"open","ping_status":"open","sticky":false,"template":"","format":"standard","meta":{"site-sidebar-layout":"default","site-content-layout":"default","ast-global-header-display":"","ast-banner-title-visibility":"","ast-main-header-display":"","ast-hfb-above-header-display":"","ast-hfb-below-header-display":"","ast-hfb-mobile-header-display":"","site-post-title":"","ast-breadcrumbs-content":"","ast-featured-img":"","footer-sml-layout":"","theme-transparent-header-meta":"","adv-header-id-meta":"","stick-header-meta":"","header-above-stick-meta":"","header-main-stick-meta":"","header-below-stick-meta":""},"categories":[758],"tags":[],"acf":[],"_links":{"self":[{"href":"https:\/\/www.cnbb.org.br\/cnbb-app\/wp\/v2\/posts\/11290"}],"collection":[{"href":"https:\/\/www.cnbb.org.br\/cnbb-app\/wp\/v2\/posts"}],"about":[{"href":"https:\/\/www.cnbb.org.br\/cnbb-app\/wp\/v2\/types\/post"}],"author":[{"embeddable":true,"href":"https:\/\/www.cnbb.org.br\/cnbb-app\/wp\/v2\/users\/83"}],"replies":[{"embeddable":true,"href":"https:\/\/www.cnbb.org.br\/cnbb-app\/wp\/v2\/comments?post=11290"}],"version-history":[{"count":0,"href":"https:\/\/www.cnbb.org.br\/cnbb-app\/wp\/v2\/posts\/11290\/revisions"}],"wp:attachment":[{"href":"https:\/\/www.cnbb.org.br\/cnbb-app\/wp\/v2\/media?parent=11290"}],"wp:term":[{"taxonomy":"category","embeddable":true,"href":"https:\/\/www.cnbb.org.br\/cnbb-app\/wp\/v2\/categories?post=11290"},{"taxonomy":"post_tag","embeddable":true,"href":"https:\/\/www.cnbb.org.br\/cnbb-app\/wp\/v2\/tags?post=11290"}],"curies":[{"name":"wp","href":"https:\/\/api.w.org\/{rel}","templated":true}]}}