{"id":11347,"date":"2009-10-13T00:00:00","date_gmt":"2009-10-13T03:00:00","guid":{"rendered":"https:\/\/www.cnbb.org.br\/nao-e-o-fim-do-mundo\/"},"modified":"2009-10-13T00:00:00","modified_gmt":"2009-10-13T03:00:00","slug":"nao-e-o-fim-do-mundo","status":"publish","type":"post","link":"https:\/\/www.cnbb.org.br\/nao-e-o-fim-do-mundo\/","title":{"rendered":"N\u00e3o \u00e9 o fim do mundo!"},"content":{"rendered":"<p style=\"text-align: justify\">Uma pessoa amiga de Bras\u00edlia, ao tomar conhecimento dos estragos provocados pelos tuf\u00f5es, granizos e enchentes nos Estados do Sul brasileiro, exclamou: \u201c\u00c9 o fim do mundo\u201d! Respondi: N\u00e3o \u00e9 o fim do mundo. Mas \u00e9 tempo de trabalhar para reconstruir; tempo de renovar a esperan\u00e7a; tempo de solidariedade; tempo de viver.<\/p>\n<p>  <!--more-->  <\/p>\n<p style=\"text-align: justify\">Na minha juventude vi ainda parte das ru\u00ednas provocadas pela segunda guerra mundial, principalmente na Alemanha. A maioria dos sobreviventes \u00e0 trag\u00e9dia reagiu com denodo e coragem. Ficaram famosas as \u201cmulheres dos escombros\u201d da Alemanha. A reconstru\u00e7\u00e3o \u00e9 um exemplo para a humanidade.<\/p>\n<p style=\"text-align: justify\">\u00c9 verdade que parte do povo, influenciado por filosofias pessimistas da \u00e9poca, se entregou ao des\u00e2nimo. Com certa freq\u00fc\u00eancia vi jovens sentados em cima de muros, com cigarro na boca, olhando a fuma\u00e7a subir. Perguntei: o que fazem? Resposta: \u201cEst\u00e3o cultivando o nojo do nada\u201d! O Ap\u00f3stolo Paulo aconselha o contr\u00e1rio: \u201cQuem se nega a trabalhar, n\u00e3o coma\u201d (2 Ts 3, 10).<\/p>\n<p style=\"text-align: justify\">A B\u00edblia chama a esperan\u00e7a de \u201c\u00e2ncora da alma\u201d (Hb 6, 19). Assim como o navio lan\u00e7a a \u00e2ncora para se firmar na \u00e1gua, assim a alma se ap\u00f3ia na esperan\u00e7a. \u00c9 claro, esperan\u00e7a baseada em Deus. Segundo Paulo, \u00e9 \u201ca esperan\u00e7a que n\u00e3o decepciona\u201d (Rm 5,5). Por sinal, a esperan\u00e7a \u00e9 a caracter\u00edstica do crist\u00e3o.<\/p>\n<p style=\"text-align: justify\">\u00c9 tempo de solidariedade. Tamb\u00e9m entre n\u00f3s a caridade social \u00e9 um fato. Acontece entre ricos e pobres; em n\u00edvel local, nacional e internacional. Quando se presta aten\u00e7\u00e3o \u00e0 solidariedade do povo, fica-se crendo que a paz \u00e9 poss\u00edvel. E que de fato n\u00e3o \u00e9 o fim do mundo.<\/p>\n<p style=\"text-align: justify\">\u00c9 tempo de viver. Tamb\u00e9m de festa, de alegria, para retemperar a alma. O munic\u00edpio de Rio Pardo festeja seus 200 anos de emancipa\u00e7\u00e3o. Suas lindas e antigas igrejas est\u00e3o sendo restauradas em parceria exemplar entre Poder P\u00fablico, iniciativa particular e comunidade crist\u00e3. Estamos todos felizes com o restauro.<\/p>\n<p style=\"text-align: justify\">Santa Cruz do Sul realiza a \u201cfesta da alegria, isto \u00e9, a 25\u00aa Oktoberfest e a Feirasul. Uma comunidade sadia precisa de lazer, de festa, de varia\u00e7\u00e3o. Mesmo atingidos por calamidades, \u00e9 bom festejar. Enquanto esperamos a festa maior, que Paulo descreve assim: \u201cO que os olhos n\u00e3o viram, os ouvidos n\u00e3o ouviram, e o cora\u00e7\u00e3o do homem n\u00e3o percebeu, isso Deus preparou para aqueles que o amam\u201d (1 Cor 2, 9). \u00c9 a festa que nunca se acaba!<\/p>\n<h4 style=\"text-align: right\">Dom Alo\u00edsio Sin\u00e9sio Bohn<\/h4>\n","protected":false},"excerpt":{"rendered":"<p>Uma pessoa amiga de Bras\u00edlia, ao tomar conhecimento dos estragos provocados pelos tuf\u00f5es, granizos e enchentes nos Estados do Sul brasileiro, exclamou: \u201c\u00c9 o fim do mundo\u201d! Respondi: N\u00e3o \u00e9 o fim do mundo. Mas \u00e9 tempo de trabalhar para reconstruir; tempo de renovar a esperan\u00e7a; tempo de solidariedade; tempo de viver.<\/p>\n","protected":false},"author":83,"featured_media":0,"comment_status":"open","ping_status":"open","sticky":false,"template":"","format":"standard","meta":{"site-sidebar-layout":"default","site-content-layout":"default","ast-global-header-display":"","ast-banner-title-visibility":"","ast-main-header-display":"","ast-hfb-above-header-display":"","ast-hfb-below-header-display":"","ast-hfb-mobile-header-display":"","site-post-title":"","ast-breadcrumbs-content":"","ast-featured-img":"","footer-sml-layout":"","theme-transparent-header-meta":"","adv-header-id-meta":"","stick-header-meta":"","header-above-stick-meta":"","header-main-stick-meta":"","header-below-stick-meta":""},"categories":[758],"tags":[],"acf":[],"_links":{"self":[{"href":"https:\/\/www.cnbb.org.br\/cnbb-app\/wp\/v2\/posts\/11347"}],"collection":[{"href":"https:\/\/www.cnbb.org.br\/cnbb-app\/wp\/v2\/posts"}],"about":[{"href":"https:\/\/www.cnbb.org.br\/cnbb-app\/wp\/v2\/types\/post"}],"author":[{"embeddable":true,"href":"https:\/\/www.cnbb.org.br\/cnbb-app\/wp\/v2\/users\/83"}],"replies":[{"embeddable":true,"href":"https:\/\/www.cnbb.org.br\/cnbb-app\/wp\/v2\/comments?post=11347"}],"version-history":[{"count":0,"href":"https:\/\/www.cnbb.org.br\/cnbb-app\/wp\/v2\/posts\/11347\/revisions"}],"wp:attachment":[{"href":"https:\/\/www.cnbb.org.br\/cnbb-app\/wp\/v2\/media?parent=11347"}],"wp:term":[{"taxonomy":"category","embeddable":true,"href":"https:\/\/www.cnbb.org.br\/cnbb-app\/wp\/v2\/categories?post=11347"},{"taxonomy":"post_tag","embeddable":true,"href":"https:\/\/www.cnbb.org.br\/cnbb-app\/wp\/v2\/tags?post=11347"}],"curies":[{"name":"wp","href":"https:\/\/api.w.org\/{rel}","templated":true}]}}