{"id":11358,"date":"2009-06-19T00:00:00","date_gmt":"2009-06-19T03:00:00","guid":{"rendered":"https:\/\/www.cnbb.org.br\/o-cura-e-o-ano-sacerdotal\/"},"modified":"2009-06-19T00:00:00","modified_gmt":"2009-06-19T03:00:00","slug":"o-cura-e-o-ano-sacerdotal","status":"publish","type":"post","link":"https:\/\/www.cnbb.org.br\/o-cura-e-o-ano-sacerdotal\/","title":{"rendered":"O Cura e o ano sacerdotal"},"content":{"rendered":"<p style=\"text-align: justify\">No dia 08 de maio de 1786 nasceu em Dardilly, perto de Lyon (Fran\u00e7a), o menino Jo\u00e3o Maria Vianney. Seus pais &#8211; Mateus e Maria Beluze &#8211; educaram o filho na f\u00e9 crist\u00e3. Quando fez 11 anos, sua fam\u00edlia foi visitada clandestinamente por um sacerdote (Padre Groboz) e ali mesmo, em casa, fez a primeira experi\u00eancia de confiss\u00e3o auricular. A primeira comunh\u00e3o, Jo\u00e3o, apelidado de \u201cgordinho\u201d, fez dois anos depois, tamb\u00e9m \u00e0s escondidas, por causa da Revolu\u00e7\u00e3o Francesa.<\/p>\n<p><!--more--><\/p>\n<p style=\"text-align: justify\">O gordinho era muito piedoso, mas tinha dificuldade no estudo. Outra dificuldade encontrou no ex\u00e9rcito napole\u00f4nico, em marcha para a Espanha: n\u00e3o acertava o passo com seu batalh\u00e3o!<\/p>\n<p style=\"text-align: justify\">O jovem entrou no semin\u00e1rio, muito desejoso de ser padre. Conta-se que os professores queriam impedir o acesso \u00e0s ordens sagradas, mas um deles falou ao vig\u00e1rio geral: \u201c\u00c9 uma l\u00e1stima, porque \u00e9 um modelo de piedade\u201d. Este interveio: \u201c\u00c9 um modelo de piedade? Ent\u00e3o eu o promovo e a gra\u00e7a de Deus far\u00e1 o resto!\u201d Foi ordenado padre e, em 1818, aos 32 anos, foi enviado para Ars uma pequena par\u00f3quia rural, onde o santo cura permaneceu at\u00e9 a morte, aos 04 de agosto de 1859, com 73 anos de idade.<\/p>\n<p style=\"text-align: justify\">O Cura d\u2019Ars foi um ex\u00edmio confessor e diretor espiritual. Chegava a permanecer 18 horas por dia no confession\u00e1rio. Rapidamente sua fama se espalhou pela Fran\u00e7a e pa\u00edses vizinhos e Ars tornou-se um centro de peregrina\u00e7\u00e3o.<\/p>\n<p style=\"text-align: justify\">Outra virtude do Cura d\u2019Ars foi sua imensa bondade e generosidade. Usava uma desbotada batina. Um pobre vestia um par de cal\u00e7as muito ruins. O santo trocou sua cal\u00e7a pela do mendigo. \u00c0s vezes doava tamb\u00e9m as meias e os sapatos.<\/p>\n<p style=\"text-align: justify\">Para os \u00f3rf\u00e3os criou a \u201cProvidencia\u201d, um orfanato, cuja dire\u00e7\u00e3o coube a Catarina Lassagne.<\/p>\n<p style=\"text-align: justify\">Para comemorar os 150 anos do falecimento de S\u00e3o Jo\u00e3o Maria Vianney, o papa Bento XVI proclamou um especial \u201cAno Sacerdotal\u201d. Ele mesmo abre o ano especial em Roma, dia 19 de junho, na festa do Sagrado Cora\u00e7\u00e3o de Jesus. O Papa proclama o Cura d\u2019Ars como padroeiro de todos sacerdotes. O encerramento ser\u00e1 dia 19 de junho de 2010, na Pra\u00e7a S\u00e3o Pedro, em Roma, na presen\u00e7a de milhares de presb\u00edteros do mundo inteiro.<\/p>\n<p style=\"text-align: justify\">Na Diocese de Santa Cruz do Sul \u00e9 aberto o \u201cAno Sacerdotal\u201d em Santa Clara do Sul, tamb\u00e9m dia 19 de junho, no encontro regional do Apostolado da Ora\u00e7\u00e3o. Pede-se aos fi\u00e9is que neste ano se lembrem de orar pelos padres e pelas voca\u00e7\u00f5es sacerdotais. E os pr\u00f3prios presb\u00edteros orem pelo povo a eles confiado. E oremos todos uns pelos outros.<\/p>\n<h4 style=\"text-align: right\">Dom Alo\u00edsio Sin\u00e9sio Bohn<\/h4>\n","protected":false},"excerpt":{"rendered":"<p>No dia 08 de maio de 1786 nasceu em Dardilly, perto de Lyon (Fran\u00e7a), o menino Jo\u00e3o Maria Vianney. Seus pais &#8211; Mateus e Maria Beluze &#8211; educaram o filho na f\u00e9 crist\u00e3. Quando fez 11 anos, sua fam\u00edlia foi visitada clandestinamente por um sacerdote (Padre Groboz) e ali mesmo, em casa, fez a primeira &hellip;<\/p>\n<p class=\"read-more\"> <a class=\"\" href=\"https:\/\/www.cnbb.org.br\/o-cura-e-o-ano-sacerdotal\/\"> <span class=\"screen-reader-text\">O Cura e o ano sacerdotal<\/span> Leia mais &raquo;<\/a><\/p>\n","protected":false},"author":83,"featured_media":0,"comment_status":"open","ping_status":"open","sticky":false,"template":"","format":"standard","meta":{"site-sidebar-layout":"default","site-content-layout":"default","ast-global-header-display":"","ast-banner-title-visibility":"","ast-main-header-display":"","ast-hfb-above-header-display":"","ast-hfb-below-header-display":"","ast-hfb-mobile-header-display":"","site-post-title":"","ast-breadcrumbs-content":"","ast-featured-img":"","footer-sml-layout":"","theme-transparent-header-meta":"","adv-header-id-meta":"","stick-header-meta":"","header-above-stick-meta":"","header-main-stick-meta":"","header-below-stick-meta":""},"categories":[758],"tags":[],"acf":[],"_links":{"self":[{"href":"https:\/\/www.cnbb.org.br\/cnbb-app\/wp\/v2\/posts\/11358"}],"collection":[{"href":"https:\/\/www.cnbb.org.br\/cnbb-app\/wp\/v2\/posts"}],"about":[{"href":"https:\/\/www.cnbb.org.br\/cnbb-app\/wp\/v2\/types\/post"}],"author":[{"embeddable":true,"href":"https:\/\/www.cnbb.org.br\/cnbb-app\/wp\/v2\/users\/83"}],"replies":[{"embeddable":true,"href":"https:\/\/www.cnbb.org.br\/cnbb-app\/wp\/v2\/comments?post=11358"}],"version-history":[{"count":0,"href":"https:\/\/www.cnbb.org.br\/cnbb-app\/wp\/v2\/posts\/11358\/revisions"}],"wp:attachment":[{"href":"https:\/\/www.cnbb.org.br\/cnbb-app\/wp\/v2\/media?parent=11358"}],"wp:term":[{"taxonomy":"category","embeddable":true,"href":"https:\/\/www.cnbb.org.br\/cnbb-app\/wp\/v2\/categories?post=11358"},{"taxonomy":"post_tag","embeddable":true,"href":"https:\/\/www.cnbb.org.br\/cnbb-app\/wp\/v2\/tags?post=11358"}],"curies":[{"name":"wp","href":"https:\/\/api.w.org\/{rel}","templated":true}]}}