{"id":11369,"date":"2008-12-22T00:00:00","date_gmt":"2008-12-22T02:00:00","guid":{"rendered":"https:\/\/www.cnbb.org.br\/o-menino-e-deus-conosco\/"},"modified":"2008-12-22T00:00:00","modified_gmt":"2008-12-22T02:00:00","slug":"o-menino-e-deus-conosco","status":"publish","type":"post","link":"https:\/\/www.cnbb.org.br\/o-menino-e-deus-conosco\/","title":{"rendered":"O Menino \u00e9 Deus conosco"},"content":{"rendered":"<p style=\"text-align: justify\">Um dos epis\u00f3dios lindos da hist\u00f3ria sagrada \u00e9 o encontro de Deus com Abra\u00e3o junto ao carvalho de Mambr\u00e9. Deus conversou com Abra\u00e3o sobre o futuro, enquanto Sara escutava atr\u00e1s da porta. Abra\u00e3o serviu uma refei\u00e7\u00e3o ao Senhor sob a \u00e1rvore (Gen 18, 1-5). Magn\u00edfico: Deus conversou e tomou uma refei\u00e7\u00e3o com Abra\u00e3o!<\/p>\n<p>  <!--more-->  <\/p>\n<p style=\"text-align: justify\">Mais lindo \u00e9 o que acontece no Natal: Deus assumi a nossa natureza humana e vem morar conosco. O poeta se encanta com a m\u00e3o amiga no ombro a dar coragem e consolo. Imagina Deus morando entre n\u00f3s, caminhando conosco, qual membro de nossa fam\u00edlia! Como a dizer: Voc\u00eas n\u00e3o s\u00e3o uma na\u00e7\u00e3o rejeitada. Pelo contr\u00e1rio, s\u00e3o bem amados, conforme os anjos cantaram na noite santa: \u201cGl\u00f3ria a Deus nas alturas e na terra paz aos homens que Ele ama\u201d (Lc 2, 14).<\/p>\n<p style=\"text-align: justify\">Se tu vives na solid\u00e3o e te sentes em abandono, lembra-te: O Menino est\u00e1 contigo e te ama. Ele desceu das alturas divinas para morar contigo.<\/p>\n<p style=\"text-align: justify\">A v\u00e9spera do Natal \u00e9 tempo de esperan\u00e7a. Tamb\u00e9m para a fam\u00edlia e para as comunidades. \u00c9 igualmente tempo de solidariedade: O que o Menino faz por n\u00f3s, de algum modo n\u00f3s fazemos para os necessitados. N\u00e3o s\u00f3 os pobres, mas tamb\u00e9m as pessoas idosas, abandonadas, no hospital, no pres\u00eddio, na rua.<\/p>\n<p style=\"text-align: justify\">Uma coisa dif\u00edcil, mas que agrada a Deus \u00e9 o perd\u00e3o e a reconcilia\u00e7\u00e3o. Como diz uma ora\u00e7\u00e3o eucar\u00edstica: \u201cVosso Esp\u00edrito Santo move os cora\u00e7\u00f5es, de modo que os inimigos voltem \u00e0 amizade, os advers\u00e1rios se d\u00eaem as m\u00e3os e os povos procurem reencontrar a paz\u201d.<\/p>\n<p style=\"text-align: justify\">Quando eu era coroinha, sempre achei lindo o convite do padre na Missa, em latim: \u201cSursum corda\u201d! (Cora\u00e7\u00f5es ao alto!). \u00c9 o convite para o povo a caminho. \u00c9 proibido desanimar! Fa\u00e7o meu o convite da liturgia: \u201cLevantai vossa cabe\u00e7a e olhai, pois a vossa reden\u00e7\u00e3o se aproxima\u201d!<\/p>\n<p style=\"text-align: justify\">Feliz Natal!<\/p>\n<h4 style=\"text-align: right\">Dom Alo\u00edsio Sin\u00e9sio Bohn<\/h4>\n","protected":false},"excerpt":{"rendered":"<p>Um dos epis\u00f3dios lindos da hist\u00f3ria sagrada \u00e9 o encontro de Deus com Abra\u00e3o junto ao carvalho de Mambr\u00e9. Deus conversou com Abra\u00e3o sobre o futuro, enquanto Sara escutava atr\u00e1s da porta. Abra\u00e3o serviu uma refei\u00e7\u00e3o ao Senhor sob a \u00e1rvore (Gen 18, 1-5). Magn\u00edfico: Deus conversou e tomou uma refei\u00e7\u00e3o com Abra\u00e3o!<\/p>\n","protected":false},"author":83,"featured_media":0,"comment_status":"open","ping_status":"open","sticky":false,"template":"","format":"standard","meta":{"site-sidebar-layout":"default","site-content-layout":"default","ast-global-header-display":"","ast-banner-title-visibility":"","ast-main-header-display":"","ast-hfb-above-header-display":"","ast-hfb-below-header-display":"","ast-hfb-mobile-header-display":"","site-post-title":"","ast-breadcrumbs-content":"","ast-featured-img":"","footer-sml-layout":"","theme-transparent-header-meta":"","adv-header-id-meta":"","stick-header-meta":"","header-above-stick-meta":"","header-main-stick-meta":"","header-below-stick-meta":""},"categories":[758],"tags":[],"acf":[],"_links":{"self":[{"href":"https:\/\/www.cnbb.org.br\/cnbb-app\/wp\/v2\/posts\/11369"}],"collection":[{"href":"https:\/\/www.cnbb.org.br\/cnbb-app\/wp\/v2\/posts"}],"about":[{"href":"https:\/\/www.cnbb.org.br\/cnbb-app\/wp\/v2\/types\/post"}],"author":[{"embeddable":true,"href":"https:\/\/www.cnbb.org.br\/cnbb-app\/wp\/v2\/users\/83"}],"replies":[{"embeddable":true,"href":"https:\/\/www.cnbb.org.br\/cnbb-app\/wp\/v2\/comments?post=11369"}],"version-history":[{"count":0,"href":"https:\/\/www.cnbb.org.br\/cnbb-app\/wp\/v2\/posts\/11369\/revisions"}],"wp:attachment":[{"href":"https:\/\/www.cnbb.org.br\/cnbb-app\/wp\/v2\/media?parent=11369"}],"wp:term":[{"taxonomy":"category","embeddable":true,"href":"https:\/\/www.cnbb.org.br\/cnbb-app\/wp\/v2\/categories?post=11369"},{"taxonomy":"post_tag","embeddable":true,"href":"https:\/\/www.cnbb.org.br\/cnbb-app\/wp\/v2\/tags?post=11369"}],"curies":[{"name":"wp","href":"https:\/\/api.w.org\/{rel}","templated":true}]}}