{"id":11370,"date":"2008-12-01T00:00:00","date_gmt":"2008-12-01T02:00:00","guid":{"rendered":"https:\/\/www.cnbb.org.br\/adeus-padre-reynaldo\/"},"modified":"2008-12-01T00:00:00","modified_gmt":"2008-12-01T02:00:00","slug":"adeus-padre-reynaldo","status":"publish","type":"post","link":"https:\/\/www.cnbb.org.br\/adeus-padre-reynaldo\/","title":{"rendered":"Adeus Padre Reynaldo"},"content":{"rendered":"<p style=\"text-align: justify\">Padre Reynaldo Reinher, nascido aos 09 de agosto de 1926, em Linha Bonita Baixa (Montenegro), filho de Carlos Reinher e Maria Schneider Reinher. Estudou as primeiras letras na Escola Paroquial da comunidade, sendo seu professor Jo\u00e3o Bohn Sobrinho, meu pai. Completou o ensino prim\u00e1rio e m\u00e9dio no Semin\u00e1rio Menor de Gravata\u00ed. O curso de filosofia e de teologia absolveu no Semin\u00e1rio Central de S\u00e3o Leopoldo, sob a orienta\u00e7\u00e3o da Companhia de Jesus.<\/p>\n<p>  <!--more-->  <\/p>\n<p style=\"text-align: justify\">Lembro-me que durante as f\u00e9rias, Reynaldo, meu irm\u00e3o Ortvino e Oscar F\u00fchr, iam todos os domingos \u00e0 missa em Harmonia, a cavalo. Meu irm\u00e3o morava mas longe; esperava pelo Oscar no port\u00e3o de entrada da casa dele. Oscar n\u00e3o tinha despertador. Ele prendia um galo numa lata vazia de querosene e ao alvorecer o galo cantava. O \u201cm\u00e9todo\u201d nunca falhou. Oscar e meu mano iam at\u00e9 o port\u00e3o de entrada da casa dos Reinher. Assim os tr\u00eas seminaristas iam pra a missa dominical. Pe. Oscar morreu em Altamira, no Xingu, como mission\u00e1rio. Pediu pra ser sepultado debaixo de uma \u00e1rvore da Transamaz\u00f4nica, como sinal de estima pela terra.<\/p>\n<p style=\"text-align: justify\">Reynaldo foi ordenado Presb\u00edtero por Dom Vicente Scherer, no Semin\u00e1rio Central de S\u00e3o Leopoldo, aos 27 de novembro de 1955. Em janeiro de 1956 assumiu o minist\u00e9rio como Vig\u00e1rio Paroquial na Par\u00f3quia S\u00e3o Jo\u00e3o Batista de Montenegro (hoje Catedral). Um ano depois, em 1957, assumiu a mesma fun\u00e7\u00e3o em Santa Maria do Herval. Em janeiro de 1958 a fim de conhecer bem a arte de presidir uma Par\u00f3quia, foi enviado a Ven\u00e2ncio Aires. No mesmo ano, aos 03 de mar\u00e7o, assumiu a Par\u00f3quia de Travesseiro.<\/p>\n<p style=\"text-align: justify\">Agora o jovem padre tinha suficiente experi\u00eancia para assumir o Semin\u00e1rio Menor de Arroio do Meio, em janeiro de 1960. No ano seguinte assumiu a Par\u00f3quia de Pantano Grande. De 1967 at\u00e9 1984 ficou em Boqueir\u00e3o do Le\u00e3o. Em 1984 assumir a Par\u00f3quia de Santa Clara do Sul. Em 1990 assumiu a Par\u00f3quia de Itapuca, para retornar a Boqueir\u00e3o do Le\u00e3o em 1993. Depois (1994) passou um ano em Candel\u00e1ria. A saudade o levou de volta \u00e0 terra de sua predile\u00e7\u00e3o &#8211; Boqueir\u00e3o do Le\u00e3o. De 1995 at\u00e9 2008 teve jurisdi\u00e7\u00e3o de Vig\u00e1rio Paroquial em Boqueir\u00e3o do Le\u00e3o e Gramado Xavier.<\/p>\n<p style=\"text-align: justify\">Padre Reynaldo foi acometido de derrame cerebral, sendo acolhido na UTI do hospital de Estrela \u2013 RS. Veio a Falecer pelas 7h45min, no dia 24 de novembro de 2008. Foi sepultado em Boqueir\u00e3o do Le\u00e3o, no dia 25\/11\/2008, na presen\u00e7a de muitos padres, de seus parentes e de muito povo.<\/p>\n<p style=\"text-align: justify\">Entre os presentes encontrei colegas de aula da Escola Prim\u00e1ria de Linha Bonita. Uma senhora at\u00e9 me lembrou: \u201cMeu pr\u00edncipe encantado, eu sou a bela adormecida\u201d. Recordamos a apresenta\u00e7\u00e3o de nosso teatro \u201cA bela adormecida e o pr\u00edncipe encantado\u201d. Outra senhora disse: \u201cFomos colega de aula e nunca brigamos\u201d.<\/p>\n<p style=\"text-align: justify\">Padre Pedro Rockenbach, P\u00e1roco de Boqueir\u00e3o do Le\u00e3o, deu extraordin\u00e1rio apoio a seu colega idoso: Pagou a APRES (Associa\u00e7\u00e3o dos Presb\u00edteros), o plano de sa\u00fade e o seguro total do carro. Igual amor mostrou o casal Ant\u00f4nio e Neiva Bergonsi Fernandes. Adotaram o padre como irm\u00e3o predileto, cuidando dele dia e noite. Foi amor her\u00f3ico. A Diocese de Santa Cruz do Sul agradece ao casal, ao Pe. Pedro e aos paroquianos.<\/p>\n<p style=\"text-align: justify\">Ouvir\u00e3o de Cristo a frase: \u201cO que a ele fizestes, a mim fizestes\u201d. Pe. Reynaldo descanse em Paz.<\/p>\n<h4 style=\"text-align: right\">Dom Alo\u00edsio Sin\u00e9sio Bohn<\/h4>\n","protected":false},"excerpt":{"rendered":"<p>Padre Reynaldo Reinher, nascido aos 09 de agosto de 1926, em Linha Bonita Baixa (Montenegro), filho de Carlos Reinher e Maria Schneider Reinher. Estudou as primeiras letras na Escola Paroquial da comunidade, sendo seu professor Jo\u00e3o Bohn Sobrinho, meu pai. Completou o ensino prim\u00e1rio e m\u00e9dio no Semin\u00e1rio Menor de Gravata\u00ed. O curso de filosofia &hellip;<\/p>\n<p class=\"read-more\"> <a class=\"\" href=\"https:\/\/www.cnbb.org.br\/adeus-padre-reynaldo\/\"> <span class=\"screen-reader-text\">Adeus Padre Reynaldo<\/span> Leia mais &raquo;<\/a><\/p>\n","protected":false},"author":83,"featured_media":0,"comment_status":"open","ping_status":"open","sticky":false,"template":"","format":"standard","meta":{"site-sidebar-layout":"default","site-content-layout":"default","ast-global-header-display":"","ast-banner-title-visibility":"","ast-main-header-display":"","ast-hfb-above-header-display":"","ast-hfb-below-header-display":"","ast-hfb-mobile-header-display":"","site-post-title":"","ast-breadcrumbs-content":"","ast-featured-img":"","footer-sml-layout":"","theme-transparent-header-meta":"","adv-header-id-meta":"","stick-header-meta":"","header-above-stick-meta":"","header-main-stick-meta":"","header-below-stick-meta":""},"categories":[758],"tags":[],"acf":[],"_links":{"self":[{"href":"https:\/\/www.cnbb.org.br\/cnbb-app\/wp\/v2\/posts\/11370"}],"collection":[{"href":"https:\/\/www.cnbb.org.br\/cnbb-app\/wp\/v2\/posts"}],"about":[{"href":"https:\/\/www.cnbb.org.br\/cnbb-app\/wp\/v2\/types\/post"}],"author":[{"embeddable":true,"href":"https:\/\/www.cnbb.org.br\/cnbb-app\/wp\/v2\/users\/83"}],"replies":[{"embeddable":true,"href":"https:\/\/www.cnbb.org.br\/cnbb-app\/wp\/v2\/comments?post=11370"}],"version-history":[{"count":0,"href":"https:\/\/www.cnbb.org.br\/cnbb-app\/wp\/v2\/posts\/11370\/revisions"}],"wp:attachment":[{"href":"https:\/\/www.cnbb.org.br\/cnbb-app\/wp\/v2\/media?parent=11370"}],"wp:term":[{"taxonomy":"category","embeddable":true,"href":"https:\/\/www.cnbb.org.br\/cnbb-app\/wp\/v2\/categories?post=11370"},{"taxonomy":"post_tag","embeddable":true,"href":"https:\/\/www.cnbb.org.br\/cnbb-app\/wp\/v2\/tags?post=11370"}],"curies":[{"name":"wp","href":"https:\/\/api.w.org\/{rel}","templated":true}]}}