{"id":11371,"date":"2008-11-14T00:00:00","date_gmt":"2008-11-14T02:00:00","guid":{"rendered":"https:\/\/www.cnbb.org.br\/o-acordo-brasil-santa-se\/"},"modified":"2008-11-14T00:00:00","modified_gmt":"2008-11-14T02:00:00","slug":"o-acordo-brasil-santa-se","status":"publish","type":"post","link":"https:\/\/www.cnbb.org.br\/o-acordo-brasil-santa-se\/","title":{"rendered":"O Acordo Brasil &#8211; Santa S\u00e9"},"content":{"rendered":"<p style=\"text-align: justify\">Acaba de ser assinado em Roma um acordo Internacional entre a Rep\u00fablica Federativa do Brasil e a Santa S\u00e9 (Vaticano) sobre o estatuto jur\u00eddico da Igreja Cat\u00f3lica no Brasil. Esta \u00e9 uma das conseq\u00fc\u00eancias pr\u00e1ticas da visita do Presidente Lula \u00e0 It\u00e1lia e ao Vaticano. A assinatura de tratados internacionais com Estados modernos \u00e9 freq\u00fcente, mesmo com Estados sem tradi\u00e7\u00e3o crist\u00e3.<\/p>\n<p><!--more--><\/p>\n<p style=\"text-align: justify\">O objetivo \u00e9 dar seguran\u00e7a jur\u00eddica, clareza e estabilidade nas rela\u00e7\u00f5es entre Igreja e Estado. Nos \u00faltimos anos a Santa S\u00e9 firmou mais de 100 (cem) acordos desse g\u00eanero, de modo especial com pa\u00edses do antigo bloco sovi\u00e9tico, no Oriente M\u00e9dio e na \u00c1frica.<\/p>\n<p style=\"text-align: justify\">O acordo implica no reconhecimento da personalidade jur\u00eddica da Igreja Cat\u00f3lica, tamb\u00e9m de suas institui\u00e7\u00f5es, como as Dioceses, a Confer\u00eancia Nacional dos Bispos do Brasil, as Par\u00f3quias e as Congrega\u00e7\u00f5es Religiosas.<\/p>\n<p style=\"text-align: justify\">O acordo firma os direitos j\u00e1 reconhecidos na Constitui\u00e7\u00e3o Federal, como por exemplo, a imunidade tribut\u00e1ria, conforme o artigo 150 (inciso VI, letras b e c).<\/p>\n<p style=\"text-align: justify\">Ali\u00e1s, n\u00e3o \u00e9 privil\u00e9gio da Igreja Cat\u00f3lica, mas, direito de todas as confiss\u00f5es religiosas.<\/p>\n<p style=\"text-align: justify\">\u00c9 reconhecido tamb\u00e9m o princ\u00edpio de que os presb\u00edteros da Igreja n\u00e3o t\u00eam v\u00ednculo empregat\u00edcio com Dioceses e Par\u00f3quias. O mesmo se diga de membros de Congrega\u00e7\u00f5es religiosas. Pois \u201co v\u00ednculo que une o pastor \u00e0 sua Igreja \u00e9 de natureza religiosa e vocacional\u201d.<\/p>\n<p style=\"text-align: justify\">Afirma-se tamb\u00e9m o ensino religioso \u201cpluri-confessional\u201d, em p\u00e9 de igualdade com as demais Igrejas e confiss\u00f5es. Ser\u00e1 de freq\u00fc\u00eancia facultativa para os alunos, mas obrigat\u00f3rio para escola. Segue o modelo j\u00e1 implantado no Estado do Rio de Janeiro.<\/p>\n<p style=\"text-align: justify\">O acordo internacional n\u00e3o traz novidades, mas re\u00fane num acordo \u00fanico as normas e diretrizes espalhadas. Para entrar em vigor precisa da aprova\u00e7\u00e3o do Senado Federal e da C\u00e2mara dos Deputados. Como \u00e9 para a paz e o bem comum do povo brasileiro, esperamos que os representantes do povo d\u00eaem o seu aval.<\/p>\n<h4 style=\"text-align: right\">Dom Alo\u00edsio Sin\u00e9sio Bohn<\/h4>\n","protected":false},"excerpt":{"rendered":"<p>Acaba de ser assinado em Roma um acordo Internacional entre a Rep\u00fablica Federativa do Brasil e a Santa S\u00e9 (Vaticano) sobre o estatuto jur\u00eddico da Igreja Cat\u00f3lica no Brasil. Esta \u00e9 uma das conseq\u00fc\u00eancias pr\u00e1ticas da visita do Presidente Lula \u00e0 It\u00e1lia e ao Vaticano. A assinatura de tratados internacionais com Estados modernos \u00e9 freq\u00fcente, &hellip;<\/p>\n<p class=\"read-more\"> <a class=\"\" href=\"https:\/\/www.cnbb.org.br\/o-acordo-brasil-santa-se\/\"> <span class=\"screen-reader-text\">O Acordo Brasil &#8211; Santa S\u00e9<\/span> Leia mais &raquo;<\/a><\/p>\n","protected":false},"author":83,"featured_media":0,"comment_status":"open","ping_status":"open","sticky":false,"template":"","format":"standard","meta":{"site-sidebar-layout":"default","site-content-layout":"default","ast-global-header-display":"","ast-banner-title-visibility":"","ast-main-header-display":"","ast-hfb-above-header-display":"","ast-hfb-below-header-display":"","ast-hfb-mobile-header-display":"","site-post-title":"","ast-breadcrumbs-content":"","ast-featured-img":"","footer-sml-layout":"","theme-transparent-header-meta":"","adv-header-id-meta":"","stick-header-meta":"","header-above-stick-meta":"","header-main-stick-meta":"","header-below-stick-meta":""},"categories":[758],"tags":[],"acf":[],"_links":{"self":[{"href":"https:\/\/www.cnbb.org.br\/cnbb-app\/wp\/v2\/posts\/11371"}],"collection":[{"href":"https:\/\/www.cnbb.org.br\/cnbb-app\/wp\/v2\/posts"}],"about":[{"href":"https:\/\/www.cnbb.org.br\/cnbb-app\/wp\/v2\/types\/post"}],"author":[{"embeddable":true,"href":"https:\/\/www.cnbb.org.br\/cnbb-app\/wp\/v2\/users\/83"}],"replies":[{"embeddable":true,"href":"https:\/\/www.cnbb.org.br\/cnbb-app\/wp\/v2\/comments?post=11371"}],"version-history":[{"count":0,"href":"https:\/\/www.cnbb.org.br\/cnbb-app\/wp\/v2\/posts\/11371\/revisions"}],"wp:attachment":[{"href":"https:\/\/www.cnbb.org.br\/cnbb-app\/wp\/v2\/media?parent=11371"}],"wp:term":[{"taxonomy":"category","embeddable":true,"href":"https:\/\/www.cnbb.org.br\/cnbb-app\/wp\/v2\/categories?post=11371"},{"taxonomy":"post_tag","embeddable":true,"href":"https:\/\/www.cnbb.org.br\/cnbb-app\/wp\/v2\/tags?post=11371"}],"curies":[{"name":"wp","href":"https:\/\/api.w.org\/{rel}","templated":true}]}}