{"id":11372,"date":"2008-11-06T00:00:00","date_gmt":"2008-11-06T02:00:00","guid":{"rendered":"https:\/\/www.cnbb.org.br\/os-coroinhas-na-igreja\/"},"modified":"2008-11-06T00:00:00","modified_gmt":"2008-11-06T02:00:00","slug":"os-coroinhas-na-igreja","status":"publish","type":"post","link":"https:\/\/www.cnbb.org.br\/os-coroinhas-na-igreja\/","title":{"rendered":"Os Coroinhas na Igreja"},"content":{"rendered":"<p style=\"text-align: justify\">Dia 21 de outubro de 2007, o Cardeal Saraiva reuniu-se com os Bispos Cat\u00f3licos do Rio Grande do Sul e de Santa Catarina, em Frederico Westphalen, para beatificar o coroinha Ad\u00edlio. At\u00e9 aquela data sempre foi lembrado S\u00e3o Tarc\u00edsio como exemplo e padroeiro dos coroinhas.<\/p>\n<p><!--more--><\/p>\n<p style=\"text-align: justify\">S\u00e3o Tarc\u00edsio, por volta de 258, com apenas 12 anos de idade, levou a Eucaristia aos Crist\u00e3os condenados \u00e0 morte por ordem do imperador Valeriano. Pressionado por pag\u00e3os a entregar-lhes o tesouro eucar\u00edstico, resistiu at\u00e9 a morte. Foi sepultado em Roma, nas catacumbas de S\u00e3o Calisto.<\/p>\n<p style=\"text-align: justify\">O coroinha Ad\u00edlio quis acompanhar o Padre Manuel na desobriga dos militares da regi\u00e3o do Alto Uruguai. Alertado do perigo de emboscadas por parte de anti-clericais, retrucou: \u201cSou coroinha, estou\u00a0 a servi\u00e7o de Deus\u201d. E acompanhou o padre.<\/p>\n<p style=\"text-align: justify\">De fato o padre e o coroinha foram emboscados. O padre teve morte instant\u00e2nea com uma bala na cabe\u00e7a. O menino foi torturado barbaramente por \u00f3dio contra a religi\u00e3o. Morreu um pouco antes de chegar o socorro. Foi m\u00e1rtir do dever. \u00c9 s\u00edmbolo moderno de f\u00e9 e dedica\u00e7\u00e3o a Deus. A ele se aplica o lema dos coroinhas: \u201cConsagrar desde cedo nossa vida a Deus\u201d.<\/p>\n<p style=\"text-align: justify\">Al\u00e9m de \u201cdesde cedo consagrar sua vida a Deus\u201d, os coroinhas \u2013meninas e meninos \u2013 circundam nossos altares quais anjos a servi\u00e7o da liturgia, cuidando dos vasos sagrados e ajudando nas romarias, nas prociss\u00f5es e nas celebra\u00e7\u00f5es da f\u00e9.<\/p>\n<p style=\"text-align: justify\">Enquanto as crian\u00e7as e adolescentes est\u00e3o expostos a muitos venenos, os coroinhas aprendem a viver e a conviver em paz e harmonia, num espa\u00e7o de alegria, de toler\u00e2ncia e de f\u00e9. Os encontros de coroinhas, gra\u00e7as a assessores e assessoras dedicados, evitam o perigo da droga, da viol\u00eancia e do \u00f3dio.<\/p>\n<p style=\"text-align: justify\">Proporciona-se um ambiente de liberdade, do cultivo de ideais crist\u00e3os, da supera\u00e7\u00e3o de conflitos no lar, da arte de bem viver na amizade e no servi\u00e7o a Deus e ao pr\u00f3ximo.<\/p>\n<p style=\"text-align: justify\">Em nossa Diocese os 2.000 coroinhas s\u00e3o bem organizados, tem seu Manual Diocesano, o CD interativo, assessores e realizam a cada dois anos o Encontro Diocesano de Coroinhas.<\/p>\n<p style=\"text-align: justify\">Ao lado de outras belas iniciativas, como a Inf\u00e2ncia Mission\u00e1ria, os grupos de prepara\u00e7\u00e3o \u00e0 Eucaristia e \u00e0 Crisma, os Coroinhas s\u00e3o uma promessa de uma nova juventude, irradiando esperan\u00e7a e solidariedade.<\/p>\n<p style=\"text-align: justify\">Deus aben\u00e7oe nossos coroinhas!<\/p>\n<h4 style=\"text-align: right\">Dom Alo\u00edsio Sin\u00e9sio Bohn<\/h4>\n","protected":false},"excerpt":{"rendered":"<p>Dia 21 de outubro de 2007, o Cardeal Saraiva reuniu-se com os Bispos Cat\u00f3licos do Rio Grande do Sul e de Santa Catarina, em Frederico Westphalen, para beatificar o coroinha Ad\u00edlio. At\u00e9 aquela data sempre foi lembrado S\u00e3o Tarc\u00edsio como exemplo e padroeiro dos coroinhas.<\/p>\n","protected":false},"author":83,"featured_media":0,"comment_status":"open","ping_status":"open","sticky":false,"template":"","format":"standard","meta":{"site-sidebar-layout":"default","site-content-layout":"default","ast-global-header-display":"","ast-banner-title-visibility":"","ast-main-header-display":"","ast-hfb-above-header-display":"","ast-hfb-below-header-display":"","ast-hfb-mobile-header-display":"","site-post-title":"","ast-breadcrumbs-content":"","ast-featured-img":"","footer-sml-layout":"","theme-transparent-header-meta":"","adv-header-id-meta":"","stick-header-meta":"","header-above-stick-meta":"","header-main-stick-meta":"","header-below-stick-meta":""},"categories":[758],"tags":[],"acf":[],"_links":{"self":[{"href":"https:\/\/www.cnbb.org.br\/cnbb-app\/wp\/v2\/posts\/11372"}],"collection":[{"href":"https:\/\/www.cnbb.org.br\/cnbb-app\/wp\/v2\/posts"}],"about":[{"href":"https:\/\/www.cnbb.org.br\/cnbb-app\/wp\/v2\/types\/post"}],"author":[{"embeddable":true,"href":"https:\/\/www.cnbb.org.br\/cnbb-app\/wp\/v2\/users\/83"}],"replies":[{"embeddable":true,"href":"https:\/\/www.cnbb.org.br\/cnbb-app\/wp\/v2\/comments?post=11372"}],"version-history":[{"count":0,"href":"https:\/\/www.cnbb.org.br\/cnbb-app\/wp\/v2\/posts\/11372\/revisions"}],"wp:attachment":[{"href":"https:\/\/www.cnbb.org.br\/cnbb-app\/wp\/v2\/media?parent=11372"}],"wp:term":[{"taxonomy":"category","embeddable":true,"href":"https:\/\/www.cnbb.org.br\/cnbb-app\/wp\/v2\/categories?post=11372"},{"taxonomy":"post_tag","embeddable":true,"href":"https:\/\/www.cnbb.org.br\/cnbb-app\/wp\/v2\/tags?post=11372"}],"curies":[{"name":"wp","href":"https:\/\/api.w.org\/{rel}","templated":true}]}}