{"id":11403,"date":"2009-04-17T00:00:00","date_gmt":"2009-04-17T03:00:00","guid":{"rendered":"https:\/\/www.cnbb.org.br\/a-visita-jubilar-1\/"},"modified":"2009-04-17T00:00:00","modified_gmt":"2009-04-17T03:00:00","slug":"a-visita-jubilar-1","status":"publish","type":"post","link":"https:\/\/www.cnbb.org.br\/a-visita-jubilar-1\/","title":{"rendered":"A Visita Jubilar"},"content":{"rendered":"<p style=\"text-align: justify\">O Papa Jo\u00e3o XXIII assinou o decreto de cria\u00e7\u00e3o da Diocese de Santa Cruz do Sul aos 20 de junho de 1959. A instala\u00e7\u00e3o da Diocese e a posse do primeiro Bispo &#8211; Dom Alberto Frederico Etges &#8211; aconteceram dia 15 de novembro de 1959. Como sede da Diocese foi escolhida a cidade de Santa Cruz do Sul. A Igreja Matriz desta cidade foi elevada a Catedral, sendo que seu padroeiro &#8211; S\u00e3o Jo\u00e3o Batista &#8211; ficou sendo o padroeiro da nova Diocese.<\/p>\n<p>  <!--more-->  <\/p>\n<p style=\"text-align: justify\">Estamos no ano 50 destes eventos: \u00e9 o Ano Jubilar. Por sinal, jubileu de ouro. O cartaz do jubileu lembra a m\u00edstica das lideran\u00e7as daquele tempo: \u201cPovo de Deus em marcha\u201d.<\/p>\n<p style=\"text-align: justify\">O movimento lit\u00fargico, o movimento b\u00edblico, a volta da Igreja Cat\u00f3lica \u00e0s fontes, inclusive dos grandes Padres da Igreja e o movimento por um mundo melhor clamavam por renova\u00e7\u00e3o. Eram os precursores do Conc\u00edlio Ecum\u00eanico Vaticano II que \u201co Papa buono\u201d (Jo\u00e3o XXIII) de fato convocou.<\/p>\n<p style=\"text-align: justify\">O primeiro Bispo &#8211; Dom Alberto &#8211; sens\u00edvel ao esp\u00edrito do tempo, escolheu um lema din\u00e2mico: \u201cParare plebem perfectam\u201d &#8211; Preparar um povo perfeito.<\/p>\n<p style=\"text-align: justify\">Em 1986 coube a mim &#8211; Dom Sin\u00e9sio &#8211; suceder a Dom Alberto. Convidei o primeiro Bispo a continuar morando comigo, filo-lo Vig\u00e1rio Geral e confiei a ele as crismas da Diocese. Ficamos juntos por mais de dez anos. Foi muito agrad\u00e1vel e instrutiva esta conviv\u00eancia.<\/p>\n<p style=\"text-align: justify\">Dediquei-me nos primeiros anos a visitar todas as comunidades da Diocese. Foram mais de mil visitas. Com todas celebrei, escutei sua historia, tomei nota de suas necessidades, tomei com todas uma refei\u00e7\u00e3o e me reuni com suas lideran\u00e7as. Nas cidades dialoguei com os \u201cconstrutores da sociedade\u201d: pol\u00edticos, empres\u00e1rios e governantes.<\/p>\n<p style=\"text-align: justify\">Agora, por ocasi\u00e3o do jubileu de ouro, visito todas as Par\u00f3quias (52 visitas), com uma celebra\u00e7\u00e3o jubilar na sede paroquial e com uma programa\u00e7\u00e3o intensa, a crit\u00e9rio da lideran\u00e7a local. O cartaz do ano jubilar lembra a m\u00edstica dos prim\u00f3rdios: \u201cPovo de Deus a Caminho\u201d. \u00c9 claro, nas terras da Diocese de Santa Cruz do Sul.<\/p>\n<p style=\"text-align: justify\">Os membros da Coordena\u00e7\u00e3o Diocesana de Pastoral far\u00e3o um caminho id\u00eantico pelas Par\u00f3quias, a fim de ajudar na renova\u00e7\u00e3o das comunidades, \u00e0 luz das prioridades da 10\u00aa Assembl\u00e9ia Diocesana de Evangeliza\u00e7\u00e3o.<\/p>\n<p style=\"text-align: justify\">Se Deus se manifesta mais no movimento do que na quietude, nossa Diocese jubilar ter\u00e1 um ano de gra\u00e7a e de b\u00ean\u00e7\u00e3o. Seja aben\u00e7oado nosso povo diocesano no jubileu de ouro.<\/p>\n<h4 style=\"text-align: right\">Dom Alo\u00edsio Sin\u00e9sio Bohn<\/h4>\n","protected":false},"excerpt":{"rendered":"<p>O Papa Jo\u00e3o XXIII assinou o decreto de cria\u00e7\u00e3o da Diocese de Santa Cruz do Sul aos 20 de junho de 1959. A instala\u00e7\u00e3o da Diocese e a posse do primeiro Bispo &#8211; Dom Alberto Frederico Etges &#8211; aconteceram dia 15 de novembro de 1959. Como sede da Diocese foi escolhida a cidade de Santa &hellip;<\/p>\n<p class=\"read-more\"> <a class=\"\" href=\"https:\/\/www.cnbb.org.br\/a-visita-jubilar-1\/\"> <span class=\"screen-reader-text\">A Visita Jubilar<\/span> Leia mais &raquo;<\/a><\/p>\n","protected":false},"author":83,"featured_media":0,"comment_status":"open","ping_status":"open","sticky":false,"template":"","format":"standard","meta":{"site-sidebar-layout":"default","site-content-layout":"default","ast-global-header-display":"","ast-banner-title-visibility":"","ast-main-header-display":"","ast-hfb-above-header-display":"","ast-hfb-below-header-display":"","ast-hfb-mobile-header-display":"","site-post-title":"","ast-breadcrumbs-content":"","ast-featured-img":"","footer-sml-layout":"","theme-transparent-header-meta":"","adv-header-id-meta":"","stick-header-meta":"","header-above-stick-meta":"","header-main-stick-meta":"","header-below-stick-meta":""},"categories":[758],"tags":[],"acf":[],"_links":{"self":[{"href":"https:\/\/www.cnbb.org.br\/cnbb-app\/wp\/v2\/posts\/11403"}],"collection":[{"href":"https:\/\/www.cnbb.org.br\/cnbb-app\/wp\/v2\/posts"}],"about":[{"href":"https:\/\/www.cnbb.org.br\/cnbb-app\/wp\/v2\/types\/post"}],"author":[{"embeddable":true,"href":"https:\/\/www.cnbb.org.br\/cnbb-app\/wp\/v2\/users\/83"}],"replies":[{"embeddable":true,"href":"https:\/\/www.cnbb.org.br\/cnbb-app\/wp\/v2\/comments?post=11403"}],"version-history":[{"count":0,"href":"https:\/\/www.cnbb.org.br\/cnbb-app\/wp\/v2\/posts\/11403\/revisions"}],"wp:attachment":[{"href":"https:\/\/www.cnbb.org.br\/cnbb-app\/wp\/v2\/media?parent=11403"}],"wp:term":[{"taxonomy":"category","embeddable":true,"href":"https:\/\/www.cnbb.org.br\/cnbb-app\/wp\/v2\/categories?post=11403"},{"taxonomy":"post_tag","embeddable":true,"href":"https:\/\/www.cnbb.org.br\/cnbb-app\/wp\/v2\/tags?post=11403"}],"curies":[{"name":"wp","href":"https:\/\/api.w.org\/{rel}","templated":true}]}}