{"id":11406,"date":"2009-03-27T00:00:00","date_gmt":"2009-03-27T03:00:00","guid":{"rendered":"https:\/\/www.cnbb.org.br\/40-anos-de-teologia-da-puc-1\/"},"modified":"2009-03-27T00:00:00","modified_gmt":"2009-03-27T03:00:00","slug":"40-anos-de-teologia-da-puc-1","status":"publish","type":"post","link":"https:\/\/www.cnbb.org.br\/40-anos-de-teologia-da-puc-1\/","title":{"rendered":"40 anos de teologia da PUC"},"content":{"rendered":"<p style=\"text-align: justify\">J\u00e1 ouvi muitas pessoas se queixarem de que nossos padres t\u00eam insuficiente forma\u00e7\u00e3o doutrinal para o di\u00e1logo com o mundo pluralista atual. Tamb\u00e9m j\u00e1 ouvi elogios. Mas n\u00e3o me lembro de algu\u00e9m que perguntasse onde e em qual escola nossos padres s\u00e3o formados.<\/p>\n<p>  <!--more-->  <\/p>\n<p style=\"text-align: justify\">Pois os padres da Diocese de Santa Cruz do Sul recebem a forma\u00e7\u00e3o teol\u00f3gica na Pontif\u00edcia Universidade Cat\u00f3lica do Rio Grande do Sul (PUCRS). Especificamente na Faculdade de Teologia (FATEO) reconhecida pelo MEC (Minist\u00e9rio da Educa\u00e7\u00e3o).<\/p>\n<p style=\"text-align: justify\">Isto nem sempre foi assim. At\u00e9 1968 toda a forma\u00e7\u00e3o intelectual, espiritual, humana e pastoral era ministrada dentro do semin\u00e1rio. Por influ\u00eancia do Conc\u00edlio Ecum\u00eanico Vaticano II, que abriu a Igreja para o di\u00e1logo com o mundo moderno, inclusive com as outras Igrejas e grandes religi\u00f5es, sentiu-se a necessidade de oferecer aos seminaristas um ambiente cultural mais amplo. Este \u00e9 o espa\u00e7o da Universidade.<\/p>\n<p style=\"text-align: justify\">O Papa Jo\u00e3o Paulo II chamou a aten\u00e7\u00e3o sobre a influ\u00eancia do ambiente na forma\u00e7\u00e3o: \u201cO ambiente cultural em que vive o homem exerce uma grande influ\u00eancia no seu modo de pensar e, consequ\u00ebntemente, na sua maneira de agir\u201d.<\/p>\n<p style=\"text-align: justify\">Por isso, em 1968, o episcopado ga\u00facho solicitou \u00e0 PUCRS a cria\u00e7\u00e3o de um Instituto de Teologia e Ci\u00eancias Religiosas. A Dire\u00e7\u00e3o da PUC aceitou o pedido.<\/p>\n<p style=\"text-align: justify\">Dia 25 de mar\u00e7o de 2009 celebramos o jubileu de 40 anos daquele Instituto, que hoje \u00e9 uma Faculdade de Teologia, reconhecida por Roma e pelo Minist\u00e9rio da Educa\u00e7\u00e3o. Forma nossos padres e a nova gera\u00e7\u00e3o de bispos. \u00c9 uma verdadeira b\u00ean\u00e7\u00e3o para a Igreja ga\u00facha.<\/p>\n<p style=\"text-align: justify\">Para quem duvida da conveni\u00eancia do ambiente universit\u00e1rio, respondo com o Cardeal Henry Newman: A Igreja tem \u201ca convic\u00e7\u00e3o de que a verdade \u00e9 a sua verdadeira aliada e de que o conhecimento e a raz\u00e3o s\u00e3o ministros fi\u00e9is da f\u00e9\u201d (The Idea of a University).<\/p>\n<p style=\"text-align: justify\">Resta agradecer a Deus a inspira\u00e7\u00e3o da Faculdade de Teologia. Agradecer \u00e0 Dire\u00e7\u00e3o da PUC e aos mestres da Faculdade o bom n\u00edvel de nossa escola de teologia. E aos alunos augurar dedica\u00e7\u00e3o, a fim de serem capazes de impregnar a cultura atual com os modos de pensar, os crit\u00e9rios de julgar e as normas de agir segundo o Evangelho.<\/p>\n<h4 style=\"text-align: right\">Dom Alo\u00edsio Sin\u00e9sio Bohn<\/h4>\n","protected":false},"excerpt":{"rendered":"<p>J\u00e1 ouvi muitas pessoas se queixarem de que nossos padres t\u00eam insuficiente forma\u00e7\u00e3o doutrinal para o di\u00e1logo com o mundo pluralista atual. Tamb\u00e9m j\u00e1 ouvi elogios. Mas n\u00e3o me lembro de algu\u00e9m que perguntasse onde e em qual escola nossos padres s\u00e3o formados.<\/p>\n","protected":false},"author":83,"featured_media":0,"comment_status":"open","ping_status":"open","sticky":false,"template":"","format":"standard","meta":{"site-sidebar-layout":"default","site-content-layout":"default","ast-global-header-display":"","ast-banner-title-visibility":"","ast-main-header-display":"","ast-hfb-above-header-display":"","ast-hfb-below-header-display":"","ast-hfb-mobile-header-display":"","site-post-title":"","ast-breadcrumbs-content":"","ast-featured-img":"","footer-sml-layout":"","theme-transparent-header-meta":"","adv-header-id-meta":"","stick-header-meta":"","header-above-stick-meta":"","header-main-stick-meta":"","header-below-stick-meta":""},"categories":[748,799],"tags":[],"acf":[],"_links":{"self":[{"href":"https:\/\/www.cnbb.org.br\/cnbb-app\/wp\/v2\/posts\/11406"}],"collection":[{"href":"https:\/\/www.cnbb.org.br\/cnbb-app\/wp\/v2\/posts"}],"about":[{"href":"https:\/\/www.cnbb.org.br\/cnbb-app\/wp\/v2\/types\/post"}],"author":[{"embeddable":true,"href":"https:\/\/www.cnbb.org.br\/cnbb-app\/wp\/v2\/users\/83"}],"replies":[{"embeddable":true,"href":"https:\/\/www.cnbb.org.br\/cnbb-app\/wp\/v2\/comments?post=11406"}],"version-history":[{"count":0,"href":"https:\/\/www.cnbb.org.br\/cnbb-app\/wp\/v2\/posts\/11406\/revisions"}],"wp:attachment":[{"href":"https:\/\/www.cnbb.org.br\/cnbb-app\/wp\/v2\/media?parent=11406"}],"wp:term":[{"taxonomy":"category","embeddable":true,"href":"https:\/\/www.cnbb.org.br\/cnbb-app\/wp\/v2\/categories?post=11406"},{"taxonomy":"post_tag","embeddable":true,"href":"https:\/\/www.cnbb.org.br\/cnbb-app\/wp\/v2\/tags?post=11406"}],"curies":[{"name":"wp","href":"https:\/\/api.w.org\/{rel}","templated":true}]}}