{"id":11413,"date":"2008-12-16T00:00:00","date_gmt":"2008-12-16T02:00:00","guid":{"rendered":"https:\/\/www.cnbb.org.br\/sindicalismo-na-igreja-1\/"},"modified":"2008-12-16T00:00:00","modified_gmt":"2008-12-16T02:00:00","slug":"sindicalismo-na-igreja-1","status":"publish","type":"post","link":"https:\/\/www.cnbb.org.br\/sindicalismo-na-igreja-1\/","title":{"rendered":"Sindicalismo na Igreja?"},"content":{"rendered":"<p style=\"text-align: justify\">Recebi o seguinte convite: \u201cNo dia 15 de dezembro acontecer\u00e1 a posse da primeira Dire\u00e7\u00e3o do SINDIGREJAS\/RS: Sindicato dos Trabalhadores em Igrejas, Templos, Dioceses (Mitras Diocesanas), Congrega\u00e7\u00f5es, Pastorais Sociais, Entidades Religiosas e Crist\u00e3s do Estado do Rio Grande do Sul\u201d.<\/p>\n<p><!--more--><\/p>\n<p style=\"text-align: justify\">De longe e de perto surgem as perguntas: De que se trata? Estranho!? O que pensa o episcopado brasileiro desta iniciativa? Roma ficar\u00e1 preocupada?<\/p>\n<p style=\"text-align: justify\">A iniciativa \u00e9 de um grupo de l\u00edderes cat\u00f3licos, que se dedicam generosamente ao Evangelho na Igreja. Est\u00e3o convencidos de que os tempos est\u00e3o maduros para que a Igreja aplique sua doutrina social tamb\u00e9m \u201cpara dentro\u201d (ad intra), para seus quadros internos e n\u00e3o somente \u201cpara fora\u201d (ad extra), para a sociedade civil.<\/p>\n<p style=\"text-align: justify\">H\u00e1 v\u00e1rios anos um grupo de servidores em Igrejas vem insistindo na conveni\u00eancia de serem representados por uma entidade sindical com o perfil, a identidade, os anseios e os objetivos pr\u00f3prios da categoria e que atenda as necessidades de seus filiados.<\/p>\n<p style=\"text-align: justify\">O SINDIGREJAS\/RS foi criado aos 12 de julho de 2008. Estamos, portanto,\u00a0 no in\u00edcio de um processo. Os Bispos cat\u00f3licos do Interdiocesano Centro-Oeste do Rio Grande do Sul (Uruguaiana, Santo \u00c2ngelo, Cruz Alta, Santa Maria, Cachoeira do Sul e Santa Cruz do Sul) apoiaram a cria\u00e7\u00e3o deste sindicato dos servidores.<\/p>\n<p style=\"text-align: justify\">Os Bispos das 18 Dioceses do Rio Grande do Sul decidiram por unanimidade criar o Sindicato Patronal (das Mitras Diocesanas). Se a iniciativa florescer, caber\u00e1 \u00e0 CNBB (Confer\u00eancia Nacional dos Bispos do Brasil) criar o Sindicato Nacional.<\/p>\n<p style=\"text-align: justify\">Caber\u00e1 \u00e0 Igreja &#8211; aos fi\u00e9is leigos e \u00e0 hierarquia &#8211; fazer o discernimento \u00e0 luz do Evangelho e da natureza da Igreja. Pois a Igreja \u00e9 ao mesmo tempo uma assembl\u00e9ia vis\u00edvel de f\u00e9 e uma comunidade espiritual: Igreja terrestre e Igreja ornada de dons celestes.<\/p>\n<p style=\"text-align: justify\">O C\u00f3digo de Direito Can\u00f4nico (C\u00e2n 215) reconhece o direito dos fi\u00e9is de \u201cfundar e dirigir livremente associa\u00e7\u00f5es\u201d, inclusive para favorecer a voca\u00e7\u00e3o crist\u00e3 no mundo. \u00c9 claro, \u201clevando em conta o bem comum da Igreja\u201d, como adverte o C\u00e2non 223.<\/p>\n<p style=\"text-align: justify\">O Catecismo da Igreja Cat\u00f3lica (n\u00ba 2430) reconhece que a vida econ\u00f4mica abrange interesses diversos, muitas vezes opostos entre si: \u201cOs conflitos que da\u00ed surgem devem ser resolvidos pela negocia\u00e7\u00e3o que respeite os direitos e os deveres de cada parceiro social\u201d. \u00c9 dif\u00edcil imaginar que os parceiros sejam representados pelos respectivos sindicatos: patronal e dos servidores?<\/p>\n<p style=\"text-align: justify\">Uma pergunta inevit\u00e1vel \u00e9 sobre o papel dos poderes p\u00fablicos. Qual sua inger\u00eancia na vida sindical da Igreja? Outra quest\u00e3o \u00e9 sobre o direito de greve. Se o padre chega em casa cansado e com fome e encontra um bilhete na porta da cozinha: \u201cEstamos em greve\u201d!<\/p>\n<p style=\"text-align: justify\">Pedimos ao Esp\u00edrito Santo que nos ilumine no discernimento da quest\u00e3o sindical. Fazemos nossa a frase de Santo Agostinho, lembrada pelo papa Bento XVI na Catedral da S\u00e9 (S\u00e3o Paulo, 11\/05\/08): \u201cVacilar\u00e1 a Igreja se vacilar o seu fundamento, mas poder\u00e1 talvez Cristo vacilar? Visto que Cristo n\u00e3o vacila, a Igreja permanecer\u00e1 intacta at\u00e9 o fim dos tempos\u201d.<\/p>\n<h4 style=\"text-align: right\">Dom Alo\u00edsio Sin\u00e9sio Bohn<\/h4>\n","protected":false},"excerpt":{"rendered":"<p>Recebi o seguinte convite: \u201cNo dia 15 de dezembro acontecer\u00e1 a posse da primeira Dire\u00e7\u00e3o do SINDIGREJAS\/RS: Sindicato dos Trabalhadores em Igrejas, Templos, Dioceses (Mitras Diocesanas), Congrega\u00e7\u00f5es, Pastorais Sociais, Entidades Religiosas e Crist\u00e3s do Estado do Rio Grande do Sul\u201d.<\/p>\n","protected":false},"author":83,"featured_media":0,"comment_status":"open","ping_status":"open","sticky":false,"template":"","format":"standard","meta":{"site-sidebar-layout":"default","site-content-layout":"default","ast-global-header-display":"","ast-banner-title-visibility":"","ast-main-header-display":"","ast-hfb-above-header-display":"","ast-hfb-below-header-display":"","ast-hfb-mobile-header-display":"","site-post-title":"","ast-breadcrumbs-content":"","ast-featured-img":"","footer-sml-layout":"","theme-transparent-header-meta":"","adv-header-id-meta":"","stick-header-meta":"","header-above-stick-meta":"","header-main-stick-meta":"","header-below-stick-meta":""},"categories":[758],"tags":[],"acf":[],"_links":{"self":[{"href":"https:\/\/www.cnbb.org.br\/cnbb-app\/wp\/v2\/posts\/11413"}],"collection":[{"href":"https:\/\/www.cnbb.org.br\/cnbb-app\/wp\/v2\/posts"}],"about":[{"href":"https:\/\/www.cnbb.org.br\/cnbb-app\/wp\/v2\/types\/post"}],"author":[{"embeddable":true,"href":"https:\/\/www.cnbb.org.br\/cnbb-app\/wp\/v2\/users\/83"}],"replies":[{"embeddable":true,"href":"https:\/\/www.cnbb.org.br\/cnbb-app\/wp\/v2\/comments?post=11413"}],"version-history":[{"count":0,"href":"https:\/\/www.cnbb.org.br\/cnbb-app\/wp\/v2\/posts\/11413\/revisions"}],"wp:attachment":[{"href":"https:\/\/www.cnbb.org.br\/cnbb-app\/wp\/v2\/media?parent=11413"}],"wp:term":[{"taxonomy":"category","embeddable":true,"href":"https:\/\/www.cnbb.org.br\/cnbb-app\/wp\/v2\/categories?post=11413"},{"taxonomy":"post_tag","embeddable":true,"href":"https:\/\/www.cnbb.org.br\/cnbb-app\/wp\/v2\/tags?post=11413"}],"curies":[{"name":"wp","href":"https:\/\/api.w.org\/{rel}","templated":true}]}}