{"id":11426,"date":"2008-12-04T00:00:00","date_gmt":"2008-12-04T02:00:00","guid":{"rendered":"https:\/\/www.cnbb.org.br\/mar-de-agua-lama-lagrimas-e-mortos\/"},"modified":"2008-12-04T00:00:00","modified_gmt":"2008-12-04T02:00:00","slug":"mar-de-agua-lama-lagrimas-e-mortos","status":"publish","type":"post","link":"https:\/\/www.cnbb.org.br\/mar-de-agua-lama-lagrimas-e-mortos\/","title":{"rendered":"Mar de \u00e1gua \u2013 lama \u2013 l\u00e1grimas e mortos!"},"content":{"rendered":"<p style=\"text-align: justify\">Diante da cat\u00e1strofe que se abateu sobre parte de Santa Catarina, marcantemente em munic\u00edpios das dioceses de Blumenau, Florian\u00f3polis e Joinville, muitas quest\u00f5es, perguntas, surgem! Por que, sobretudo tantas mortes? Resposta r\u00e1pida coloca a responsabilidade nas intensas e torrenciais chuvas que ca\u00edram sobre nossa Regi\u00e3o! Mas, al\u00e9m das chuvas, precisamos buscar, mais profundamente, outras causas de tantos desmoronamentos, mortes, feridos e desabrigados! Fiquemos nos Munic\u00edpios atingidos, na diocese de Blumenau, onde tantas mortes aconteceram, casas foram destru\u00eddas, arrozais e outras planta\u00e7\u00f5es comprometidas, ruas, estradas obstru\u00eddas, e perguntemos em den\u00fancia \u2013 colabora\u00e7\u00e3o:<\/p>\n<p><!--more--><\/p>\n<div style=\"text-align: justify\">\n<ol>\n<li>Onde est\u00e1 o planejamento urbano preventivo? Nas chuvas, n\u00e3o ficamos olhando para o RIO ITAJA\u00cd, assombrados, ainda pelas enchentes de 1983 e 84, esquecidos de nos ocupar com os morros e encostas? (Tivemos enxurradas generalizadas, enchentes em Navegantes, mas o desastre maior desceu dos morros).<\/li>\n<li>Qual a aten\u00e7\u00e3o que se d\u00e1, nos planejamentos municipais, \u00e0 Defesa Civil?<\/li>\n<li>Quais s\u00e3o os estudos s\u00e9rios, abalizados, sobre a qualidade do solo e sua ocupa\u00e7\u00e3o?<\/li>\n<li>Por que as encostas dos morros s\u00e3o chanfradas e os barrancos n\u00e3o recebem tratamento adequado? Onde e como est\u00e3o os muros de arrimo?<\/li>\n<li>Por que o Poder P\u00fablico se curva diante dos interesses da explora\u00e7\u00e3o imobili\u00e1ria?<\/li>\n<li>Por que locais condenados \u00e0 habita\u00e7\u00e3o por estudos feitos h\u00e1 25 anos, por exemplo no morro Corip\u00f3s, continuaram habitados, com o Poder P\u00fablico conivente, a cobrar dos moradores, imposto e taxas de \u00e1gua, luz?<\/li>\n<li>Por que o caminho das \u00e1guas que descem dos morros n\u00e3o \u00e9 respeitado e sua vaz\u00e3o n\u00e3o \u00e9 prevista?<\/li>\n<li>Por que, em muitos locais o pinus e o eucalipto imperam (regi\u00e3o do Ba\u00fa), a servi\u00e7o do interesse de serrarias?<\/li>\n<li>Qual \u00e9 a seguran\u00e7a efetiva que \u00e9 oferecida \u00e0 popula\u00e7\u00e3o que vive ao lado do gasoduto que corta a Regi\u00e3o e acabou explodindo em Belchior, Gaspar?<\/li>\n<li>Por que os Munic\u00edpios n\u00e3o t\u00eam s\u00e9rio plano habitacional contemplando, de maneira especial, os pobres, os menos favorecidos economicamente falando?<\/li>\n<li>Por que h\u00e1 tanto esmero em maquiar a cidade e n\u00e3o h\u00e1\u00a0 atendimento solucionador de seus problemas b\u00e1sicos?<\/li>\n<li>Por que n\u00e3o acordamos diante da urgente necessidade de respeitar o meio ambiente, o planeta terra \u2013 nossa casa comum?<\/li>\n<\/ol>\n<\/div>\n<p style=\"text-align: justify\">Estas e outras urgentes quest\u00f5es precisam ser consideradas, debatidas, passados os momentos emergenciais que mobilizaram\u00a0 IGREJAS, Prefeituras, Ex\u00e9rcito, Corpo de Bombeiros e centenas de abnegados volunt\u00e1rios.<\/p>\n<p style=\"text-align: justify\">Diante do imenso mar de \u00e1gua \u2013 lama \u2013 dor \u2013 l\u00e1grimas \u2013 mortes que nos atingiu, passados os primeiros momentos, em que maravilhosa rede de solidariedade nos envolve, \u00e9 chegado o momento da reconstru\u00e7\u00e3o alicer\u00e7ada na descoberta das causas profundas da cat\u00e1strofe e das solu\u00e7\u00f5es que se fazem necess\u00e1rias! E estejamos alertas, a prioridade urgente reside na constru\u00e7\u00e3o de moradia para os que perderam sua casa!<\/p>\n<p style=\"text-align: justify\">Que Deus nos ilumine, encoraje a todos nesta hora marcada por f\u00e9, esperan\u00e7a e solidariedade!<\/p>\n<h4 style=\"text-align: right\">Dom Ang\u00e9lico S\u00e2ndalo Bernardino<\/h4>\n","protected":false},"excerpt":{"rendered":"<p>Diante da cat\u00e1strofe que se abateu sobre parte de Santa Catarina, marcantemente em munic\u00edpios das dioceses de Blumenau, Florian\u00f3polis e Joinville, muitas quest\u00f5es, perguntas, surgem! Por que, sobretudo tantas mortes? Resposta r\u00e1pida coloca a responsabilidade nas intensas e torrenciais chuvas que ca\u00edram sobre nossa Regi\u00e3o! Mas, al\u00e9m das chuvas, precisamos buscar, mais profundamente, outras causas &hellip;<\/p>\n<p class=\"read-more\"> <a class=\"\" href=\"https:\/\/www.cnbb.org.br\/mar-de-agua-lama-lagrimas-e-mortos\/\"> <span class=\"screen-reader-text\">Mar de \u00e1gua \u2013 lama \u2013 l\u00e1grimas e mortos!<\/span> Leia mais &raquo;<\/a><\/p>\n","protected":false},"author":83,"featured_media":0,"comment_status":"open","ping_status":"open","sticky":false,"template":"","format":"standard","meta":{"site-sidebar-layout":"default","site-content-layout":"default","ast-global-header-display":"","ast-banner-title-visibility":"","ast-main-header-display":"","ast-hfb-above-header-display":"","ast-hfb-below-header-display":"","ast-hfb-mobile-header-display":"","site-post-title":"","ast-breadcrumbs-content":"","ast-featured-img":"","footer-sml-layout":"","theme-transparent-header-meta":"","adv-header-id-meta":"","stick-header-meta":"","header-above-stick-meta":"","header-main-stick-meta":"","header-below-stick-meta":""},"categories":[758],"tags":[],"acf":[],"_links":{"self":[{"href":"https:\/\/www.cnbb.org.br\/cnbb-app\/wp\/v2\/posts\/11426"}],"collection":[{"href":"https:\/\/www.cnbb.org.br\/cnbb-app\/wp\/v2\/posts"}],"about":[{"href":"https:\/\/www.cnbb.org.br\/cnbb-app\/wp\/v2\/types\/post"}],"author":[{"embeddable":true,"href":"https:\/\/www.cnbb.org.br\/cnbb-app\/wp\/v2\/users\/83"}],"replies":[{"embeddable":true,"href":"https:\/\/www.cnbb.org.br\/cnbb-app\/wp\/v2\/comments?post=11426"}],"version-history":[{"count":0,"href":"https:\/\/www.cnbb.org.br\/cnbb-app\/wp\/v2\/posts\/11426\/revisions"}],"wp:attachment":[{"href":"https:\/\/www.cnbb.org.br\/cnbb-app\/wp\/v2\/media?parent=11426"}],"wp:term":[{"taxonomy":"category","embeddable":true,"href":"https:\/\/www.cnbb.org.br\/cnbb-app\/wp\/v2\/categories?post=11426"},{"taxonomy":"post_tag","embeddable":true,"href":"https:\/\/www.cnbb.org.br\/cnbb-app\/wp\/v2\/tags?post=11426"}],"curies":[{"name":"wp","href":"https:\/\/api.w.org\/{rel}","templated":true}]}}