{"id":11437,"date":"2009-09-30T00:00:00","date_gmt":"2009-09-30T03:00:00","guid":{"rendered":"https:\/\/www.cnbb.org.br\/para-onde-o-povo-de-deus-caminha\/"},"modified":"2009-09-30T00:00:00","modified_gmt":"2009-09-30T03:00:00","slug":"para-onde-o-povo-de-deus-caminha","status":"publish","type":"post","link":"https:\/\/www.cnbb.org.br\/para-onde-o-povo-de-deus-caminha\/","title":{"rendered":"Para onde o povo de Deus caminha"},"content":{"rendered":"<p style=\"text-align: justify\">Ao falar de povo e de caminho, logo vem a id\u00e9ia do lugar onde estamos e\u00a0 aonde queremos chegar. Assim nos colocamos, cada dia, a marcar passos firmes, na realiza\u00e7\u00e3o pessoal e comunit\u00e1ria. Ningu\u00e9m gosta de ficar parado, at\u00e9 mesmo as pessoas da terceira idade. Neste dinamismo, o \u201cpovo de Deus do Paran\u00e1\u201d, representado pelos seus cento e setenta l\u00edderes, sendo vinte e dois bispos, celebrou no \u00faltimo fim de semana, a Assembl\u00e9ia Anual Ordin\u00e1ria, pela primeira vez fora da capital. N\u00f3s, com muita alegria, os hospedamos, fazendo o melhor poss\u00edvel. Posso dizer que foi um sucesso em todos os sentidos.<\/p>\n<p>  <!--more-->  <\/p>\n<p style=\"text-align: justify\">Como tema de estudo e reflex\u00e3o, nos debru\u00e7amos sobre a \u201cinicia\u00e7\u00e3o crist\u00e3\u201d,\u00a0 ou seja, a forma\u00e7\u00e3o religiosa do crist\u00e3o batizado, que precisa amadurecer cada vez nas suas convic\u00e7\u00f5es, no seguimento de Jesus. \u00c8 muito pouco ser batizado e ir \u00e0 missa. A miss\u00e3o de anunciar a f\u00e9 que cultivamos, de manifestar a nossa alegria e satisfa\u00e7\u00e3o em ser crist\u00e3o hoje, n\u00e3o pode ser reservada a alguns privilegiados e muito menos ser reduzido \u00e0 pratica do culto dominical. Por isso, a proposta que vem chegando, tem sua raiz nas primeiras comunidades crist\u00e3s. Alimentadas pela Palavra, pela partilha do p\u00e3o e pela ora\u00e7\u00e3o, n\u00e3o havia necessitados entre eles, tudo era comum e viviam radicalmente os ensinamentos dos ap\u00f3stolos(cf.At 2.42).<\/p>\n<p style=\"text-align: justify\">Para iniciar, desde os pequenos at\u00e9 os adultos, neste caminho crist\u00e3o, n\u00f3s contamos hoje com sessenta mil catequistas no Paran\u00e1. Parece muito, por\u00e9m a multid\u00e3o com fome e sede de Deus, aumenta a cada dia que passa. Ao mesmo tempo, nos desafia saber como evangelizar. N\u00e3o basta saber, conhecer academicamente os conte\u00fados da f\u00e9. O dinamismo crist\u00e3o, hoje, nasce da experi\u00eancia concreta do seguimento radical do Mestre.\u00a0 As pessoas precisam ver o testemunho de quem fez a op\u00e7\u00e3o por Jesus e serem atra\u00eddas para o mesmo caminho.<\/p>\n<p style=\"text-align: justify\">Essa \u00e9 meta de todos, apaixonar-se pelo evangelho e pela pr\u00e1tica do Senhor, o Bom Pastor. A tarefa desta paix\u00e3o pelo evangelho n\u00e3o \u00e9 s\u00f3 da comunidade e de seus lideres; \u00e9\u00a0 tarefa de todos, come\u00e7ando em casa, pela fam\u00edlia, pelo pai e pela m\u00e3e, primeira sala de catequese. Ningu\u00e9m substitui o amor carinhoso do colo de um pai e de uma m\u00e3e, conscientes da miss\u00e3o de transmitir a f\u00e9 sem falsos temores. N\u00e3o d\u00e1 mais para lavar as m\u00e3os como Pilatos.<\/p>\n<p style=\"text-align: justify\">Est\u00e1 na hora de sair do comodismo ritualista, de quem quer se salvar fazendo o estritamente necess\u00e1rio. Est\u00e1 na hora de sair do casulo seco e protegido das convic\u00e7\u00f5es pessoais e buscar as verdades do evangelho. S\u00e3o estas que d\u00e3o seguran\u00e7a no caminho e paz ao cora\u00e7\u00e3o, de quem busca a eternidade. Est\u00e1 na hora de abandonar nossas seguran\u00e7as materiais e nos colocar a caminho, na dire\u00e7\u00e3o de quem cr\u00ea que nesta vida tudo passa.<\/p>\n<p style=\"text-align: justify\">Est\u00e1 na hora de se perguntar para onde estou caminhando na vida espiritual, no meu relacionamento com o Criador do c\u00e9u e da terra. Est\u00e1 na hora de se perguntar, aonde est\u00e1 o meu tesouro, pelo qual trabalhei e lutei at\u00e9 agora? Valeu a pena caminhar at\u00e9 aqui, ou ainda tenho d\u00favidas sobre para onde vai a caminhada da minha vida? Voc\u00ea faz parte deste povo que est\u00e1 a caminho. Tenha a certeza de que s\u00f3 um \u00e9 o Caminho, a Verdade e a Vida: Jesus(cf.Jo 14,6). Ou voc\u00ea o encontra ou fica na multid\u00e3o, como mosca tonta.<\/p>\n<h4 style=\"text-align: right\">Dom Anuar Battisti<\/h4>\n","protected":false},"excerpt":{"rendered":"<p>Ao falar de povo e de caminho, logo vem a id\u00e9ia do lugar onde estamos e\u00a0 aonde queremos chegar. Assim nos colocamos, cada dia, a marcar passos firmes, na realiza\u00e7\u00e3o pessoal e comunit\u00e1ria. Ningu\u00e9m gosta de ficar parado, at\u00e9 mesmo as pessoas da terceira idade. Neste dinamismo, o \u201cpovo de Deus do Paran\u00e1\u201d, representado pelos &hellip;<\/p>\n<p class=\"read-more\"> <a class=\"\" href=\"https:\/\/www.cnbb.org.br\/para-onde-o-povo-de-deus-caminha\/\"> <span class=\"screen-reader-text\">Para onde o povo de Deus caminha<\/span> Leia mais &raquo;<\/a><\/p>\n","protected":false},"author":83,"featured_media":0,"comment_status":"open","ping_status":"open","sticky":false,"template":"","format":"standard","meta":{"site-sidebar-layout":"default","site-content-layout":"default","ast-global-header-display":"","ast-banner-title-visibility":"","ast-main-header-display":"","ast-hfb-above-header-display":"","ast-hfb-below-header-display":"","ast-hfb-mobile-header-display":"","site-post-title":"","ast-breadcrumbs-content":"","ast-featured-img":"","footer-sml-layout":"","theme-transparent-header-meta":"","adv-header-id-meta":"","stick-header-meta":"","header-above-stick-meta":"","header-main-stick-meta":"","header-below-stick-meta":""},"categories":[758],"tags":[],"acf":[],"_links":{"self":[{"href":"https:\/\/www.cnbb.org.br\/cnbb-app\/wp\/v2\/posts\/11437"}],"collection":[{"href":"https:\/\/www.cnbb.org.br\/cnbb-app\/wp\/v2\/posts"}],"about":[{"href":"https:\/\/www.cnbb.org.br\/cnbb-app\/wp\/v2\/types\/post"}],"author":[{"embeddable":true,"href":"https:\/\/www.cnbb.org.br\/cnbb-app\/wp\/v2\/users\/83"}],"replies":[{"embeddable":true,"href":"https:\/\/www.cnbb.org.br\/cnbb-app\/wp\/v2\/comments?post=11437"}],"version-history":[{"count":0,"href":"https:\/\/www.cnbb.org.br\/cnbb-app\/wp\/v2\/posts\/11437\/revisions"}],"wp:attachment":[{"href":"https:\/\/www.cnbb.org.br\/cnbb-app\/wp\/v2\/media?parent=11437"}],"wp:term":[{"taxonomy":"category","embeddable":true,"href":"https:\/\/www.cnbb.org.br\/cnbb-app\/wp\/v2\/categories?post=11437"},{"taxonomy":"post_tag","embeddable":true,"href":"https:\/\/www.cnbb.org.br\/cnbb-app\/wp\/v2\/tags?post=11437"}],"curies":[{"name":"wp","href":"https:\/\/api.w.org\/{rel}","templated":true}]}}