{"id":11452,"date":"2009-04-17T00:00:00","date_gmt":"2009-04-17T03:00:00","guid":{"rendered":"https:\/\/www.cnbb.org.br\/uma-palavra-duas-letras\/"},"modified":"2009-04-17T00:00:00","modified_gmt":"2009-04-17T03:00:00","slug":"uma-palavra-duas-letras","status":"publish","type":"post","link":"https:\/\/www.cnbb.org.br\/uma-palavra-duas-letras\/","title":{"rendered":"Uma palavra, duas letras"},"content":{"rendered":"<p style=\"text-align: justify\">Como viver sem ela? Como encontrar sentido \u00e0 vida, aos problemas, aos desafios, \u00e0s frustra\u00e7\u00f5es, ao nosso viver do dia a dia sem contar com ela? Nela tudo est\u00e1 envolvido e tudo depende dela: \u201cA F\u00e9\u201d. Um amigo m\u00e9dico, nesta semana em conversa de amigos,\u00a0 me dizia: \u201cOs ateus est\u00e3o com nada\u201d. Chamou-me aten\u00e7\u00e3o o fato de que ele \u00e9 um homem de f\u00e9, mas tem um estilo pr\u00f3prio de cultiv\u00e1-la, frequenta o templo, gosta de orar, l\u00ea muito, conhece a Palavra de Deus, mas n\u00e3o expressa nenhum fanatismo.<\/p>\n<p>  <!--more-->  <\/p>\n<p style=\"text-align: justify\">\u00a0<\/p>\n<p style=\"text-align: justify\">Interessante tamb\u00e9m, porque, hoje, a ci\u00eancia est\u00e1 preocupada em desvendar os segredos de certas curas, n\u00e3o por serem milagrosas, mas por virem de pessoas que tem f\u00e9. Pessoas que acreditam, t\u00eam maiores chances de superar enfermidades, \u00e0s vezes em\u00a0 gravidade intensa.<\/p>\n<p style=\"text-align: justify\">Este fen\u00f4meno intr\u00ednseco ao ser humano, que \u00e9 a capacidade de crer, acreditar mesmo sem ter provas cient\u00edficas, garante o \u00eaxito em todos os campos da exist\u00eancia humana, e nos fazem pessoas com capacidade de olhar al\u00e9m do cotidiano, complicado e tremendamente humano. A crise de f\u00e9 de Tom\u00e9, ao saber que os colegas tinham visto o Senhor Ressuscitado, n\u00e3o \u00e9 uma simples incredulidade; \u00e9 sim, uma vontade her\u00f3ica de ver Jesus. Voc\u00eas viram, eu tamb\u00e9m quero ver. Jesus acaba dando esta chance a Tom\u00e9, para deixar-nos um segredo. \u201cFelizes os que acreditaram sem ter visto\u201d( Jo 20,29)<\/p>\n<p style=\"text-align: justify\">A F\u00e9 \u00e9 um presente que Deus deu e d\u00e1 sempre, que precisa ser cultivado sem meias medidas, caso contr\u00e1rio, nos deixamos envolver por sentimento puramente humanos e por explica\u00e7\u00f5es subjetivas que n\u00e3o levam a nada,\u00a0 complicando, cada vez mais, a exist\u00eancia. Os grandes her\u00f3is da hist\u00f3ria e das religi\u00f5es foram pessoas que souberam acreditar, sem nenhuma seguran\u00e7a humana. Lan\u00e7aram-se, sem medida, na busca dos seus ideais, ou de realizar uma miss\u00e3o solicitada por Deus.<\/p>\n<p style=\"text-align: justify\">Todos os personagens b\u00edblicos s\u00e3o exemplos marcantes.\u00a0 Um exemplo mais evidente, Maria, menina que j\u00e1 tinha programado o seu futuro,\u00a0 recebe a noticia para ser m\u00e3e do Salvador, que a deixa desconcertada. Mesmo duvidando, aceita a proposta respondendo: \u201cAqui est\u00e1 a escrava do Senhor, fa\u00e7a-se em mim conforme a tua Palavra\u201d(Lc 1,38). A este prop\u00f3sito afirmava Jo\u00e3o Paulo II: \u201cMaria, ensina-nos a reconhecer humildemente, quanto s\u00e3o \u201cinsond\u00e1veis os des\u00edgnios\u201d e imperscrut\u00e1veis os caminhos\u201d de Deus.<\/p>\n<p style=\"text-align: justify\">Aquela que pela eterna vontade do Alt\u00edssimo veio a se encontrar, por assim dizer, no pr\u00f3prio centro dos \u201cimperscrut\u00e1veis caminhos\u201d e dos \u201cinsond\u00e1veis des\u00edgnios\u201d de Deus, a eles se conforma, na obscuridade da f\u00e9. Aceitando plenamente e com o cora\u00e7\u00e3o aberto tudo quanto \u00e9 disposi\u00e7\u00e3o dos des\u00edgnios divinos( Rm 14).<\/p>\n<p style=\"text-align: justify\">A pessoa de f\u00e9 n\u00e3o est\u00e1 predestinada a viver sempre na luz, pelo contr\u00e1rio \u00e9 mais provada que outra que nunca acreditou. As prova\u00e7\u00f5es s\u00e3o sinais de que a vida \u00e9 feita de cruzes, sofrimentos, morte e ressurrei\u00e7\u00e3o. Acabamos de celebrar o segredo central de nossa capacidade de crer, a raz\u00e3o profunda de nossa f\u00e9.\u00a0 A P\u00e1scoa existe para lembrar o espet\u00e1culo inigual\u00e1vel da f\u00e9 chamado Ressurrei\u00e7\u00e3o. \u201cSe Cristo n\u00e3o tivesse ressuscitado vazia seria a nossa f\u00e9\u201d(I Cor, 15,14)).<\/p>\n<p style=\"text-align: justify\">Precisamos cultivar uma f\u00e9 viva, desnudada de crendices e amuletos, para n\u00e3o titubear no caminho do seguimento do Mestre e Senhor. E ser capaz, como dia o Ap\u00f3stolo Paulo aos Romanos, confessar e crer: \u201cSe com sua boca confessares Jesus como Senhor e, no teu cora\u00e7\u00e3o, creres que Deus o ressuscitou dos mortos, ser\u00e1s salvo\u201d (Rm 10, 8).<\/p>\n<p style=\"text-align: justify\">\u00d3 palavrinha, t\u00e3o pequena e t\u00e3o forte, saia de nossa boca, essa prece: \u201cSenhor aumentai a minha F\u00e9\u201d!<\/p>\n<h4 style=\"text-align: right\">Dom Anuar Battisti<\/h4>\n","protected":false},"excerpt":{"rendered":"<p>Como viver sem ela? Como encontrar sentido \u00e0 vida, aos problemas, aos desafios, \u00e0s frustra\u00e7\u00f5es, ao nosso viver do dia a dia sem contar com ela? Nela tudo est\u00e1 envolvido e tudo depende dela: \u201cA F\u00e9\u201d. Um amigo m\u00e9dico, nesta semana em conversa de amigos,\u00a0 me dizia: \u201cOs ateus est\u00e3o com nada\u201d. Chamou-me aten\u00e7\u00e3o o &hellip;<\/p>\n<p class=\"read-more\"> <a class=\"\" href=\"https:\/\/www.cnbb.org.br\/uma-palavra-duas-letras\/\"> <span class=\"screen-reader-text\">Uma palavra, duas letras<\/span> Leia mais &raquo;<\/a><\/p>\n","protected":false},"author":83,"featured_media":0,"comment_status":"open","ping_status":"open","sticky":false,"template":"","format":"standard","meta":{"site-sidebar-layout":"default","site-content-layout":"default","ast-global-header-display":"","ast-banner-title-visibility":"","ast-main-header-display":"","ast-hfb-above-header-display":"","ast-hfb-below-header-display":"","ast-hfb-mobile-header-display":"","site-post-title":"","ast-breadcrumbs-content":"","ast-featured-img":"","footer-sml-layout":"","theme-transparent-header-meta":"","adv-header-id-meta":"","stick-header-meta":"","header-above-stick-meta":"","header-main-stick-meta":"","header-below-stick-meta":""},"categories":[758],"tags":[],"acf":[],"_links":{"self":[{"href":"https:\/\/www.cnbb.org.br\/cnbb-app\/wp\/v2\/posts\/11452"}],"collection":[{"href":"https:\/\/www.cnbb.org.br\/cnbb-app\/wp\/v2\/posts"}],"about":[{"href":"https:\/\/www.cnbb.org.br\/cnbb-app\/wp\/v2\/types\/post"}],"author":[{"embeddable":true,"href":"https:\/\/www.cnbb.org.br\/cnbb-app\/wp\/v2\/users\/83"}],"replies":[{"embeddable":true,"href":"https:\/\/www.cnbb.org.br\/cnbb-app\/wp\/v2\/comments?post=11452"}],"version-history":[{"count":0,"href":"https:\/\/www.cnbb.org.br\/cnbb-app\/wp\/v2\/posts\/11452\/revisions"}],"wp:attachment":[{"href":"https:\/\/www.cnbb.org.br\/cnbb-app\/wp\/v2\/media?parent=11452"}],"wp:term":[{"taxonomy":"category","embeddable":true,"href":"https:\/\/www.cnbb.org.br\/cnbb-app\/wp\/v2\/categories?post=11452"},{"taxonomy":"post_tag","embeddable":true,"href":"https:\/\/www.cnbb.org.br\/cnbb-app\/wp\/v2\/tags?post=11452"}],"curies":[{"name":"wp","href":"https:\/\/api.w.org\/{rel}","templated":true}]}}