{"id":11453,"date":"2009-04-13T00:00:00","date_gmt":"2009-04-13T03:00:00","guid":{"rendered":"https:\/\/www.cnbb.org.br\/servidores-e-nao-donos-do-rebanho\/"},"modified":"2009-04-13T00:00:00","modified_gmt":"2009-04-13T03:00:00","slug":"servidores-e-nao-donos-do-rebanho","status":"publish","type":"post","link":"https:\/\/www.cnbb.org.br\/servidores-e-nao-donos-do-rebanho\/","title":{"rendered":"Servidores, e n\u00e3o donos do rebanho"},"content":{"rendered":"<p style=\"text-align: justify\">Hoje, Quinta-Feira Santa, recordamos a primeira ceia que Jesus celebrou com os seus amigos mais \u00edntimos, os ap\u00f3stolos. Foi uma ceia pascal, carregada de surpresas; ningu\u00e9m estava entendendo o que iria acontecer em breve. Todos queriam estar com Ele, mas n\u00e3o sabiam o que iria acontecer. Por isso, n\u00f3s repetimos aquela ceia, integrando f\u00e9 e vida, celebrando o mesmo sacrif\u00edcio, sem derramamento de sangue, que se realiza em cada altar, em cada celebra\u00e7\u00e3o da Eucaristia. Ao instituir a Eucaristia, transformando o p\u00e3o e o vinho em corpo e sangue e, mandando fazer em sua mem\u00f3ria, Jesus institu\u00eda tamb\u00e9m os ministros, que perpetuariam pelos s\u00e9culos aquela mesma ceia. Hoje \u00e9 o dia tamb\u00e9m da institui\u00e7\u00e3o do presbiterato, dia em que todos os\u00a0 sacerdotes renovam os compromissos assumidos no dia da ordena\u00e7\u00e3o.<\/p>\n<p>  <!--more-->  <\/p>\n<p style=\"text-align: justify\">Esses homens escolhidos, s\u00e3o os presb\u00edteros (sacerdotes), que\u00a0 recebem como miss\u00e3o,\u00a0 continuar pelos s\u00e9culos afora fazendo a mem\u00f3ria daquela celebra\u00e7\u00e3o, cumprindo o mandato de Jesus: \u201cFazei isto em mem\u00f3ria de mim\u201d.(I Corintios 11, 23-24)\u00a0 Os presb\u00edteros s\u00e3o em primeiro lugar, homens da Eucaristia, servos do altar, do p\u00e3o da vida, distribuidores do alimento que gera vida eterna. \u201cEu sou o p\u00e3o vivo descido do c\u00e9u, quem comer deste p\u00e3o viver\u00e1 eternamente\u201d (Jo\u00e3o 6, 51)\u00a0 Ao mesmo tempo, o presb\u00edtero, servo da mesa, \u00e9 tamb\u00e9m servo da Palavra. Tirado dentre os homens \u00e9 colocado a servi\u00e7o dos pr\u00f3prios homens, orientando, instruindo, exortando, anunciando a Boa Not\u00edcia que liberta e salva.<\/p>\n<p style=\"text-align: justify\">O presb\u00edtero \u00e9 homem de Deus e homem do povo. No exerc\u00edcio da sua miss\u00e3o ter\u00e1 como prioridade o estar de Jesus, para depois estar com o povo e estar com o povo para estar com Jesus. \u00c9 neste jogo de contempla\u00e7\u00e3o e a\u00e7\u00e3o, que o presb\u00edtero semear\u00e1 n\u00e3o a pr\u00f3pria palavra, mas a Palavra que vem do encontro com Ele, homens da Palavra e de palavra. Identificados com Cristo, cabe\u00e7a, pastor e mestre, os presb\u00edteros encontram a primeira fonte de sua identidade.\u00a0 Ao mesmo tempo, n\u00e3o deixam de ser gente, pessoas humanas, com limites e defeitos, por\u00e9m revestidos de um poder-servi\u00e7o que os identificam com o Bom a Amado Pastor. Se eu vosso Mestre lavei os vossos p\u00e9s, tamb\u00e9m v\u00f3s, deveis lavar os p\u00e9s uns dos outros\u201d (Jo 13-14)<\/p>\n<p style=\"text-align: justify\">A miss\u00e3o \u00e9 divina, a pessoa \u00e9 humana, para cuidar dos humanos, sem outro interesse, a n\u00e3o ser a de cuidar com carinho e dedica\u00e7\u00e3o do rebanho. O Senhor n\u00e3o escolheu pessoas perfeitas, mas sim, pessoas capazes de amar mais. Fa\u00e7o uma admoesta\u00e7\u00e3o aos presb\u00edteros que est\u00e3o entre voc\u00eas, eu que sou presb\u00edtero com eles, testemunha dos sofrimentos de Cristo e participantes da gl\u00f3ria que vai ser revelada: \u201ccuidem do rebanho de Deus que lhe foi confiado, n\u00e3o por imposi\u00e7\u00e3o, mas de livre e espont\u00e2nea vontade, como Deus o quer; n\u00e3o por causa de lucro sujo, mas com generosidade; n\u00e3o como donos daqueles que lhes foram confiados, mas como modelos para o rebanho\u201d (1 Pd 1,4)<\/p>\n<p style=\"text-align: justify\">Assim, os presb\u00edteros devem ser pessoas profundamente amadas para poder amar. Presb\u00edteros\u00a0\u00a0 abertos ao di\u00e1logo, com esp\u00edrito de toler\u00e2ncia, respeitosos \u00e1s opini\u00f5es dos outros, preocupados em compreender e acolher a todos sem distin\u00e7\u00e3o. Homens solid\u00e1rios com os exclu\u00eddos e descartados. Presb\u00edteros apaixonados pelo Senhor e pela messe. Pe\u00e7o a todos voc\u00eas irm\u00e3os, que orem por n\u00f3s e por nosso minist\u00e9rio, para que sejamos fi\u00e9is e perseverantes at\u00e9 o fim. Orem\u00a0 para que n\u00e3o falterm trabalhadores na messe do Senhor.<\/p>\n<p style=\"text-align: justify\">A todos\u00a0 voc\u00eas, presb\u00edteros, minha gratid\u00e3o e vamos construir juntos, a comunh\u00e3o e a fraternidade, na miss\u00e3o de evangelizar.<\/p>\n<h4 style=\"text-align: right\">Dom Anuar Battisti<\/h4>\n","protected":false},"excerpt":{"rendered":"<p>Hoje, Quinta-Feira Santa, recordamos a primeira ceia que Jesus celebrou com os seus amigos mais \u00edntimos, os ap\u00f3stolos. Foi uma ceia pascal, carregada de surpresas; ningu\u00e9m estava entendendo o que iria acontecer em breve. Todos queriam estar com Ele, mas n\u00e3o sabiam o que iria acontecer. Por isso, n\u00f3s repetimos aquela ceia, integrando f\u00e9 e &hellip;<\/p>\n<p class=\"read-more\"> <a class=\"\" href=\"https:\/\/www.cnbb.org.br\/servidores-e-nao-donos-do-rebanho\/\"> <span class=\"screen-reader-text\">Servidores, e n\u00e3o donos do rebanho<\/span> Leia mais &raquo;<\/a><\/p>\n","protected":false},"author":83,"featured_media":0,"comment_status":"open","ping_status":"open","sticky":false,"template":"","format":"standard","meta":{"site-sidebar-layout":"default","site-content-layout":"default","ast-global-header-display":"","ast-banner-title-visibility":"","ast-main-header-display":"","ast-hfb-above-header-display":"","ast-hfb-below-header-display":"","ast-hfb-mobile-header-display":"","site-post-title":"","ast-breadcrumbs-content":"","ast-featured-img":"","footer-sml-layout":"","theme-transparent-header-meta":"","adv-header-id-meta":"","stick-header-meta":"","header-above-stick-meta":"","header-main-stick-meta":"","header-below-stick-meta":""},"categories":[758],"tags":[],"acf":[],"_links":{"self":[{"href":"https:\/\/www.cnbb.org.br\/cnbb-app\/wp\/v2\/posts\/11453"}],"collection":[{"href":"https:\/\/www.cnbb.org.br\/cnbb-app\/wp\/v2\/posts"}],"about":[{"href":"https:\/\/www.cnbb.org.br\/cnbb-app\/wp\/v2\/types\/post"}],"author":[{"embeddable":true,"href":"https:\/\/www.cnbb.org.br\/cnbb-app\/wp\/v2\/users\/83"}],"replies":[{"embeddable":true,"href":"https:\/\/www.cnbb.org.br\/cnbb-app\/wp\/v2\/comments?post=11453"}],"version-history":[{"count":0,"href":"https:\/\/www.cnbb.org.br\/cnbb-app\/wp\/v2\/posts\/11453\/revisions"}],"wp:attachment":[{"href":"https:\/\/www.cnbb.org.br\/cnbb-app\/wp\/v2\/media?parent=11453"}],"wp:term":[{"taxonomy":"category","embeddable":true,"href":"https:\/\/www.cnbb.org.br\/cnbb-app\/wp\/v2\/categories?post=11453"},{"taxonomy":"post_tag","embeddable":true,"href":"https:\/\/www.cnbb.org.br\/cnbb-app\/wp\/v2\/tags?post=11453"}],"curies":[{"name":"wp","href":"https:\/\/api.w.org\/{rel}","templated":true}]}}