{"id":11463,"date":"2009-01-05T00:00:00","date_gmt":"2009-01-05T02:00:00","guid":{"rendered":"https:\/\/www.cnbb.org.br\/combater-a-pobreza-construir-a-paz\/"},"modified":"2009-01-05T00:00:00","modified_gmt":"2009-01-05T02:00:00","slug":"combater-a-pobreza-construir-a-paz","status":"publish","type":"post","link":"https:\/\/www.cnbb.org.br\/combater-a-pobreza-construir-a-paz\/","title":{"rendered":"Combater a pobreza, construir a paz"},"content":{"rendered":"<p style=\"text-align: justify\">Transcrevo aqui alguns pensamentos do Papa Bento XVI, contidos na sua mensagem para o dia primeiro de janeiro, dia Mundial da Paz. Ele come\u00e7a dizendo: \u201cDesejo no in\u00edcio do novo ano, fazer chegar os meus votos de paz a todos e, com esta mensagem, convid\u00e1-los a refletir sobre o tema: Combater a pobreza, construir a paz. \u201cDe fato, a pobreza encontra-se freq\u00fcentemente entre os fatores que favorecem ou agravam os conflitos, mesmo os conflitos armados. A disparidade entre ricos e pobres tornou-se mais evidente, mesmo nas na\u00e7\u00f5es economicamente mais desenvolvidas. Trata-se de um problema que se imp\u00f5e \u00e0 consci\u00eancia da humanidade, visto que as condi\u00e7\u00f5es em que se encontra um grande n\u00famero de pessoas s\u00e3o tais, que ofendem a sua dignidade natural e, conseq\u00fcentemente, comprometem o aut\u00eantico e harm\u00f4nico progresso da comunidade mundial\u201d.<\/p>\n<p>  <!--more-->  <\/p>\n<p style=\"text-align: justify\">\u00a0<\/p>\n<p style=\"text-align: justify\">O Papa continua dizendo: Neste contexto, combater a pobreza implica uma an\u00e1lise atenta ao fen\u00f4meno complexo que \u00e9 a globaliza\u00e7\u00e3o. A globaliza\u00e7\u00e3o deveria revestir tamb\u00e9m de um significado espiritual e moral, solicitando a olhar os pobres com a perspectiva de que todos somos participantes de um \u00fanico projeto divino: chamados a construir uma \u00fanica fam\u00edlia, na qual todos, regulem o seu comportamento segundo os princ\u00edpios da fraternidade e responsabilidade.<\/p>\n<p style=\"text-align: justify\">Em tal perspectiva, \u00e9 preciso ter uma vis\u00e3o ampla e articulada da pobreza. Se esta fosse apenas material, para iluminar as suas principais caracter\u00edsticas, seriam suficientes as ci\u00eancias sociais. Sabemos, por\u00e9m, que existem pobrezas imateriais, isto \u00e9, que n\u00e3o s\u00e3o conseq\u00fc\u00eancia direta e autom\u00e1tica de car\u00eancias materiais. Por exemplo, nas sociedades ricas e avan\u00e7adas, existem fen\u00f4menos de marginaliza\u00e7\u00e3o, pobreza relacional, moral e espiritual.<\/p>\n<p style=\"text-align: justify\">Quando o homem n\u00e3o \u00e9 visto na integridade da sua voca\u00e7\u00e3o e n\u00e3o se respeitam as exig\u00eancias duma verdadeira \u201cecologia humana\u201d, desencadeiam-se tamb\u00e9m as din\u00e2micas perversas da pobreza&#8230; O exterm\u00ednio de milh\u00f5es de nascituros, em nome da luta \u00e0 pobreza, constitui na realidade a elimina\u00e7\u00e3o dos mais pobres dentre os seres humanos. Outro \u00e2mbito de preocupa\u00e7\u00e3o s\u00e3o as pandemias, como, por exemplo, a mal\u00e1ria, a tuberculose e a AIDS&#8230;. \u00c9 dif\u00edcil combat\u00ea-las, se n\u00e3o se enfrentarem as problem\u00e1ticas morais associadas com a difus\u00e3o do v\u00edrus. \u00c9 preciso, antes de tudo, fomentar campanhas que eduquem, especialmente os jovens, para uma sexualidade plenamente respeitadora da dignidade da pessoa.<\/p>\n<p style=\"text-align: justify\">Outro \u00e2mbito \u00e9 a pobreza das crian\u00e7as. Quando a pobreza atinge uma fam\u00edlia, as crian\u00e7as s\u00e3o as suas v\u00edtimas mais vulner\u00e1veis: atualmente, quase metade dos que vivem em pobreza absoluta \u00e9 constitu\u00edda por crian\u00e7as. Tamb\u00e9m, do ponto de vista moral, merece particular aten\u00e7\u00e3o, a rela\u00e7\u00e3o existente entre desarmamento e progresso. Por isso, os Estados s\u00e3o chamados a fazer uma s\u00e9ria reflex\u00e3o sobre as raz\u00f5es mais profundas dos conflitos. O \u00e2mbito da referida luta contra a pobreza material diz respeito \u00e0 crise alimentar atual, que p\u00f5e em perigo a satisfa\u00e7\u00e3o das necessidades de base. Tal crise \u00e9 caracterizada n\u00e3o tanto pela insufici\u00eancia de alimento, como, sobretudo, pela dificuldade de acesso ao mesmo e por fen\u00f4menos especulativos, aumentando o fosso entre ricos e pobres.<\/p>\n<p style=\"text-align: justify\">\u201cDai-lhes v\u00f3s mesmos de comer\u201d (Lc 9, 13) Fiel a este convite do seu Senhor, a Comunidade Crist\u00e3 n\u00e3o deixar\u00e1, pois, de assegurar o seu apoio \u00e0 fam\u00edlia humana inteira nos seus impulsos de solidariedade criativa, mas, sobretudo, a alterar \u201cos estilos de vida, os modelos de produ\u00e7\u00e3o e de consumo, as estruturas consolidadas de poder que hoje regem as sociedades\u201d. A cada disc\u00edpulo de Cristo, bem como a toda a pessoa de boa vontade, dirijo, no in\u00edcio de um novo ano, um caloroso convite a alargar o cora\u00e7\u00e3o \u00e0s necessidades dos pobres e a fazer tudo o que lhes for concretamente poss\u00edvel para ir sem seu socorro. De fato, aparece como indiscutivelmente verdadeiro o axioma \u201ccombater a pobreza \u00e9 construir a paz\u201d.<\/p>\n<p style=\"text-align: justify\">FELIZ 2009, combatendo a pobreza e construindo a paz.<\/p>\n<h4 style=\"text-align: right\">Dom Anuar Battisti<\/h4>\n","protected":false},"excerpt":{"rendered":"<p>Transcrevo aqui alguns pensamentos do Papa Bento XVI, contidos na sua mensagem para o dia primeiro de janeiro, dia Mundial da Paz. Ele come\u00e7a dizendo: \u201cDesejo no in\u00edcio do novo ano, fazer chegar os meus votos de paz a todos e, com esta mensagem, convid\u00e1-los a refletir sobre o tema: Combater a pobreza, construir a &hellip;<\/p>\n<p class=\"read-more\"> <a class=\"\" href=\"https:\/\/www.cnbb.org.br\/combater-a-pobreza-construir-a-paz\/\"> <span class=\"screen-reader-text\">Combater a pobreza, construir a paz<\/span> Leia mais &raquo;<\/a><\/p>\n","protected":false},"author":83,"featured_media":0,"comment_status":"open","ping_status":"open","sticky":false,"template":"","format":"standard","meta":{"site-sidebar-layout":"default","site-content-layout":"default","ast-global-header-display":"","ast-banner-title-visibility":"","ast-main-header-display":"","ast-hfb-above-header-display":"","ast-hfb-below-header-display":"","ast-hfb-mobile-header-display":"","site-post-title":"","ast-breadcrumbs-content":"","ast-featured-img":"","footer-sml-layout":"","theme-transparent-header-meta":"","adv-header-id-meta":"","stick-header-meta":"","header-above-stick-meta":"","header-main-stick-meta":"","header-below-stick-meta":""},"categories":[758],"tags":[],"acf":[],"_links":{"self":[{"href":"https:\/\/www.cnbb.org.br\/cnbb-app\/wp\/v2\/posts\/11463"}],"collection":[{"href":"https:\/\/www.cnbb.org.br\/cnbb-app\/wp\/v2\/posts"}],"about":[{"href":"https:\/\/www.cnbb.org.br\/cnbb-app\/wp\/v2\/types\/post"}],"author":[{"embeddable":true,"href":"https:\/\/www.cnbb.org.br\/cnbb-app\/wp\/v2\/users\/83"}],"replies":[{"embeddable":true,"href":"https:\/\/www.cnbb.org.br\/cnbb-app\/wp\/v2\/comments?post=11463"}],"version-history":[{"count":0,"href":"https:\/\/www.cnbb.org.br\/cnbb-app\/wp\/v2\/posts\/11463\/revisions"}],"wp:attachment":[{"href":"https:\/\/www.cnbb.org.br\/cnbb-app\/wp\/v2\/media?parent=11463"}],"wp:term":[{"taxonomy":"category","embeddable":true,"href":"https:\/\/www.cnbb.org.br\/cnbb-app\/wp\/v2\/categories?post=11463"},{"taxonomy":"post_tag","embeddable":true,"href":"https:\/\/www.cnbb.org.br\/cnbb-app\/wp\/v2\/tags?post=11463"}],"curies":[{"name":"wp","href":"https:\/\/api.w.org\/{rel}","templated":true}]}}