{"id":11465,"date":"2008-12-18T00:00:00","date_gmt":"2008-12-18T02:00:00","guid":{"rendered":"https:\/\/www.cnbb.org.br\/para-que-a-alma-possa-respirar\/"},"modified":"2008-12-18T00:00:00","modified_gmt":"2008-12-18T02:00:00","slug":"para-que-a-alma-possa-respirar","status":"publish","type":"post","link":"https:\/\/www.cnbb.org.br\/para-que-a-alma-possa-respirar\/","title":{"rendered":"Para que a alma possa respirar"},"content":{"rendered":"<p style=\"text-align: justify\">\u00c0s v\u00e9speras do Natal e em clima de final de ano, s\u00e3o muitas as necessidades e desejos a serem realizados. O consumismo toma conta do tempo e do descanso; toma conta do bolso e dos compromissos financeiros; toma conta inclusive do cora\u00e7\u00e3o quando as preocupa\u00e7\u00f5es n\u00e3o s\u00e3o mais a vida sobrenatural constru\u00edda com uma f\u00e9 simples e pequena como gr\u00e3o de mostarda.<\/p>\n<p>  <!--more-->  <\/p>\n<p style=\"text-align: justify\">O Papa Eug\u00eanio se queixou ao seu professor Bernardo de Claraval de que n\u00e3o conseguia mais rezar devido ao trabalho, de que era infeliz por causa de muitos afazeres. Seu professor n\u00e3o reagiu com compaix\u00e3o. Ao contr\u00e1rio, passou-lhe uma bela li\u00e7\u00e3o, embora ele fosse o Papa. Ele mesmo era culpado por trabalhar tanto, por achar que devia ajudar a todos os pedintes, que devia interferir em todos os assuntos. Exatamente por ocupar uma posi\u00e7\u00e3o de alta responsabilidade, era necess\u00e1rio cuidar de si mesmo. Pois se n\u00e3o cuidar de si mesmo, seu cuidado com os outros, n\u00e3o trar\u00e1 b\u00ean\u00e7\u00e3o. O trabalho excessivo o tornar\u00e1 duro e amargo interiormente. Dedicar-se a si mesmo, dar-se um tempo, dar-se a si mesmo, faz a alma respirar.<\/p>\n<p style=\"text-align: justify\">Para viver e viver bem, n\u00e3o se trata de ter e acumular coisas ou se afundar em compromissos por mais justos que sejam, deixando de cuidar do pr\u00f3prio cora\u00e7\u00e3o. Deve dar a si mesmo, o seu amor, demonstrar a si mesmo, sua ternura. Somente assim teremos a tranq\u00fcilidade e o equil\u00edbrio interior em todas as situa\u00e7\u00f5es da vida, por mais dif\u00edcil que sejam. Ao se aproximar o Natal e o fim de ano, precisamos dedicar tempo ao descanso do corpo, mas n\u00e3o para a alma. Dar-se tempo para que o esp\u00edrito respire, em conson\u00e2ncia com o corpo. Saber integrar a mente, o esp\u00edrito, o corpo \u00e9 uma gin\u00e1stica que exige disciplina.<\/p>\n<p style=\"text-align: justify\">\u00c9 bom lembrar que o pr\u00f3prio Jesus recomenda a seus disc\u00edpulos atarefados: \u201cVinde voc\u00eas sozinhos para um lugar deserto e repousai um pouco\u201d (Marcos 6-31) O grande e primeiro contemplativo da vida mon\u00e1stica, S\u00e3o Bento, dizia: \u201cO administrador cuide de sua pr\u00f3pria alma\u201d. Muitos perdem o gosto de viver e por aquilo que fazem, porque n\u00e3o cuidam de si mesmos. Os escravos de hoje s\u00e3o os que gritam para se libertar de uma sociedade consumista, hedonista, de compromissos que afastam de si mesmos e de sua alma que deseja respirar. Este \u00e9 o tempo para rever e recome\u00e7ar. \u201cEis agora o tempo da convers\u00e3o, eis o dia da salva\u00e7\u00e3o\u201d.<\/p>\n<p style=\"text-align: justify\">Nada nem ningu\u00e9m preenche a sede de paz e de sentido da vida, a n\u00e3o ser o espa\u00e7o que sou capaz de abrir para o Senhor da vida e da hist\u00f3ria, que se fez gente como n\u00f3s. Ainda h\u00e1 tempo, n\u00e3o percamos o rumo. Temos tudo para dar um novo alento \u00e0 nossa alma e ver novos horizontes surgindo para o Ano Novo 2009.<\/p>\n<h4 style=\"text-align: right\">Dom Anuar Battisti<\/h4>\n","protected":false},"excerpt":{"rendered":"<p>\u00c0s v\u00e9speras do Natal e em clima de final de ano, s\u00e3o muitas as necessidades e desejos a serem realizados. O consumismo toma conta do tempo e do descanso; toma conta do bolso e dos compromissos financeiros; toma conta inclusive do cora\u00e7\u00e3o quando as preocupa\u00e7\u00f5es n\u00e3o s\u00e3o mais a vida sobrenatural constru\u00edda com uma f\u00e9 &hellip;<\/p>\n<p class=\"read-more\"> <a class=\"\" href=\"https:\/\/www.cnbb.org.br\/para-que-a-alma-possa-respirar\/\"> <span class=\"screen-reader-text\">Para que a alma possa respirar<\/span> Leia mais &raquo;<\/a><\/p>\n","protected":false},"author":83,"featured_media":0,"comment_status":"open","ping_status":"open","sticky":false,"template":"","format":"standard","meta":{"site-sidebar-layout":"default","site-content-layout":"default","ast-global-header-display":"","ast-banner-title-visibility":"","ast-main-header-display":"","ast-hfb-above-header-display":"","ast-hfb-below-header-display":"","ast-hfb-mobile-header-display":"","site-post-title":"","ast-breadcrumbs-content":"","ast-featured-img":"","footer-sml-layout":"","theme-transparent-header-meta":"","adv-header-id-meta":"","stick-header-meta":"","header-above-stick-meta":"","header-main-stick-meta":"","header-below-stick-meta":""},"categories":[758],"tags":[],"acf":[],"_links":{"self":[{"href":"https:\/\/www.cnbb.org.br\/cnbb-app\/wp\/v2\/posts\/11465"}],"collection":[{"href":"https:\/\/www.cnbb.org.br\/cnbb-app\/wp\/v2\/posts"}],"about":[{"href":"https:\/\/www.cnbb.org.br\/cnbb-app\/wp\/v2\/types\/post"}],"author":[{"embeddable":true,"href":"https:\/\/www.cnbb.org.br\/cnbb-app\/wp\/v2\/users\/83"}],"replies":[{"embeddable":true,"href":"https:\/\/www.cnbb.org.br\/cnbb-app\/wp\/v2\/comments?post=11465"}],"version-history":[{"count":0,"href":"https:\/\/www.cnbb.org.br\/cnbb-app\/wp\/v2\/posts\/11465\/revisions"}],"wp:attachment":[{"href":"https:\/\/www.cnbb.org.br\/cnbb-app\/wp\/v2\/media?parent=11465"}],"wp:term":[{"taxonomy":"category","embeddable":true,"href":"https:\/\/www.cnbb.org.br\/cnbb-app\/wp\/v2\/categories?post=11465"},{"taxonomy":"post_tag","embeddable":true,"href":"https:\/\/www.cnbb.org.br\/cnbb-app\/wp\/v2\/tags?post=11465"}],"curies":[{"name":"wp","href":"https:\/\/api.w.org\/{rel}","templated":true}]}}