{"id":11489,"date":"2009-01-05T00:00:00","date_gmt":"2009-01-05T02:00:00","guid":{"rendered":"https:\/\/www.cnbb.org.br\/o-dia-mundial-da-paz\/"},"modified":"2009-01-05T00:00:00","modified_gmt":"2009-01-05T02:00:00","slug":"o-dia-mundial-da-paz","status":"publish","type":"post","link":"https:\/\/www.cnbb.org.br\/o-dia-mundial-da-paz\/","title":{"rendered":"O Dia Mundial da Paz"},"content":{"rendered":"<p style=\"text-align: justify\">Na visita ao Papa, em 14 de novembro passado, o Presidente Lula pediu a Bento XVI de intervir mais sobre a crise financeira dando dicas para a ajudar a enfrentar de forma humana a crise econ\u00f4mica. Na mensagem do 1\u00ba do ano para o Dia Mundial da Paz o Papa aborda o tema: \u201cCombater a pobreza, construir a paz\u201d. Desde a II Confer\u00eancia Geral do Episcopado Latino\u2013americano, realizada em Medellin em 1968 at\u00e9 a Confer\u00eancia de Aparecida (maio 2007), n\u00e3o tem outro tema que tenha tanto ocupado o interesse social dos Bispos como o tema da pobreza.\u00a0 A \u201cop\u00e7\u00e3o pelos pobres\u201d se tornou a bandeira da Igreja na Am\u00e9rica Latina. Assim esta mensagem do Papa chega na hora certa, durante esta crise financeira e econ\u00f4mica mundial, quando seria f\u00e1cil ceder ao desanimo e a v\u00e1rias formas de resigna\u00e7\u00e3o.<\/p>\n<p>  <!--more-->  <\/p>\n<p style=\"text-align: justify\">Bento XVI indica a necessidade de uma mudan\u00e7a de paradigma na a\u00e7\u00e3o dos respons\u00e1veis\u00a0 pol\u00edticos como tamb\u00e9m dos crist\u00e3os no mundo. A pobreza \u00e9 vista como uma causa que favorece ou agrava os conflitos. Com muita maior lucidez e abrang\u00eancia de quanto n\u00e3o acontecia na reflex\u00e3o de certos te\u00f3logos nas d\u00e9cadas passadas, o Papa entende a pobreza numa forma multidimensional: car\u00eancias materiais, marginaliza\u00e7\u00e3o, pobreza relacional, moral e espiritual.<\/p>\n<p style=\"text-align: justify\">Na primeira parte da sua mensagem, Bento XVI, fala-nos das implica\u00e7\u00f5es morais da pobreza, real\u00e7ando os desafios demogr\u00e1ficos, as pandemias como a mal\u00e1ria, a tuberculose e\u00a0 a AIDS, a pobreza infantil e a rela\u00e7\u00e3o existente entre desarmamento e progresso. A prop\u00f3sito da crise alimentar atual, Bento XVI, remete o fen\u00f4meno da fome e da pobreza para um enquadramento pol\u00edtico, jur\u00eddico e econ\u00f4mico: n\u00e3o se trata de falta de recursos, mas da necessidade de enfrentar os fen\u00f4menos especulativos e reajustar as institui\u00e7\u00f5es pol\u00edticas e econ\u00f4micas de modo a garantir o acesso \u00e0 alimenta\u00e7\u00e3o e aos bens essenciais.<\/p>\n<p style=\"text-align: justify\">Combater a pobreza implica, em primeiro lugar, uma an\u00e1lise atenta do fen\u00f4meno da globaliza\u00e7\u00e3o. Esta vis\u00e3o global parte do &#8220;olhar os pobres bem cientes da perspectiva que todos somos participantes de um \u00fanico projeto divino: chamados a constituir uma \u00fanica fam\u00edlia, na qual todos &#8211; indiv\u00edduos, povos e na\u00e7\u00f5es &#8211; regulem o seu comportamento segundo os princ\u00edpios de fraternidade e responsabilidade\u201d. Desta forma a \u00eanfase na constru\u00e7\u00e3o de um novo paradigma se coloca n\u00e3o primeiramente na assist\u00eancia social, mas na constitui\u00e7\u00e3o de uma fam\u00edlia global \u2013 orientada pelos princ\u00edpios da fraternidade e responsabilidade, segundo um c\u00f3digo \u00e9tico comum.<\/p>\n<p style=\"text-align: justify\">O Papa ainda afirma que &#8220;a luta contra a pobreza requer uma coopera\u00e7\u00e3o nos planos econ\u00f4mico e jur\u00eddico&#8221; em substitui\u00e7\u00e3o de &#8220;pol\u00edticas marcadamente assistencialistas&#8221;.\u00a0 Para tal, \u00e9 necess\u00e1rio promover uma cultura de participa\u00e7\u00e3o investindo na forma\u00e7\u00e3o das pessoas e capaz de desenvolver uma mentalidade diferente.<\/p>\n<p style=\"text-align: justify\">O plano humano da responsabilidade e do direito, na mensagem papal,\u00a0 se juntam dando uma aten\u00e7\u00e3o espec\u00edfica\u00a0 aos temas econ\u00f4micos (mercados financeiros e com\u00e9rcio internacional). A luta contra a pobreza requer &#8220;uma coopera\u00e7\u00e3o nos planos econ\u00f4mico e jur\u00eddico que permita \u00e0 comunidade internacional, e especialmente aos pa\u00edses pobres, individuarem e atuarem solu\u00e7\u00f5es coordenadas para enfrentar os referidos problemas atrav\u00e9s de um quadro jur\u00eddico eficaz para a economia&#8221;. Para &#8220;colocar os pobres em primeiro lugar&#8221; j\u00e1 n\u00e3o bastam bons sentimentos e iniciativas ocasionais, \u00e9 necess\u00e1ria &#8220;uma correta l\u00f3gica econ\u00f4mica por parte dos agentes do mercado internacional, uma correta l\u00f3gica pol\u00edtica por parte dos agentes institucionais e uma correta l\u00f3gica participativa\u00a0 capaz de valorizar a sociedade civil local e internacional.<\/p>\n<p style=\"text-align: justify\">Ao real\u00e7ar a import\u00e2ncia da regula\u00e7\u00e3o econ\u00f4mica e jur\u00eddica dos mercados financeiros e do com\u00e9rcio internacional, Bento XVI, vem juntar-se \u00e0 voz de quantos reclamam a necessidade de promover regras mais justas no com\u00e9rcio internacional e uma regula\u00e7\u00e3o dos mercados financeiros.<\/p>\n<p style=\"text-align: justify\">\u201cA pr\u00f3pria crise recente demonstra como a atividade financeira seja \u00e0s vezes guiada por l\u00f3gicas puramente auto-referenciais e desprovidas de considera\u00e7\u00e3o pelo bem comum a longo prazo\u201d. A globalidade n\u00e3o pode estender-se apenas na geografia, mas tamb\u00e9m no tempo. Solu\u00e7\u00f5es imediatas revelam \u201ca avidez e a estreiteza de horizontes\u201d.<\/p>\n<p style=\"text-align: justify\">A mensagem do Papa Bento XVI, suscita alguns desafios muito urgentes para todos os n\u00edveis da sociedade em vista do crescimento humano e social dos povos por meio de uma coopera\u00e7\u00e3o internacional e de uma a\u00e7\u00e3o pol\u00edtica que envolve os poderosos e a gente simples. H\u00e1 uma pergunta essencial que o Papa nos lan\u00e7a: \u201csente cada um de n\u00f3s, no \u00edntimo da consci\u00eancia, o apelo a dar a pr\u00f3pria contribui\u00e7\u00e3o para o bem comum e a paz social?\u201d<\/p>\n<p style=\"text-align: justify\">No in\u00edcio deste ano somos todos chamados em causa para dar a nossa contribui\u00e7\u00e3o para erradicar a pobreza e construir a paz. Em particular invoco sobre o novo prefeito, sua administra\u00e7\u00e3o e toda a nossa cidade a b\u00ean\u00e7\u00e3o do Senhor:\u00a0 que seja dada uma aten\u00e7\u00e3o particular \u00e0 sa\u00fade e \u00e0 educa\u00e7\u00e3o do nosso povo. Feliz 2009.<\/p>\n<h4 style=\"text-align: right\">Dom Filippo Santoro<\/h4>\n","protected":false},"excerpt":{"rendered":"<p>Na visita ao Papa, em 14 de novembro passado, o Presidente Lula pediu a Bento XVI de intervir mais sobre a crise financeira dando dicas para a ajudar a enfrentar de forma humana a crise econ\u00f4mica. Na mensagem do 1\u00ba do ano para o Dia Mundial da Paz o Papa aborda o tema: \u201cCombater a &hellip;<\/p>\n<p class=\"read-more\"> <a class=\"\" href=\"https:\/\/www.cnbb.org.br\/o-dia-mundial-da-paz\/\"> <span class=\"screen-reader-text\">O Dia Mundial da Paz<\/span> Leia mais &raquo;<\/a><\/p>\n","protected":false},"author":83,"featured_media":0,"comment_status":"open","ping_status":"open","sticky":false,"template":"","format":"standard","meta":{"site-sidebar-layout":"default","site-content-layout":"default","ast-global-header-display":"","ast-banner-title-visibility":"","ast-main-header-display":"","ast-hfb-above-header-display":"","ast-hfb-below-header-display":"","ast-hfb-mobile-header-display":"","site-post-title":"","ast-breadcrumbs-content":"","ast-featured-img":"","footer-sml-layout":"","theme-transparent-header-meta":"","adv-header-id-meta":"","stick-header-meta":"","header-above-stick-meta":"","header-main-stick-meta":"","header-below-stick-meta":""},"categories":[758],"tags":[],"acf":[],"_links":{"self":[{"href":"https:\/\/www.cnbb.org.br\/cnbb-app\/wp\/v2\/posts\/11489"}],"collection":[{"href":"https:\/\/www.cnbb.org.br\/cnbb-app\/wp\/v2\/posts"}],"about":[{"href":"https:\/\/www.cnbb.org.br\/cnbb-app\/wp\/v2\/types\/post"}],"author":[{"embeddable":true,"href":"https:\/\/www.cnbb.org.br\/cnbb-app\/wp\/v2\/users\/83"}],"replies":[{"embeddable":true,"href":"https:\/\/www.cnbb.org.br\/cnbb-app\/wp\/v2\/comments?post=11489"}],"version-history":[{"count":0,"href":"https:\/\/www.cnbb.org.br\/cnbb-app\/wp\/v2\/posts\/11489\/revisions"}],"wp:attachment":[{"href":"https:\/\/www.cnbb.org.br\/cnbb-app\/wp\/v2\/media?parent=11489"}],"wp:term":[{"taxonomy":"category","embeddable":true,"href":"https:\/\/www.cnbb.org.br\/cnbb-app\/wp\/v2\/categories?post=11489"},{"taxonomy":"post_tag","embeddable":true,"href":"https:\/\/www.cnbb.org.br\/cnbb-app\/wp\/v2\/tags?post=11489"}],"curies":[{"name":"wp","href":"https:\/\/api.w.org\/{rel}","templated":true}]}}