{"id":11497,"date":"2009-10-05T00:00:00","date_gmt":"2009-10-05T03:00:00","guid":{"rendered":"https:\/\/www.cnbb.org.br\/15o-romaria-vinde-participar\/"},"modified":"2009-10-05T00:00:00","modified_gmt":"2009-10-05T03:00:00","slug":"15o-romaria-vinde-participar","status":"publish","type":"post","link":"https:\/\/www.cnbb.org.br\/15o-romaria-vinde-participar\/","title":{"rendered":"15\u00aa Romaria, vinde participar"},"content":{"rendered":"<p style=\"text-align: justify\">A nossa diocese foi criada pelo Papa JP II, em 17\/07\/1991 e instalada em 29\/09, tendo como o seu primeiro bispo D. \u00c2ngelo. Ela est\u00e1 completando 18 anos. Passamos para a maioridade! E a nossa Romaria diocesana foi iniciada em 1995. Estamos, portanto, celebrando 15 anos. Pertenc\u00edamos \u00e0 diocese de Santa Maria e a padroeira era N. Sra. Medianeira. D. \u00c2ngelo sentiu a necessidade de uma Romaria pr\u00f3pria para a nova diocese de Cachoeira.<\/p>\n<p><!--more--><\/p>\n<p style=\"text-align: justify\">Era necess\u00e1rio ter uma padroeira. Era necess\u00e1rio fazer uma Romaria diocesana para unir a diocese, dar-lhe uma alma, uma espiritualidade. Era o seu sonho e contou o sonho para um grupo de padres e cursilhistas. Eles come\u00e7aram a sonhar com ele. E sonho foi se tornando realidade. Os grandes nomes que ajudaram na realiza\u00e7\u00e3o do mesmo foram Mons. Breno Simonetti, Pe. At\u00edlio Rosa, Pe. Elcy Arboitte, Di\u00e1cono Arbelo e os leigos: Joaquim Casarin e Teolide, Luiz Martins e Gl\u00e1dis, Celso Ariosto e Ana, Breno Rizzatti e Nilza, Djalmo Furlan e Lucim\u00e9ri, Jo\u00e3o Carlos Loreto e Ilda, Marcelo Loreto, Rocco Mainieri, Get\u00falio Pereira dos Santos e Lucilena, Geraldo Ribeiro e Assun\u00e7\u00e3o, Di\u00f3genes Capra e Marilaine, Partinobre Quintana de Freitas e Mara. Depois centenas de pessoas se prontificaram a colaborar todos os anos com a reliza\u00e7\u00e3o da Romaria. Neste sonho entrei tamb\u00e9m eu.<\/p>\n<p style=\"text-align: justify\">Como se escolheu o nome da padroeira? Por vota\u00e7\u00e3o. Democraticamente. O bispo consultou toda a diocese e foi vitorioso o nome de Maria, M\u00e3e do Redentor. Escolheu-se este nome por ser mais ecum\u00eanico do que outros como M\u00e3e de Deus, N. Sra. Aparecida, N. Sra da Assun\u00e7\u00e3o, etc. Tamb\u00e9m os evang\u00e9licos aceitam o t\u00edtulo de Maria, M\u00e3e de Jesus o Redentor. Para n\u00f3s cat\u00f3licos existe uma s\u00f3 N. Sra, m\u00e3e de Jesus e m\u00e3e nossa.<\/p>\n<p style=\"text-align: justify\">A 1\u00aa Romaria foi no atual parque. O altar ficou l\u00e1 onde hoje tem uma cruz de cedro com madeira vinda de Mato Grosso, doada por Ant\u00f4nio Sim\u00f5es e lapidada pelo artes\u00e3o Roje Gomes. Da\u00ed para frente havia um banhado, que foi aterrado e drenado. Obra do Batalh\u00e3o Ferrovi\u00e1rio de Lajes. Desde o in\u00edcio o ex\u00e9rcito colaborou sempre generosamente com a Romaria e assim continua at\u00e9 hoje.<\/p>\n<p style=\"text-align: justify\">Quando eu cheguei a Cachoeira, em 09\/09\/2000 encontrei a estrutura da cobertura do atual altar. Nos anos seguintes foram feitos: o reboco da estrutura, o altar de m\u00e1rmore com o pavimento, o pavilh\u00e3o, o port\u00e3o de entrada, a capelinha e outros melhoramentos. Houve novidades todos os anos. O povo unido a benfeitores de fora realizaram essa maravilha que \u00e9 hoje em dia o Parque do Santu\u00e1rio Maria, M\u00e3e do Redentor. Ele \u00e9 hoje em dia um postal da cidade de Cachoeira.<\/p>\n<p style=\"text-align: justify\">Dia 11 de outubro, venham participar da 15\u00aa Romaria diocesana. Iniciaremos a prociss\u00e3o \u00e0s 9h diante da Catedral e caminharemos 4 km e 250m at\u00e9 o Parque do Santu\u00e1rio, rezando e louvando a M\u00e3e que nos deu este admir\u00e1vel Redentor. Agradeceremos as gra\u00e7as e b\u00ean\u00e7\u00e3os que ela conseguiu de Jesus por sua intercess\u00e3o. Pediremos para as nossas fam\u00edlias: crian\u00e7as, adolescentes, jovens, pais de fam\u00edlia, av\u00f3s.\u00a0 Pediremos pelas nossas comunidades e nossa sociedade. Pediremos para que n\u00f3s possamos ser como Maria, disc\u00edpulos e mission\u00e1rios de seu filho Jesus neste mundo mau, violento, corrupto, e desrespeitador da vida. Voc\u00ea que n\u00e3o pode participar da Romaria, participe em casa, acendendo uma vela \u00e0s 11h diante da imagem de N. Sra. e rezando Ave Maria&#8230; Assim voc\u00ea estar\u00e1 unido a n\u00f3s que estamos no Santu\u00e1rio celebrando a missa, \u00e0s 11h. Imagina os 170 mil cat\u00f3licos da nossa diocese homenageando \u00e0 N. Sra e pedindo a ela as suas b\u00ean\u00e7\u00e3os, ela como M\u00e3e poder\u00e1 n\u00e3o atender? Maria, M\u00e3e do Redentor rogai por n\u00f3s. Aben\u00e7oai-nos. Protegei-nos. E defendei-nos. Am\u00e9m. Para mais noticias sobre a Romaria acesse o site: (www.diocesenet.com.br).<\/p>\n<h4 style=\"text-align: right\">Dom Irineu S\u00edlvio Wilges<\/h4>\n","protected":false},"excerpt":{"rendered":"<p>A nossa diocese foi criada pelo Papa JP II, em 17\/07\/1991 e instalada em 29\/09, tendo como o seu primeiro bispo D. \u00c2ngelo. Ela est\u00e1 completando 18 anos. Passamos para a maioridade! E a nossa Romaria diocesana foi iniciada em 1995. Estamos, portanto, celebrando 15 anos. Pertenc\u00edamos \u00e0 diocese de Santa Maria e a padroeira &hellip;<\/p>\n<p class=\"read-more\"> <a class=\"\" href=\"https:\/\/www.cnbb.org.br\/15o-romaria-vinde-participar\/\"> <span class=\"screen-reader-text\">15\u00aa Romaria, vinde participar<\/span> Leia mais &raquo;<\/a><\/p>\n","protected":false},"author":83,"featured_media":0,"comment_status":"open","ping_status":"open","sticky":false,"template":"","format":"standard","meta":{"site-sidebar-layout":"default","site-content-layout":"default","ast-global-header-display":"","ast-banner-title-visibility":"","ast-main-header-display":"","ast-hfb-above-header-display":"","ast-hfb-below-header-display":"","ast-hfb-mobile-header-display":"","site-post-title":"","ast-breadcrumbs-content":"","ast-featured-img":"","footer-sml-layout":"","theme-transparent-header-meta":"","adv-header-id-meta":"","stick-header-meta":"","header-above-stick-meta":"","header-main-stick-meta":"","header-below-stick-meta":""},"categories":[758],"tags":[],"acf":[],"_links":{"self":[{"href":"https:\/\/www.cnbb.org.br\/cnbb-app\/wp\/v2\/posts\/11497"}],"collection":[{"href":"https:\/\/www.cnbb.org.br\/cnbb-app\/wp\/v2\/posts"}],"about":[{"href":"https:\/\/www.cnbb.org.br\/cnbb-app\/wp\/v2\/types\/post"}],"author":[{"embeddable":true,"href":"https:\/\/www.cnbb.org.br\/cnbb-app\/wp\/v2\/users\/83"}],"replies":[{"embeddable":true,"href":"https:\/\/www.cnbb.org.br\/cnbb-app\/wp\/v2\/comments?post=11497"}],"version-history":[{"count":0,"href":"https:\/\/www.cnbb.org.br\/cnbb-app\/wp\/v2\/posts\/11497\/revisions"}],"wp:attachment":[{"href":"https:\/\/www.cnbb.org.br\/cnbb-app\/wp\/v2\/media?parent=11497"}],"wp:term":[{"taxonomy":"category","embeddable":true,"href":"https:\/\/www.cnbb.org.br\/cnbb-app\/wp\/v2\/categories?post=11497"},{"taxonomy":"post_tag","embeddable":true,"href":"https:\/\/www.cnbb.org.br\/cnbb-app\/wp\/v2\/tags?post=11497"}],"curies":[{"name":"wp","href":"https:\/\/api.w.org\/{rel}","templated":true}]}}