{"id":11518,"date":"2009-11-03T00:00:00","date_gmt":"2009-11-03T02:00:00","guid":{"rendered":"https:\/\/www.cnbb.org.br\/celebramos-cristo-rei\/"},"modified":"2009-11-03T00:00:00","modified_gmt":"2009-11-03T02:00:00","slug":"celebramos-cristo-rei","status":"publish","type":"post","link":"https:\/\/www.cnbb.org.br\/celebramos-cristo-rei\/","title":{"rendered":"Celebramos Cristo Rei"},"content":{"rendered":"<p style=\"text-align: justify\">O Ano Lit\u00fargico se encerra com a Solenidade de Cristo Rei, uma s\u00edntese dos mist\u00e9rios de Cristo celebrados durante o Ano Lit\u00fargico: seu nascimento, no Natal; sua Paix\u00e3o e Morte, na Quaresma e Semana Santa; sua Ressurrei\u00e7\u00e3o, na P\u00e1scoa; e a vinda do Esp\u00edrito Santo, no Dia de Pentecostes, e a longa jornada de sua Prega\u00e7\u00e3o, durante o Tempo Comum.<\/p>\n<p>  <!--more-->  <\/p>\n<p style=\"text-align: justify\">Durante sua prega\u00e7\u00e3o, Jesus falou que veio para instaurar o Reino de Deus. E explicou sua ess\u00eancia com in\u00fameras par\u00e1bolas: \u00e9 servi\u00e7o, \u00e9 amor, \u00e9 semente, \u00e9 ocupar o \u00faltimo lugar, \u00e9 fermento&#8230;. Na ora\u00e7\u00e3o ao Pai, nos ensina a pedir: \u201cVenha a n\u00f3s o vosso Reino\u201d.<\/p>\n<p style=\"text-align: justify\">Em nossa Diocese de Santos, esta solenidade ganhou destaque. Desde 1997, \u00e9 feita uma grande concentra\u00e7\u00e3o diocesana para celebr\u00e1-la de forma comunit\u00e1ria: na prepara\u00e7\u00e3o do Novo Mil\u00eanio (no Est\u00e1dio da Portuguesa Santista (1997); na Vila Belmiro (1998), com celebra\u00e7\u00e3o especial do Sacramento do Crisma, por iniciativa de Dom David Pic\u00e3o; no ano 2000, foi celebrada na Catedral, em ocasi\u00e3o do Grande Jubileu convocado pelo Papa Jo\u00e3o Paulo II. Sua celebra\u00e7\u00e3o continuou no Emiss\u00e1rio Submarino e no Centro de Conven\u00e7\u00f5es de S\u00e3o Vicente, onde nos reuniremos, mais uma vez,\u00a0 para celebr\u00e1-la no pr\u00f3ximo dia 22 de novembro.<\/p>\n<p style=\"text-align: justify\">O que celebramos nesta Solenidade? Celebramos Jesus Cristo com participa\u00e7\u00e3o especial, na parte da manh\u00e3, de representantes de todas as Regi\u00f5es e Par\u00f3quias da Diocese, dos sacerdotes, religiosas e leigos, especialmente os jovens, catequistas e as fam\u00edlias (prioridades de nossas Diretrizes Pastorais Diocesanas). \u00c9 uma celebra\u00e7\u00e3o especial, comunit\u00e1ria e quer representar o dinamismo diocesano, atrav\u00e9s de um gesto especial. N\u00e3o quer ser continuidade de uma \u201ctradi\u00e7\u00e3o\u201d que se criou, nem deseja prejudicar a participa\u00e7\u00e3o de idosos e outros dependentes, pois haver\u00e1 celebra\u00e7\u00e3o paroquial e nas comunidades \u00e0 tarde. \u00c9 um s\u00edmbolo de busca de unidade em nossa atividade de evangeliza\u00e7\u00e3o. Faz parte de \u201cum processo de inicia\u00e7\u00e3o crist\u00e3 e de forma\u00e7\u00e3o permanente que retroalimente a f\u00e9 dos disc\u00edpulos do Senhor integrando o conhecimento, o sentimento e o comportamento\u201d (DA, 518, d). \u00c9 um gesto querigm\u00e1tico.<\/p>\n<p style=\"text-align: justify\">E para citar mais expressamente o Documento de Aparecida, \u00e9 importante relembrar o que nos diz, em seu n\u00famero 12, citando o Papa Bento XVI:\u00a0 \u201cA todos nos toca recome\u00e7ar a partir de Cristo, reconhecendo que \u201cn\u00e3o se come\u00e7a a ser crist\u00e3o por uma decis\u00e3o \u00e9tica ou por uma grande id\u00e9ia, mas pelo encontro com um acontecimento, com uma Pessoa, que d\u00e1 um novo horizonte \u00e0 vida e, com isso, uma orienta\u00e7\u00e3o decisiva\u201d (DA, 12).<\/p>\n<p style=\"text-align: justify\">Impressionante! O Documento afirma que a todos nos toca recome\u00e7ar a partir de Cristo. Podemos nos perguntar: Recome\u00e7ar? Por qu\u00ea? N\u00e3o estamos a caminho? N\u00e3o somos atuantes na Igreja?<\/p>\n<p style=\"text-align: justify\">Certamente que sim. Entretanto, lemos ainda no mesmo Documento esta Mensagem do Papa Bento XVI que nos estimula a procurar sempre a presen\u00e7a reanimadora de Jesus: \u201cOs trabalhos da V Confer\u00eancia nos levam a fazer nossa a s\u00faplica dos disc\u00edpulos de Ema\u00fas: \u201cFica conosco, pois j\u00e1 \u00e9 tarde e a noite vem chegando\u201d (Lc 24, 29).<\/p>\n<p style=\"text-align: justify\">\u201cFicai conosco, Senhor, acompanhai-nos, ainda que nem sempre tenhamos sabido reconhecer-vos. Ficai conosco, porque as sombras v\u00e3o se tornando densas ao nosso redor, e v\u00f3s sois a Luz; em nossos cora\u00e7\u00f5es se insinua a desesperan\u00e7a, e v\u00f3s nos fazeis arder com a certeza da P\u00e1scoa. Estamos cansados do caminho, mas v\u00f3s nos confortais com a fra\u00e7\u00e3o do p\u00e3o para anunciar aos nossos irm\u00e3os que na verdade ressuscitastes e nos destes a miss\u00e3o de ser testemunhas da vossa ressurrei\u00e7\u00e3o.<\/p>\n<p style=\"text-align: justify\">Ficai conosco, Senhor, quando ao redor da nossa f\u00e9 cat\u00f3lica surgem as n\u00e9voas da d\u00favida; v\u00f3s que sois a pr\u00f3pria Verdade como revelador do Pai, iluminai nossas mentes com a vossa Palavra; ajudai-nos a sentir a beleza de crer em v\u00f3s\u201d (Mensagem de Bento XVI).<\/p>\n<p style=\"text-align: justify\">Em nossas Comunidades, Par\u00f3quias e Regi\u00f5es, busquemos esta presen\u00e7a confortadora de Jesus de que temos tanta necessidade para fazer frente a uma \u201ccultura\u201d de nossa civiliza\u00e7\u00e3o, sobretudo urbana. Mas o gesto concreto e comunit\u00e1rio, diocesano, eclesial, \u00e9 importante para\u00a0 nos sentirmos irm\u00e3os e irm\u00e3s em nossa caminhada de f\u00e9 em sua experi\u00eancia querigm\u00e1tica. Fa\u00e7amos este gesto com generoso esfor\u00e7o de participa\u00e7\u00e3o. O Reino de Deus est\u00e1 entre n\u00f3s e se realiza em nossa coragem de sairmos de n\u00f3s mesmos e buscarmos a comunh\u00e3o e a solidariedade. Sempre. Mas especialmente num momento todo especial.<\/p>\n<p style=\"text-align: justify\">A Palavra de Deus nos ilumina:\u00a0 \u201cEU SOU REI! Eu nasci e vim ao mundo para isto: para dar testemunho da verdade. Todo aquele que \u00e9 da verdade escuta a minha voz\u201d (Jo 18, 37). Eis como o Papa Jo\u00e3o Paulo II sintetiza a Palavra de Deus nesta solenidade:<\/p>\n<p style=\"text-align: justify\">\u201cEsta afirma\u00e7\u00e3o de Jesus diante de Pilatos nos d\u00e1 a verdadeira dimens\u00e3o de seu Reino e de nossa ades\u00e3o a ele: ser da verdade. Diante do mundo de hoje, ao mesmo tempo t\u00e3o convencido de seus caminhos (laicidade) e tamb\u00e9m surpreendido pelas incertezas e ang\u00fastias da vida, Jesus se apresenta como aquele que veio a este mundo para dar testemunho da verdade. E Ele o d\u00e1 com sua palavra e com sua entrega decidida \u00e0 vontade do Pai, com sua morte e ressurrei\u00e7\u00e3o. N\u00f3s estamos comprometidos e empenhados em servir a este seu Reino no mundo de hoje. Queremos ser da verdade: pertencer a Ele com decis\u00e3o!\u201d<\/p>\n<p style=\"text-align: justify\">\u201cJesus Cristo \u00e9 \u00aba Testemunha fiel\u00bb (Cfr. Apoc. 1, 5), como afirma o Autor do Apocalipse. \u00c9 \u00aba Testemunha fiel\u00bb do dom\u00ednio de Deus na cria\u00e7\u00e3o e, sobretudo, na hist\u00f3ria do homem. De fato Deus, como criador e, ao mesmo tempo, como Pai, formou o homem, desde o in\u00edcio. Por isso est\u00e1 Ele, como Criador e como Pai, sempre presente na sua hist\u00f3ria. Tornou-se n\u00e3o apenas o Princ\u00edpio e o Fim de todo o criado, mas tamb\u00e9m o Senhor da hist\u00f3ria e o Deus da Alian\u00e7a: Eu sou o Alfa e o \u00d4mega, diz o Senhor Deus, Aquele que \u00e9, que era e que h\u00e1 de vir, o Senhor do Universo (Apoc. 1, 8). Jesus Cristo \u2014 \u00abTestemunha fiel\u00bb \u2014 veio ao mundo precisamente para dar testemunho desta verdade\u201d.<\/p>\n<p style=\"text-align: justify\">\u201cA Sua vinda no tempo! \u2014 qu\u00e3o concretamente e de modo sugestivo a preanunciaria o profeta Daniel na sua vis\u00e3o messi\u00e2nica, falando na vinda de um filho de homem (Dan. 7, 13) e delineando a dimens\u00e3o espiritual do Seu reino nestes termos: Foi-Lhe entregue o dom\u00ednio, a majestade e a realeza, e todos os povos, na\u00e7\u00f5es e l\u00ednguas O serviram. O Seu dom\u00ednio \u00e9 dom\u00ednio eterno, que n\u00e3o passar\u00e1 jamais, e a Sua realeza n\u00e3o ser\u00e1 destru\u00edda (Ibid. 7, 14). \u00c9 assim que o profeta Daniel, provavelmente no s\u00e9culo VI, viu o reino de Cristo antes de Ele ter vindo ao mundo\u201d.<\/p>\n<p style=\"text-align: justify\">\u201cAquilo que se passou diante de Pilatos na sexta-feira antes da P\u00e1scoa permite-nos expurgar a imagem prof\u00e9tica de Daniel de qualquer associa\u00e7\u00e3o impr\u00f3pria. De fato, o \u00abFilho do homem\u00bb mesmo responde \u00e0 pergunta que lhe fez o governador romano. Esta resposta manifesta-se deste modo: O Meu Reino n\u00e3o \u00e9 deste mundo. Se o Meu Reino fosse deste mundo, os Meus guardas lutariam, para que eu n\u00e3o fosse entregue aos Judeus. Mas, de fato, o Meu Reino n\u00e3o \u00e9 aqui\u201d (Jo. 18, 36).<\/p>\n<p style=\"text-align: justify\">\u201cPilatos, representante do poder exercido em nome da poderosa Roma sobre o territ\u00f3rio da Palestina, homem que pensa segundo as categorias temporais e pol\u00edticas, n\u00e3o entende tal resposta. Por isso pergunta pela segunda vez: Logo, Tu \u00e9s Rei?\u201d (Ibid. 18, 37).<\/p>\n<p style=\"text-align: justify\">\u201cTamb\u00e9m Cristo responde pela segunda vez. Como na primeira explicou em que sentido n\u00e3o era rei, assim agora, para responder totalmente \u00e0 pergunta de Pilatos e, ao mesmo tempo, \u00e0 pergunta de toda a hist\u00f3ria da humanidade, de todos os soberanos e de todos os pol\u00edticos, responde assim: Sou Rei. Se nasci, se vim a este mundo, foi para dar testemunho da verdade. Todo aquele que \u00e9 da verdade escuta a Minha voz\u201d (Cfr. ibid.). \u201cEsta resposta, em liga\u00e7\u00e3o com a primeira, exprime toda a verdade sobre o Seu reino; toda a verdade sobre Cristo Rei.<\/p>\n<p style=\"text-align: justify\">\u201cNesta verdade se encerram, igualmente, as ulteriores palavras do Apocalipse: Ei-lO que vem entre as nuvens (assim se exprimira j\u00e1 Daniel). Todos o ver\u00e3o com os seus pr\u00f3prios olhos, at\u00e9 aqueles que O transpassaram&#8230; Sim.Am\u00e9m!\u201d (Apoc. 1, 7) (Homilia de Jo\u00e3o Paulo II \u2013 Fonte do Vaticano).<\/p>\n<p style=\"text-align: justify\">Esta mensagem de Cristo Rei ilumine nossa caminhada neste M\u00eas de novembro, dando vis\u00e3o Cristoc\u00eantrica a todas as celebra\u00e7\u00f5es, de modo especial a Celebra\u00e7\u00e3o de todos os Santos e Santas e a Comemora\u00e7\u00e3o dos Finados.<\/p>\n<h4 style=\"text-align: right\">Dom Jacyr Francisco Braido<\/h4>\n","protected":false},"excerpt":{"rendered":"<p>O Ano Lit\u00fargico se encerra com a Solenidade de Cristo Rei, uma s\u00edntese dos mist\u00e9rios de Cristo celebrados durante o Ano Lit\u00fargico: seu nascimento, no Natal; sua Paix\u00e3o e Morte, na Quaresma e Semana Santa; sua Ressurrei\u00e7\u00e3o, na P\u00e1scoa; e a vinda do Esp\u00edrito Santo, no Dia de Pentecostes, e a longa jornada de sua &hellip;<\/p>\n<p class=\"read-more\"> <a class=\"\" href=\"https:\/\/www.cnbb.org.br\/celebramos-cristo-rei\/\"> <span class=\"screen-reader-text\">Celebramos Cristo Rei<\/span> Leia mais &raquo;<\/a><\/p>\n","protected":false},"author":83,"featured_media":0,"comment_status":"open","ping_status":"open","sticky":false,"template":"","format":"standard","meta":{"site-sidebar-layout":"default","site-content-layout":"default","ast-global-header-display":"","ast-banner-title-visibility":"","ast-main-header-display":"","ast-hfb-above-header-display":"","ast-hfb-below-header-display":"","ast-hfb-mobile-header-display":"","site-post-title":"","ast-breadcrumbs-content":"","ast-featured-img":"","footer-sml-layout":"","theme-transparent-header-meta":"","adv-header-id-meta":"","stick-header-meta":"","header-above-stick-meta":"","header-main-stick-meta":"","header-below-stick-meta":""},"categories":[758],"tags":[],"acf":[],"_links":{"self":[{"href":"https:\/\/www.cnbb.org.br\/cnbb-app\/wp\/v2\/posts\/11518"}],"collection":[{"href":"https:\/\/www.cnbb.org.br\/cnbb-app\/wp\/v2\/posts"}],"about":[{"href":"https:\/\/www.cnbb.org.br\/cnbb-app\/wp\/v2\/types\/post"}],"author":[{"embeddable":true,"href":"https:\/\/www.cnbb.org.br\/cnbb-app\/wp\/v2\/users\/83"}],"replies":[{"embeddable":true,"href":"https:\/\/www.cnbb.org.br\/cnbb-app\/wp\/v2\/comments?post=11518"}],"version-history":[{"count":0,"href":"https:\/\/www.cnbb.org.br\/cnbb-app\/wp\/v2\/posts\/11518\/revisions"}],"wp:attachment":[{"href":"https:\/\/www.cnbb.org.br\/cnbb-app\/wp\/v2\/media?parent=11518"}],"wp:term":[{"taxonomy":"category","embeddable":true,"href":"https:\/\/www.cnbb.org.br\/cnbb-app\/wp\/v2\/categories?post=11518"},{"taxonomy":"post_tag","embeddable":true,"href":"https:\/\/www.cnbb.org.br\/cnbb-app\/wp\/v2\/tags?post=11518"}],"curies":[{"name":"wp","href":"https:\/\/api.w.org\/{rel}","templated":true}]}}