{"id":11519,"date":"2009-10-05T00:00:00","date_gmt":"2009-10-05T03:00:00","guid":{"rendered":"https:\/\/www.cnbb.org.br\/o-triptico-de-aparecida-incentivo-para-o-discipulo-missionario\/"},"modified":"2009-10-05T00:00:00","modified_gmt":"2009-10-05T03:00:00","slug":"o-triptico-de-aparecida-incentivo-para-o-discipulo-missionario","status":"publish","type":"post","link":"https:\/\/www.cnbb.org.br\/o-triptico-de-aparecida-incentivo-para-o-discipulo-missionario\/","title":{"rendered":"O \u201cTr\u00edptico de Aparecida\u201d: incentivo para o disc\u00edpulo mission\u00e1rio"},"content":{"rendered":"<p style=\"text-align: justify\">O m\u00eas de setembro nos ajudou a meditar e a rezar a Palavra com a Leitura Orante da B\u00edblia e o Ros\u00e1rio, acompanhando nossa Padroeira em visita \u00e0s Regi\u00f5es e Par\u00f3quias da Diocese. Ela continua a tornar-nos disc\u00edpulos de Jesus. No dia 07 de outubro, acolhemos na Catedral as imagens peregrinas da Padroeira e os mission\u00e1rios e mission\u00e1rias da Diocese.<\/p>\n<p>  <!--more-->  <\/p>\n<p style=\"text-align: justify\">O m\u00eas de outubro n\u00e3o nos deixa d\u00favidas: somos mission\u00e1rios de Jesus! No Domingo dia 18, comemoramos o Dia Mundial das Miss\u00f5es e da Obra Pontif\u00edcia da Inf\u00e2ncia Mission\u00e1ria. J\u00e1 abrimos o m\u00eas com a mem\u00f3ria de Santa Teresinha do Menino Jesus. Falecida aos 24 anos em 1897, no dia 17 de maio de 1925, foi canonizada pelo Papa Pio XI e proclamada Patrona Universal das Miss\u00f5es Cat\u00f3licas, em 1927. O Papa Jo\u00e3o Paulo II, por sua vez, a declarou Doutora da Igreja em 1997. Em carta tornada p\u00fablica em 1\u00ba de outubro de 2007, o Papa Bento XVI recordou que &#8220;Teresa de Lisieux, sem haver sa\u00eddo de seu Carmelo, viveu \u00e0 sua maneira, um aut\u00eantico esp\u00edrito mission\u00e1rio oferecendo ao mundo uma nova via espiritual que une os la\u00e7os entre ora\u00e7\u00e3o, caridade e a\u00e7\u00e3o na miss\u00e3o da Igreja.&#8221;<\/p>\n<p style=\"text-align: justify\">E o mesmo Papa Bento XVI nos ofereceu, em Aparecida, o Tr\u00edptico evangelizador e devocional, fruto da arte cusquenha. Com ele, o Papa indica que se encontram simb\u00f3licamente em Aparecida, a cultura andina t\u00edpica dos pa\u00edses do Pac\u00edfico com o mundo lus\u00f3fono das costas do Atl\u00e2ntico, onde se encontra o Santu\u00e1rio de Aparecida.<\/p>\n<p style=\"text-align: justify\">Contemplemos! O Pai Eterno e o Esp\u00edrito Santo est\u00e3o no alto coroando a imagem de Jesus Ressuscitado. \u00c9 a Trindade que d\u00e1 sentido \u00e0 vida humana e \u00e0 evangeliza\u00e7\u00e3o. Afirma-se a Palavra de Jesus: \u201cEu sou o Caminho, a Verdade e a Vida. Ide.\u00a0 E fazei disc\u00edpulos a todos os povos\u201d. A miss\u00e3o tem, pois, sua origem na Trindade. \u201cA Igreja peregrina \u00e9 mission\u00e1ria por natureza, porque tem sua origem na miss\u00e3o do Filho e do Esp\u00edrito Santo, segundo o des\u00edgnio do Pai\u201d (DA, 347).<\/p>\n<p style=\"text-align: justify\">A seu lado encontram-se dois santos que muito influiram na miss\u00e3o: S\u00e3o Tur\u00edbio de Mogrovejo, mission\u00e1rio vindo da Espanha que, como Bispo m\u00edstico, realizou, a partir de Lima uma gigantesca obra evangelizadora. E Santa Rosa de Lima, leiga nascida em uma fam\u00edlia de origem dominicana, que chegou a elevado cume de intimidade esponsal com Cristo e de her\u00f3ica caridade com os pobres.<\/p>\n<p style=\"text-align: justify\">Continuemos contemplando as imagens: Nas bodas de Can\u00e1, Maria intercede diante de Jesus para que n\u00e3o falte vinho e fala aos servos \u2013 e \u00e0 humanidade, atrav\u00e9s dos tempos: \u201cFa\u00e7am tudo o que Ele lhes disser\u201d!\u00a0 No chamamento dos primeiros disc\u00edpulos, Pedro aceita jogar ainda a rede em alto mar, apesar de uma noite sem sucesso: \u201cEm teu nome lan\u00e7arei as redes. Deixaram tudo e O seguiram\u201d. Hoje, o Mestre continua nos chamando a lan\u00e7ar em seu nome, mesmo em meio \u00e0s dificuldades de nosso tempo e cultura. Na multiplica\u00e7\u00e3o dos p\u00e3es, Jesus confia aos disc\u00edpulos \u2013 e hoje a n\u00f3s \u2013 a tarefa de distribuir os bens que Deus multiplica na terra: \u201cD\u00eaem-lhes de comer!\u201d<\/p>\n<p style=\"text-align: justify\">No caminho de Ema\u00fas, Jesus ilumina a descren\u00e7a dos peregrinos sobre sua ressurrei\u00e7\u00e3o e parte o p\u00e3o com eles, que sentem arder o cora\u00e7\u00e3o: \u201cComo arde nosso cora\u00e7\u00e3o!\u201d No dia de Pentecostes, estavam reunidos em ora\u00e7\u00e3o os Ap\u00f3stolos com Maria, a M\u00e3e de Jesus. Desceu a chama de fogo: \u201cTodos ficaram cheios do Esp\u00edrito Santo\u201d! Hoje a Igreja continua sua miss\u00e3o entrando na vida de \u00b4nossos povos`, sob a prote\u00e7\u00e3o da Virgem de Guadalupe, prolongando o amor e o compromisso de S\u00e3o Juan Diego: \u201cVoc\u00eas ser\u00e3o minhas testemunhas!\u201d<\/p>\n<p style=\"text-align: justify\">A miss\u00e3o \u00e9 a palavra chave do Documento de Aparecida: \u201cA Igreja necessita de forte como\u00e7\u00e3o que a impe\u00e7a de se instalar na comodidade\u201d (DA, 362). \u201cA miss\u00e3o continental procurar\u00e1 colocar\u00a0 a Igreja em estado permanente de miss\u00e3o\u201d (DA, 551). \u201cMiss\u00e3o n\u00e3o \u00e9 tarefa opcional, mas parte integrante da miss\u00e3o continental\u201d (DA, 144). \u201cTodas as nossas par\u00f3quias se tornem mission\u00e1rias\u201d (DA, 173). \u201cOs melhores esfor\u00e7os das par\u00f3quias devem estar na convoca\u00e7\u00e3o e na forma\u00e7\u00e3o de leigos mission\u00e1rios (DA, 174). \u201cAs CEBs t\u00eam sido escolas que t\u00eam ajudado a formar crist\u00e3os comprometidos com sua f\u00e9, disc\u00edpulos e mission\u00e1rios do Senhor\u201d (DA, 178). \u201cO P\u00c1ROCO seja aut\u00eantico disc\u00edpulo de Jesus Cristo&#8230;deve ser ardoroso mission\u00e1rio que vive o constante desejo de buscar os afastados e n\u00e3o se contenta com a simples administra\u00e7\u00e3o\u201d (Da, 201). OS BISPOS t\u00eam de ser testemunhas pr\u00f3ximas e alegres de Jesus Cristo, Bom Pastor\u201d (DA. 187).<\/p>\n<p style=\"text-align: justify\">Continuemos as experi\u00eancias de miss\u00e3o j\u00e1 realizadas em v\u00e1rias regi\u00f5es da Diocese com muito sucesso e alegria da parte dos mission\u00e1rios e das mission\u00e1rias. Quanto bem levaram \u00e1s fam\u00edlias e pessoas visitadas! \u201cMiss\u00e3o \u00e9 dom, \u00e9 gra\u00e7a, \u00e9 tarefa. Ela necessita de convic\u00e7\u00f5es firmes, de motiva\u00e7\u00f5es audaciosas, que brotam de uma profunda experi\u00eancia m\u00edstica com a Trindade Santa. M\u00edstica e Miss\u00e3o s\u00e3o insepar\u00e1veis. M\u00edstica gera liberdade, criatividade, fecundidade, ousadia. \u00c9 de tudo isso que a Miss\u00e3o precisa para ela acontecer\u201d (Pe. Luis Mosconi). M\u00e3os \u00e0 obra!<\/p>\n<h4 style=\"text-align: right\">Dom Jacyr Francisco Braido<\/h4>\n","protected":false},"excerpt":{"rendered":"<p>O m\u00eas de setembro nos ajudou a meditar e a rezar a Palavra com a Leitura Orante da B\u00edblia e o Ros\u00e1rio, acompanhando nossa Padroeira em visita \u00e0s Regi\u00f5es e Par\u00f3quias da Diocese. Ela continua a tornar-nos disc\u00edpulos de Jesus. No dia 07 de outubro, acolhemos na Catedral as imagens peregrinas da Padroeira e os &hellip;<\/p>\n<p class=\"read-more\"> <a class=\"\" href=\"https:\/\/www.cnbb.org.br\/o-triptico-de-aparecida-incentivo-para-o-discipulo-missionario\/\"> <span class=\"screen-reader-text\">O \u201cTr\u00edptico de Aparecida\u201d: incentivo para o disc\u00edpulo mission\u00e1rio<\/span> Leia mais &raquo;<\/a><\/p>\n","protected":false},"author":83,"featured_media":0,"comment_status":"open","ping_status":"open","sticky":false,"template":"","format":"standard","meta":{"site-sidebar-layout":"default","site-content-layout":"default","ast-global-header-display":"","ast-banner-title-visibility":"","ast-main-header-display":"","ast-hfb-above-header-display":"","ast-hfb-below-header-display":"","ast-hfb-mobile-header-display":"","site-post-title":"","ast-breadcrumbs-content":"","ast-featured-img":"","footer-sml-layout":"","theme-transparent-header-meta":"","adv-header-id-meta":"","stick-header-meta":"","header-above-stick-meta":"","header-main-stick-meta":"","header-below-stick-meta":""},"categories":[758],"tags":[],"acf":[],"_links":{"self":[{"href":"https:\/\/www.cnbb.org.br\/cnbb-app\/wp\/v2\/posts\/11519"}],"collection":[{"href":"https:\/\/www.cnbb.org.br\/cnbb-app\/wp\/v2\/posts"}],"about":[{"href":"https:\/\/www.cnbb.org.br\/cnbb-app\/wp\/v2\/types\/post"}],"author":[{"embeddable":true,"href":"https:\/\/www.cnbb.org.br\/cnbb-app\/wp\/v2\/users\/83"}],"replies":[{"embeddable":true,"href":"https:\/\/www.cnbb.org.br\/cnbb-app\/wp\/v2\/comments?post=11519"}],"version-history":[{"count":0,"href":"https:\/\/www.cnbb.org.br\/cnbb-app\/wp\/v2\/posts\/11519\/revisions"}],"wp:attachment":[{"href":"https:\/\/www.cnbb.org.br\/cnbb-app\/wp\/v2\/media?parent=11519"}],"wp:term":[{"taxonomy":"category","embeddable":true,"href":"https:\/\/www.cnbb.org.br\/cnbb-app\/wp\/v2\/categories?post=11519"},{"taxonomy":"post_tag","embeddable":true,"href":"https:\/\/www.cnbb.org.br\/cnbb-app\/wp\/v2\/tags?post=11519"}],"curies":[{"name":"wp","href":"https:\/\/api.w.org\/{rel}","templated":true}]}}