{"id":11520,"date":"2009-05-04T00:00:00","date_gmt":"2009-05-04T03:00:00","guid":{"rendered":"https:\/\/www.cnbb.org.br\/maria-mae-discipula-missionaria\/"},"modified":"2009-05-04T00:00:00","modified_gmt":"2009-05-04T03:00:00","slug":"maria-mae-discipula-missionaria","status":"publish","type":"post","link":"https:\/\/www.cnbb.org.br\/maria-mae-discipula-missionaria\/","title":{"rendered":"Maria M\u00e3e, Disc\u00edpula Mission\u00e1ria"},"content":{"rendered":"<p style=\"text-align: justify\">Estamos em maio, M\u00caS DE MARIA. Comemoramos tamb\u00e9m com muito reconhecimento e emo\u00e7\u00e3o o DIA DAS M\u00c3ES. Comove-nos pensar, lembrar, rezar e homenagear nossas m\u00e3es em clima de fam\u00edlia, onde recebemos, particularmente atrav\u00e9s delas, a vida, o carinho, o amor e a educa\u00e7\u00e3o.<\/p>\n<p>  <!--more-->  <\/p>\n<p style=\"text-align: justify\">Maria \u00e9 M\u00e3e de Jesus e nossa m\u00e3e: Do alto da cruz, \u201cJesus, ao ver sua m\u00e3e e, ao lado dela, o disc\u00edpulos que ele amava, disse \u00e0 m\u00e3e: \u2018Mulher, eis o teu filho!\u2019 Depois disse ao disc\u00edpulo: \u2018Eis a tua m\u00e3e!\u2019 A partir daquela hora, o disc\u00edpulo a acolheu no que era seu\u201d(Jo 19, 26-27). No Disc\u00edpulo amado, Maria foi tamb\u00e9m proclamada nossa m\u00e3e. Como \u00e9 surpreendente e bela esta declara\u00e7\u00e3o de Jesus! Maria \u00e9 chamada de \u201cmulher\u201d. \u00c9 uma \u201csenha\u201d que brota do profundo di\u00e1logo entre Jesus e Maria sobre o mist\u00e9rio da salva\u00e7\u00e3o. (Pense-se em sua longa conviv\u00eancia em Nazar\u00e9!) Pode-se, assim, citar a presen\u00e7a da mulher (a nova Eva) na reden\u00e7\u00e3o da humanidade enganada pela \u201cserpente\u201d: \u201cPorei inimizade entre ti e mulher, entre a tua descend\u00eancia e a dela. Esta te ferir\u00e1 a cabe\u00e7a\u201d (Gn, 3, 15). Na morte e ressurrei\u00e7\u00e3o de Jesus se realizou esta predi\u00e7\u00e3o: a Descend\u00eancia da mulher &#8211; Jesus \u2013 morreu por causa do pecado. E saiu vitorioso. Todos n\u00f3s fomos salvos por Ele, inclusive Maria, salva por antecipa\u00e7\u00e3o: ela, a cheia de gra\u00e7a, conforme o an\u00fancio do Arcanjo Gabriel.<\/p>\n<p style=\"text-align: justify\">Na anuncia\u00e7\u00e3o, Maria \u00e9 a Disc\u00edpula do Senhor. Ela compreendeu, como os profetas interpelados por Deus, a miss\u00e3o a que Deus a estava chamando: ser a m\u00e3e do Filho de Deus. E na linha dos profetas, respondeu: \u201cEis aqui a serva do Senhor! Fa\u00e7a-se em mim segundo a tua palavra\u201d (Lc. 1, 38).<\/p>\n<p style=\"text-align: justify\">Gr\u00e1vida do Filho de Deus, Maria \u201cpartiu apressadamente\u201d (Lc 1, 39) \u00e0 casa de Isabel, que precisava de sua ajuda. Ela se torna Mission\u00e1ria: assume o jeito de ser de Deus que \u00e9 ir ao encontro de quem precisa de ajuda! Nas bodas de Can\u00e1, notando a falta de vinho, dirigiu-se a Jesus: \u201cEles n\u00e3o t\u00eam vinho\u201d. E, tendo ouvido &#8211; e compreendido! &#8211; a resposta de Jesus, \u201csua m\u00e3e disse aos que estavam servindo: Fazei tudo o que Ele vos disser\u201d (Jo 2, 3-5).<\/p>\n<p style=\"text-align: justify\">\u00c9 o grande ensinamento de Maria \u00e0 Igreja. Ela estava presente no Cen\u00e1culo, com os Disc\u00edpulos, quando desceram sobre eles a \u201cchama\u201d e o \u201csopro\u201d do Esp\u00edrito Santo que os levou a anunciar Jesus em todo o mundo. De resto, ao longo da hist\u00f3ria, Maria sempre se faz presente animando a miss\u00e3o, com suas \u201capari\u00e7\u00f5es\u201dem Guadalupe, Aparecida, Lourdes, F\u00e1tima, por exemplo .<\/p>\n<p style=\"text-align: justify\">\u201cFazei tudo o que Ele vos disser\u201d \u00e9 o pedido de Maria \u00e0 nossa Igreja hoje:<\/p>\n<div style=\"text-align: justify\">\n<ul>\n<li>Na 47\u00aa Assembl\u00e9ia Geral da CNBB, os bispos do Brasil tiveram uma programa\u00e7\u00e3o intensa. Este apelo de Maria soou, em primeiro lugar, no retiro dos participantes da Assembl\u00e9ia que refletiram sobre o Ap\u00f3stolo Paulo e a Miss\u00e3o do Bispo: o segredo \u00e9 viver a vida EM CRISTO! Fez-se significativa celebra\u00e7\u00e3o penitencial e vig\u00edlia de adora\u00e7\u00e3o \u00e0 luz de velas &#8211; um Lucern\u00e1rio. O retiro terminou com uma bela peregrina\u00e7\u00e3o \u00e0 Catedral de S\u00e3o Paulo, com a concess\u00e3o da indulg\u00eancia plen\u00e1ria.<\/li>\n<li>O tema central tratou dos desafios e diretrizes na forma\u00e7\u00e3o presbiteral para os dias de hoje,\u00a0 um documento que define os rumos da forma\u00e7\u00e3o inicial e permanente dos presb\u00edteros.<\/li>\n<li>Temas priorit\u00e1rios da Assembl\u00e9ia tamb\u00e9m foram: a) &#8211; a inicia\u00e7\u00e3o \u00e0 vida crist\u00e3, b) &#8211; o ano catequ\u00e9tico e c) &#8211; a miss\u00e3o continental proposta pela Confer\u00eancia de Aparecida. V\u00e1rias atividades j\u00e1 est\u00e3o se desenvolvendo na linha mission\u00e1ria. No Brasil, prop\u00f5em-se uma visita mission\u00e1ria \u00e0 Amaz\u00f4nia (a semana da Amaz\u00f4nia) e uma aten\u00e7\u00e3o aberta e fraterna aos povos ind\u00edgenas. Na Am\u00e9rica Latina e no Caribe, prospecta-se uma atividade intensa com a organiza\u00e7\u00e3o e participa\u00e7\u00e3o do CELAM. Foi aprovado um documento sobre a Inicia\u00e7\u00e3o da Vida Crist\u00e3.<\/li>\n<li>Foi comemorado festivamente o centen\u00e1rio do nascimento de Dom H\u00e9lder C\u00e2mara: um exemplo de crist\u00e3o e bispo. Os corredores da Casa de Itaici estavam repletos de cartazes com imagens e frases muito significativas de Dom H\u00e9lder. Uma homenagem em sua honra foi realizada, numa noite, com discurso de Dom Jos\u00e9 Maria Pires, coral e v\u00eddeo narrando suas realiza\u00e7\u00f5es e sua ora\u00e7\u00e3o famosa a Maria (\u201cMariama\u201d).<\/li>\n<li>A assembl\u00e9ia, ainda, refletiu sobre a conjuntura social brasileira e internacional e sobre a conjuntura da Igreja e sua a\u00e7\u00e3o na Confer\u00eancia Nacional do Bispo do Brasil. Notas foram emitidas pelo Dia do Trabalhador, em defesa da vida e manifesto em favor da fam\u00edlia.<\/li>\n<li>As celebra\u00e7\u00f5es Eucar\u00edsticas foram muito participadas e vivas cada dia com motiva\u00e7\u00e3o particular: na abertura da Assembl\u00e9ia com a presen\u00e7a do N\u00fancio Apost\u00f3lico. Outras inten\u00e7\u00f5es foram a catequese; a prece pelos bispos em\u00e9ritos e pelos bispos falecidos; pela miss\u00e3o continental; pela assembl\u00e9ia das CEBs e\u00a0 celebra\u00e7\u00f5es ecum\u00eanicas.<\/li>\n<\/ul><\/div>\n<p style=\"text-align: justify\">O impulso mission\u00e1rio de nossa Assembl\u00e9ia se alimentou com a medita\u00e7\u00e3o sobre o Ap\u00f3stolo Paulo, que recebeu uma ilumina\u00e7\u00e3o especial no caminho de Damasco, pela qual passou da pr\u00e1tica da Lei de Mois\u00e9s ao encontro com Cristo. Ponto de partida e centro gravitacional da apostolicidade de Paulo, o encontro com Cristo deve vir a ser tamb\u00e9m ponto de partida do ser crist\u00e3o, de recome\u00e7o da Igreja e de sua missionariedade.\u00a0 O Documento de Aparecida afirma que a todos nos toca recome\u00e7ar a partir de Cristo. \u201cN\u00e3o se come\u00e7a a ser crist\u00e3o por uma decis\u00e3o \u00e9tica ou uma grande id\u00e9ia, mas pelo encontro com um acontecimento, com uma Pessoa, que d\u00e1 um novo horizonte \u00e0 vida e, com isso, uma orienta\u00e7\u00e3o decisiva\u201d (DA, 12).<\/p>\n<p style=\"text-align: justify\">\u00c9 a realiza\u00e7\u00e3o do que nos ensina a M\u00e3e Maria: \u201cFazei tudo o que Ele vos disser!\u201d Que a invoca\u00e7\u00e3o do Esp\u00edrito Santo na celebra\u00e7\u00e3o da Solenidade de PENTECOSTES nos oriente decisivamente a viver em Cristo. Para todos n\u00f3s se torne realidade o que diz o Ap\u00f3stolo Paulo: Para mim viver \u00e9 Cristo.<\/p>\n<h4 style=\"text-align: right\">Dom Jacyr Francisco Braido<\/h4>\n","protected":false},"excerpt":{"rendered":"<p>Estamos em maio, M\u00caS DE MARIA. Comemoramos tamb\u00e9m com muito reconhecimento e emo\u00e7\u00e3o o DIA DAS M\u00c3ES. Comove-nos pensar, lembrar, rezar e homenagear nossas m\u00e3es em clima de fam\u00edlia, onde recebemos, particularmente atrav\u00e9s delas, a vida, o carinho, o amor e a educa\u00e7\u00e3o.<\/p>\n","protected":false},"author":83,"featured_media":0,"comment_status":"open","ping_status":"open","sticky":false,"template":"","format":"standard","meta":{"site-sidebar-layout":"default","site-content-layout":"default","ast-global-header-display":"","ast-banner-title-visibility":"","ast-main-header-display":"","ast-hfb-above-header-display":"","ast-hfb-below-header-display":"","ast-hfb-mobile-header-display":"","site-post-title":"","ast-breadcrumbs-content":"","ast-featured-img":"","footer-sml-layout":"","theme-transparent-header-meta":"","adv-header-id-meta":"","stick-header-meta":"","header-above-stick-meta":"","header-main-stick-meta":"","header-below-stick-meta":""},"categories":[758],"tags":[],"acf":[],"_links":{"self":[{"href":"https:\/\/www.cnbb.org.br\/cnbb-app\/wp\/v2\/posts\/11520"}],"collection":[{"href":"https:\/\/www.cnbb.org.br\/cnbb-app\/wp\/v2\/posts"}],"about":[{"href":"https:\/\/www.cnbb.org.br\/cnbb-app\/wp\/v2\/types\/post"}],"author":[{"embeddable":true,"href":"https:\/\/www.cnbb.org.br\/cnbb-app\/wp\/v2\/users\/83"}],"replies":[{"embeddable":true,"href":"https:\/\/www.cnbb.org.br\/cnbb-app\/wp\/v2\/comments?post=11520"}],"version-history":[{"count":0,"href":"https:\/\/www.cnbb.org.br\/cnbb-app\/wp\/v2\/posts\/11520\/revisions"}],"wp:attachment":[{"href":"https:\/\/www.cnbb.org.br\/cnbb-app\/wp\/v2\/media?parent=11520"}],"wp:term":[{"taxonomy":"category","embeddable":true,"href":"https:\/\/www.cnbb.org.br\/cnbb-app\/wp\/v2\/categories?post=11520"},{"taxonomy":"post_tag","embeddable":true,"href":"https:\/\/www.cnbb.org.br\/cnbb-app\/wp\/v2\/tags?post=11520"}],"curies":[{"name":"wp","href":"https:\/\/api.w.org\/{rel}","templated":true}]}}