{"id":11523,"date":"2009-03-16T00:00:00","date_gmt":"2009-03-16T03:00:00","guid":{"rendered":"https:\/\/www.cnbb.org.br\/a-arte-de-agradecer\/"},"modified":"2009-03-16T00:00:00","modified_gmt":"2009-03-16T03:00:00","slug":"a-arte-de-agradecer","status":"publish","type":"post","link":"https:\/\/www.cnbb.org.br\/a-arte-de-agradecer\/","title":{"rendered":"A arte de agradecer"},"content":{"rendered":"<p style=\"text-align: justify\">As diversas espiritualidades, destacam uma virtude, gesto ou palavra de Jesus, que se torna meta de vida: S\u00e3o Francisco de Assis assumiu a pobreza; Santo In\u00e1cio, a obedi\u00eancia; S\u00e3o Camilo, cuidado dos doentes; S\u00e3o Paulo da Crus, a paix\u00e3o.<\/p>\n<p><!--more--><\/p>\n<p style=\"text-align: justify\">Eu sou filho espiritual de S\u00e3o Vicente Pallotti que ensinava a agradecer sempre a Deus. Dizia ele que, ao orarmos pedindo algo a Deus, j\u00e1 devemos agradecer como se j\u00e1 tiv\u00e9ssemos sido atendidos.<\/p>\n<p style=\"text-align: justify\">Sou apaixonado pelas preces dos Salmos. Neles aprendemos como agradecer a Deus. Gostaria que todos descobrissem esta riqueza.<\/p>\n<p style=\"text-align: justify\">\u201cDe todo o cora\u00e7\u00e3o vos agrade\u00e7o, Senhor, e proclamo as vossas maravilhas\u201d Sl 9-A.2.<\/p>\n<p style=\"text-align: justify\">\u201cDa\u00ed gra\u00e7as ao Senhor porque ele \u00e9 bom; eterno \u00e9 seu amor por n\u00f3s\u201d Sl 106,1; 117,1.<\/p>\n<p style=\"text-align: justify\">O salmo 135 \u00e9 uma ladainha de louvores e agradecimentos.<\/p>\n<p style=\"text-align: justify\">\u201cCom profundo respeito me prostro diante de v\u00f3s, para agradecer vosso amor e fidelidade\u201d Sl 137,2.<\/p>\n<p style=\"text-align: justify\">\u201cEu exaltarei o meu Deus e jamais deixarei de agradecer-lhe. Todos os dias bendirei o Senhor e para sempre hei de louvar o seu nome! Sl 144,1.<\/p>\n<p style=\"text-align: justify\">Poderia multiplicar as cita\u00e7\u00f5es, mas vou lembrar apenas uma especial para mim: \u201cComo \u00e9 bom louvar-vos, \u00f3 Senhor, e cantar salmos em vossa honra, \u00f3 Deus Alt\u00edssimo! Como \u00e9 bom, de manh\u00e3 proclamar vossa bondade e, \u00e0 noite bendizer vossa fidelidade. (&#8230;) Mesmo quando idosos produzir\u00e3o frutos, pois conservar\u00e3o a sa\u00fade e o vigor. E assim, \u00f3 Deus, testemunhar\u00e3o que sois o rochedo inabal\u00e1vel, que sois bom, justo e sempre fiel no cumprimento de vossas promessas\u201d Sl 91, 2-3. 15-16.<\/p>\n<p style=\"text-align: justify\">Este \u00e9 especial para mim porque \u00e9 o salmo do idoso que tem a felicidade de continuar trabalhando pelo Reino de Deus. Vejam que estou de partida para o Maranh\u00e3o, onde orientarei o retiro do clero de Coroat\u00e1, de 30-03 a 02-04-2009. Na mesma Diocese orientarei alguns encontros e pregarei a Semana Santa na cidade de Cod\u00f3. Depois irei para Fortaleza, onde vou orientar a 1\u00aa Semana Arquidiocesana do D\u00edzimo, de 13 a 20-04-2009.<\/p>\n<p style=\"text-align: justify\">Ajudai-me a agradecer a Deus pela sua bondade para comigo.<\/p>\n<h4 style=\"text-align: right\">Dom Jos\u00e9 Maria Maimone<\/h4>\n","protected":false},"excerpt":{"rendered":"<p>As diversas espiritualidades, destacam uma virtude, gesto ou palavra de Jesus, que se torna meta de vida: S\u00e3o Francisco de Assis assumiu a pobreza; Santo In\u00e1cio, a obedi\u00eancia; S\u00e3o Camilo, cuidado dos doentes; S\u00e3o Paulo da Crus, a paix\u00e3o.<\/p>\n","protected":false},"author":83,"featured_media":0,"comment_status":"open","ping_status":"open","sticky":false,"template":"","format":"standard","meta":{"site-sidebar-layout":"default","site-content-layout":"default","ast-global-header-display":"","ast-banner-title-visibility":"","ast-main-header-display":"","ast-hfb-above-header-display":"","ast-hfb-below-header-display":"","ast-hfb-mobile-header-display":"","site-post-title":"","ast-breadcrumbs-content":"","ast-featured-img":"","footer-sml-layout":"","theme-transparent-header-meta":"","adv-header-id-meta":"","stick-header-meta":"","header-above-stick-meta":"","header-main-stick-meta":"","header-below-stick-meta":""},"categories":[758],"tags":[],"acf":[],"_links":{"self":[{"href":"https:\/\/www.cnbb.org.br\/cnbb-app\/wp\/v2\/posts\/11523"}],"collection":[{"href":"https:\/\/www.cnbb.org.br\/cnbb-app\/wp\/v2\/posts"}],"about":[{"href":"https:\/\/www.cnbb.org.br\/cnbb-app\/wp\/v2\/types\/post"}],"author":[{"embeddable":true,"href":"https:\/\/www.cnbb.org.br\/cnbb-app\/wp\/v2\/users\/83"}],"replies":[{"embeddable":true,"href":"https:\/\/www.cnbb.org.br\/cnbb-app\/wp\/v2\/comments?post=11523"}],"version-history":[{"count":0,"href":"https:\/\/www.cnbb.org.br\/cnbb-app\/wp\/v2\/posts\/11523\/revisions"}],"wp:attachment":[{"href":"https:\/\/www.cnbb.org.br\/cnbb-app\/wp\/v2\/media?parent=11523"}],"wp:term":[{"taxonomy":"category","embeddable":true,"href":"https:\/\/www.cnbb.org.br\/cnbb-app\/wp\/v2\/categories?post=11523"},{"taxonomy":"post_tag","embeddable":true,"href":"https:\/\/www.cnbb.org.br\/cnbb-app\/wp\/v2\/tags?post=11523"}],"curies":[{"name":"wp","href":"https:\/\/api.w.org\/{rel}","templated":true}]}}