{"id":11530,"date":"2009-04-13T00:00:00","date_gmt":"2009-04-13T03:00:00","guid":{"rendered":"https:\/\/www.cnbb.org.br\/alimentar-se-para-viver-mensagem-de-pascoa\/"},"modified":"2009-04-13T00:00:00","modified_gmt":"2009-04-13T03:00:00","slug":"alimentar-se-para-viver-mensagem-de-pascoa","status":"publish","type":"post","link":"https:\/\/www.cnbb.org.br\/alimentar-se-para-viver-mensagem-de-pascoa\/","title":{"rendered":"Alimentar-se para viver! Mensagem de P\u00e1scoa"},"content":{"rendered":"<p style=\"text-align: justify\">Em manh\u00e3 de P\u00e1scoa o Sopro da Vida renova a face da Terra. Tudo precisa ser renovado neste in\u00edcio de mil\u00eanio. No atual est\u00e1gio do desenvolvimento da vida em nosso planeta estamos acordando para um tempo em que tudo ser\u00e1 novo ou n\u00e3o ser\u00e1.<\/p>\n<p>  <!--more-->  <\/p>\n<p style=\"text-align: justify\">A s\u00edntese da vida se manifesta em sabedoria e beleza no ser humano. Por\u00e9m, a arrog\u00e2ncia e a soberba nos desfiguram, tornando-nos grave amea\u00e7a para a vida de nossa casa, o Planeta Terra. Crescemos muito, principalmente na voracidade do consumo. N\u00e3o se trata apenas dos alimentos que consumimos, mas do desperd\u00edcio e do ac\u00famulo de bens. A degrada\u00e7\u00e3o ambiental, a concentra\u00e7\u00e3o de riqueza e do poder em poucas m\u00e3os, a legi\u00e3o imensa de exclu\u00eddos e famintos, s\u00e3o alguns dos males que fermentam no caldeir\u00e3o da civiliza\u00e7\u00e3o que gestamos ao longo de mil\u00eanios.<\/p>\n<p style=\"text-align: justify\">Como ningu\u00e9m vive sem se alimentar, portanto um direito humano b\u00e1sico, alimento ser\u00e1 caminho da guerra ou da paz. Bom lembrar que nos alimentamos de oxig\u00eanio, luz, \u00e1gua, leite materno, ternura, leguminosas, frutas, sementes e de muitas outras d\u00e1divas da natureza.<\/p>\n<p style=\"text-align: justify\">Nas casas e nas escolas aprendamos a viver em paz, n\u00e3o apenas cultivando rela\u00e7\u00f5es de justi\u00e7a, de fraternidade e de solidariedade entre n\u00f3s, mas com tudo que existe e habita esta nossa Casa, um pontinho azul na imensid\u00e3o do universo. A riqueza e a diversidade da composi\u00e7\u00e3o de nosso pequenino \u201ccosmos\u201d garantem e sustentam a teia de vida que nos envolve.<\/p>\n<p style=\"text-align: justify\">O caminho da paz passa pelo respeito \u00e0s fontes da vida de onde brotamos e pela simplicidade e frugalidade. Precisamos de uma por\u00e7\u00e3o para existir e viver, ou seja, alimento, teto, agasalho, espa\u00e7o e oportunidade, n\u00e3o muito mais. Urge inaugurar uma nova administra\u00e7\u00e3o dos dons e riquezas de nossa Casa ou \u201cOIKOS\u201d, ou seja, uma nova economia. Uma Economia com Mercado e Solid\u00e1ria, que seja regida pelos ditames do bem comum \u00e0 luz de nossa voca\u00e7\u00e3o \u00e0 vida em comunh\u00e3o.<\/p>\n<p style=\"text-align: justify\">Um mundo livre da mis\u00e9ria, da viol\u00eancia, dos males da fome que atrofiam o corpo e o esp\u00edrito, n\u00e3o surgir\u00e1 por um passe de m\u00e1gica ou por um milagre.<\/p>\n<p style=\"text-align: justify\">Em nosso pr\u00f3prio pa\u00eds, tarefas inadi\u00e1veis nos desafiam. Com sede de justi\u00e7a e famintos de paz, n\u00e3o seremos saciados sem que as grandes fortunas sejam taxadas para prover recursos exigidos pela cidadania, o povo seja livre do analfabetismo e que ningu\u00e9m seja privado da por\u00e7\u00e3o que necessita para nascer, crescer e participar do processo evolutivo de nossa presen\u00e7a no Cosmos.<\/p>\n<p style=\"text-align: justify\">N\u00e3o ignorando os caminhos percorridos, ao longo da hist\u00f3ria de nossos povos e nos tempos mais recentes, para o surgimento de um mundo em que possamos viver com dignidade e liberdade, desejo chamar aten\u00e7\u00e3o para a Medida Provis\u00f3ria 455, de 28 de Janeiro de 2009, que disp\u00f5e sobre o atendimento da alimenta\u00e7\u00e3o escolar e do Programa Dinheiro Direto na Escola.<\/p>\n<p style=\"text-align: justify\">Enquanto tramita no Congresso Nacional o Projeto de Lei 2877, o Presidente Lula, com for\u00e7a de lei, d\u00e1 novas diretrizes e toma provid\u00eancias sobre todo o alimento oferecido no ambiente escolar.<\/p>\n<p style=\"text-align: justify\">N\u00e3o entrando no m\u00e9rito da pr\u00f3pria medida provis\u00f3ria ou do projeto que tramita no Congresso Nacional, proponho que sejamos pr\u00e1ticos e tenhamos pressa em criar condi\u00e7\u00f5es pol\u00edticas, sociais, econ\u00f4micas, jur\u00eddicas e administrativas para que a MP seja aprovada, regulamentada e implementada. Assim, a m\u00e9dio e longo prazo, possamos libertar nossas escolas do alimento-mercadoria, cujo valor principal consiste mais em nutrir a corrup\u00e7\u00e3o e a engordar contas banc\u00e1rias.<\/p>\n<p style=\"text-align: justify\">Um estudo acurado da MP vai nos dar elementos fundamentais para um processo de planejamento da produ\u00e7\u00e3o de alimentos saud\u00e1veis, adequados e solid\u00e1rios, em micro regi\u00f5es que integrem v\u00e1rios munic\u00edpios, atrav\u00e9s de um modelo de desenvolvimento econ\u00f4mico e social que valoriza a agricultura familiar e as v\u00e1rias modalidades de associa\u00e7\u00f5es produtivas rurais e Peri &#8211; urbanas. Feliz ser\u00e1 o pa\u00eds quando atingir o m\u00ednimo proposto pela MP sobre a produ\u00e7\u00e3o e aquisi\u00e7\u00e3o de alimentos saud\u00e1veis e adequados (cfr. Artigo 14). Forte e saud\u00e1vel, quando alcan\u00e7ar cem por cento! Taxas sobre grandes fortunas poder\u00e3o prover recursos financeiros indispens\u00e1veis para a efetiva realiza\u00e7\u00e3o de excelente programa de alimenta\u00e7\u00e3o escolar em toda a rede p\u00fablica de ensino, em todos os seus n\u00edveis. Ent\u00e3o, a inf\u00e2ncia e a juventude brasileira ser\u00e3o saud\u00e1veis e inteligentes. Teremos atingido est\u00e1gio avan\u00e7ado de democracia.<\/p>\n<p style=\"text-align: justify\">Valorizando-se a compet\u00eancia e as atribui\u00e7\u00f5es dos profissionais das \u00e1reas afins, o controle social dever\u00e1 ser exercido principalmente pelos Conselhos de Alimenta\u00e7\u00e3o Escolar (cfr. Artigos 18 e 19 da MP455), \u00e0 luz da Pol\u00edtica Nacional de Alimenta\u00e7\u00e3o e Nutri\u00e7\u00e3o, das diretrizes formuladas por Confer\u00eancias de Seguran\u00e7a Alimentar e Nutricional, realizadas nos tr\u00eas n\u00edveis da federa\u00e7\u00e3o, do Guia Alimentar para o Povo Brasileiro e de tantos outros subs\u00eddios que procuram orientar as fam\u00edlias e institui\u00e7\u00f5es sociais para a produ\u00e7\u00e3o, processamento e consumo de alimentos saud\u00e1veis e adequados. De grande import\u00e2ncia, as seis diretrizes do artigo segundo da MP.<\/p>\n<p style=\"text-align: justify\">A educa\u00e7\u00e3o, como determina o artigo 13 da MP, \u00e9 o grande caminho para a supera\u00e7\u00e3o da mis\u00e9ria e dos males da fome. Depois de nossas casas, a escola deveria ser um centro de refer\u00eancia em tudo o que se refere ao direito ao alimento e \u00e0 nutri\u00e7\u00e3o. Por que n\u00e3o assumir tamb\u00e9m o monitoramento nutricional de toda a comunidade escolar? A cozinha, o refeit\u00f3rio, a biblioteca e a horta, sejam considerados como\u00a0 excelentes e nobres espa\u00e7os de educa\u00e7\u00e3o.<\/p>\n<p style=\"text-align: justify\">A MP, como o PL, marcada pelas contradi\u00e7\u00f5es e ambig\u00fcidades que caracterizam a sociedade e o Estado, oferece-nos ocasi\u00e3o para agir com sabedoria, coragem, ousadia, humildade e compet\u00eancia.<\/p>\n<p style=\"text-align: justify\">Votos de Feliz P\u00e1scoa para o povo brasileiro. A MP do Presidente Lula, como Mois\u00e9s, n\u00e3o nos conduz at\u00e9 o cora\u00e7\u00e3o da Terra Prometida. Contudo n\u00e3o ser\u00e1 pouca coisa, se o povo se levantar e caminhar para a vida com liberdade e dignidade. Chegaremos l\u00e1! Ent\u00e3o reinar\u00e3o a Paz e o Bem.<\/p>\n<h4 style=\"text-align: right\">Dom Mauro Morelli<\/h4>\n","protected":false},"excerpt":{"rendered":"<p>Em manh\u00e3 de P\u00e1scoa o Sopro da Vida renova a face da Terra. Tudo precisa ser renovado neste in\u00edcio de mil\u00eanio. No atual est\u00e1gio do desenvolvimento da vida em nosso planeta estamos acordando para um tempo em que tudo ser\u00e1 novo ou n\u00e3o ser\u00e1.<\/p>\n","protected":false},"author":83,"featured_media":0,"comment_status":"open","ping_status":"open","sticky":false,"template":"","format":"standard","meta":{"site-sidebar-layout":"default","site-content-layout":"default","ast-global-header-display":"","ast-banner-title-visibility":"","ast-main-header-display":"","ast-hfb-above-header-display":"","ast-hfb-below-header-display":"","ast-hfb-mobile-header-display":"","site-post-title":"","ast-breadcrumbs-content":"","ast-featured-img":"","footer-sml-layout":"","theme-transparent-header-meta":"","adv-header-id-meta":"","stick-header-meta":"","header-above-stick-meta":"","header-main-stick-meta":"","header-below-stick-meta":""},"categories":[758],"tags":[],"acf":[],"_links":{"self":[{"href":"https:\/\/www.cnbb.org.br\/cnbb-app\/wp\/v2\/posts\/11530"}],"collection":[{"href":"https:\/\/www.cnbb.org.br\/cnbb-app\/wp\/v2\/posts"}],"about":[{"href":"https:\/\/www.cnbb.org.br\/cnbb-app\/wp\/v2\/types\/post"}],"author":[{"embeddable":true,"href":"https:\/\/www.cnbb.org.br\/cnbb-app\/wp\/v2\/users\/83"}],"replies":[{"embeddable":true,"href":"https:\/\/www.cnbb.org.br\/cnbb-app\/wp\/v2\/comments?post=11530"}],"version-history":[{"count":0,"href":"https:\/\/www.cnbb.org.br\/cnbb-app\/wp\/v2\/posts\/11530\/revisions"}],"wp:attachment":[{"href":"https:\/\/www.cnbb.org.br\/cnbb-app\/wp\/v2\/media?parent=11530"}],"wp:term":[{"taxonomy":"category","embeddable":true,"href":"https:\/\/www.cnbb.org.br\/cnbb-app\/wp\/v2\/categories?post=11530"},{"taxonomy":"post_tag","embeddable":true,"href":"https:\/\/www.cnbb.org.br\/cnbb-app\/wp\/v2\/tags?post=11530"}],"curies":[{"name":"wp","href":"https:\/\/api.w.org\/{rel}","templated":true}]}}