{"id":11561,"date":"2010-03-30T00:00:00","date_gmt":"2010-03-30T03:00:00","guid":{"rendered":"https:\/\/www.cnbb.org.br\/atualizar-a-pascoa\/"},"modified":"2010-03-30T00:00:00","modified_gmt":"2010-03-30T03:00:00","slug":"atualizar-a-pascoa","status":"publish","type":"post","link":"https:\/\/www.cnbb.org.br\/atualizar-a-pascoa\/","title":{"rendered":"Atualizar a P\u00e1scoa"},"content":{"rendered":"<p style=\"text-align: justify\">Como sabemos, a p\u00e1scoa remonta a tradi\u00e7\u00f5es ancestrais. Seu primeiro contexto estava ligado \u00e0 natureza. Celebrava o triunfo da vida, vencidas as amea\u00e7as do inverno ou da estiagem, quando parecia que a vida iria sucumbir. A exuber\u00e2ncia da primavera, ou a esta\u00e7\u00e3o das chuvas, revertiam o quadro, e a vida retomava sua forma exuberante e espl\u00eandida.<\/p>\n<p>  <!--more-->  <\/p>\n<p style=\"text-align: justify\">Deste primeiro contexto, guardamos at\u00e9 hoje o ritmo anual da p\u00e1scoa, estreitamente ligado \u00e0s condi\u00e7\u00f5es da vida em nosso planeta terra. Quer queiramos ou n\u00e3o, a vida est\u00e1 associada ao planeta em que nos encontramos.<\/p>\n<p style=\"text-align: justify\">A segunda express\u00e3o da p\u00e1scoa \u00e9 fruto da experi\u00eancia do povo de Israel. Ele teve a intui\u00e7\u00e3o de associar sua sa\u00edda do Egito, onde a vida estava sendo sufocada, exatamente num momento de celebra\u00e7\u00e3o da p\u00e1scoa natural.<\/p>\n<p style=\"text-align: justify\">Desta maneira, a p\u00e1scoa passou a ter dimens\u00e3o hist\u00f3rica. Introduziu a tremenda suposi\u00e7\u00e3o de que, a partir de ent\u00e3o, a vida depende da interven\u00e7\u00e3o humana que sobre ela exercemos.<\/p>\n<p style=\"text-align: justify\">A terceira express\u00e3o da p\u00e1scoa \u00e9 a mais profunda, e a que melhor recolhe as duas anteriores. \u00c9 a celebra\u00e7\u00e3o da p\u00e1scoa a partir da tradi\u00e7\u00e3o crist\u00e3. Seria um assunto inesgot\u00e1vel analisar com a aten\u00e7\u00e3o que merece a provid\u00eancia de Cristo, de inserir o testemunho de sua vida no contexto da celebra\u00e7\u00e3o pascal dos judeus.<\/p>\n<p style=\"text-align: justify\">Impressiona ver como ele tinha consci\u00eancia de que, como profeta, \u201cn\u00e3o podia morrer fora de Jerusal\u00e9m\u201d, nem antes da hora, nem por motivos f\u00fateis de epis\u00f3dios desconexos e circunstanciais. Ele queria colocar sua vida bem no cerne da din\u00e2mica da hist\u00f3ria humana. Escolheu a p\u00e1scoa para o confronto final, que lhe possibilitou dar seu testemunho definitivo em favor da vida plena e verdadeira.<\/p>\n<p style=\"text-align: justify\">N\u00e3o h\u00e1 fato mais surpreendente, do que ver a Igreja surgindo com Cristo do sepulcro onde seu corpo tinha sido depositado. A Igreja \u00e9 essencialmente pascal. Por isto, quanto mais batem nela, e tentam sufoc\u00e1-la ou inviabiliz\u00e1-la, mais ela revela a for\u00e7a da vida, a servi\u00e7o da qual foi convocada por Cristo, e incumbida de religar continuamente a hist\u00f3ria humana ao nascedouro da vida nova. \u201cFa\u00e7am isto em mem\u00f3ria de mim\u201d.<\/p>\n<p style=\"text-align: justify\">Esta provid\u00eancia de instituir uma \u201cnova e eterna\u201d p\u00e1scoa, no momento da celebra\u00e7\u00e3o da p\u00e1scoa antiga, foi a a\u00e7\u00e3o mais estrat\u00e9gica e mais radical de Cristo. Ele que tinha dito \u201cn\u00e3o ser deste mundo\u201d, sabia captar mais do que ningu\u00e9m a din\u00e2mica deste mundo, e nela inserir a esperan\u00e7a de uma vida para al\u00e9m deste mundo.<\/p>\n<p style=\"text-align: justify\">Sem perder a centralidade crist\u00e3 da p\u00e1scoa, nos dias de hoje nos damos conta da validade permanente da primeira dimens\u00e3o pascal. A natureza continua seu processo vital, com sucessivos ciclos de mortes e ressurgimentos. Para entender o que se passa hoje com as preocupantes mudan\u00e7as clim\u00e1ticas, precisamos de um recuo de milh\u00f5es de anos. A contribui\u00e7\u00e3o dos ge\u00f3logos \u00e9 muito preciosa para perceber a trajet\u00f3ria da vida em nosso planeta. Sem recorrer a muitos dados, basta o mais evidente. O desaparecimento dos dinossauros, que dominaram o planeta por mais de cem milh\u00f5es de anos, serve de alerta para a nossa esp\u00e9cie humana. Para permanecer viva, a terra \u00e9 capaz de se desfazer de esp\u00e9cies inteiras, se passam a agir contra o senso da vida.<\/p>\n<p style=\"text-align: justify\">Mas como a p\u00e1scoa nos ensina que a vida no planeta passou a depender tamb\u00e9m da a\u00e7\u00e3o hist\u00f3rica da humanidade, que pode se tornar a express\u00e3o consciente da pr\u00f3pria natureza, ainda \u00e9 tempo de sintonizar melhor nossa a\u00e7\u00e3o humana com a din\u00e2mica da vida.<\/p>\n<p style=\"text-align: justify\">De tal modo que a p\u00e1scoa pode comportar a m\u00edstica crist\u00e3, renovar nossa consci\u00eancia hist\u00f3rica, e despertar nossa sintonia com a natureza.<\/p>\n<p style=\"text-align: justify\">Assim todos podemos ter uma boa p\u00e1scoa!<\/p>\n<h4 style=\"text-align: right\">Dom Luiz Dem\u00e9trio Valentini<\/h4>\n","protected":false},"excerpt":{"rendered":"<p>Como sabemos, a p\u00e1scoa remonta a tradi\u00e7\u00f5es ancestrais. Seu primeiro contexto estava ligado \u00e0 natureza. Celebrava o triunfo da vida, vencidas as amea\u00e7as do inverno ou da estiagem, quando parecia que a vida iria sucumbir. A exuber\u00e2ncia da primavera, ou a esta\u00e7\u00e3o das chuvas, revertiam o quadro, e a vida retomava sua forma exuberante e &hellip;<\/p>\n<p class=\"read-more\"> <a class=\"\" href=\"https:\/\/www.cnbb.org.br\/atualizar-a-pascoa\/\"> <span class=\"screen-reader-text\">Atualizar a P\u00e1scoa<\/span> Leia mais &raquo;<\/a><\/p>\n","protected":false},"author":83,"featured_media":0,"comment_status":"open","ping_status":"open","sticky":false,"template":"","format":"standard","meta":{"site-sidebar-layout":"default","site-content-layout":"default","ast-global-header-display":"","ast-banner-title-visibility":"","ast-main-header-display":"","ast-hfb-above-header-display":"","ast-hfb-below-header-display":"","ast-hfb-mobile-header-display":"","site-post-title":"","ast-breadcrumbs-content":"","ast-featured-img":"","footer-sml-layout":"","theme-transparent-header-meta":"","adv-header-id-meta":"","stick-header-meta":"","header-above-stick-meta":"","header-main-stick-meta":"","header-below-stick-meta":""},"categories":[758],"tags":[],"acf":[],"_links":{"self":[{"href":"https:\/\/www.cnbb.org.br\/cnbb-app\/wp\/v2\/posts\/11561"}],"collection":[{"href":"https:\/\/www.cnbb.org.br\/cnbb-app\/wp\/v2\/posts"}],"about":[{"href":"https:\/\/www.cnbb.org.br\/cnbb-app\/wp\/v2\/types\/post"}],"author":[{"embeddable":true,"href":"https:\/\/www.cnbb.org.br\/cnbb-app\/wp\/v2\/users\/83"}],"replies":[{"embeddable":true,"href":"https:\/\/www.cnbb.org.br\/cnbb-app\/wp\/v2\/comments?post=11561"}],"version-history":[{"count":0,"href":"https:\/\/www.cnbb.org.br\/cnbb-app\/wp\/v2\/posts\/11561\/revisions"}],"wp:attachment":[{"href":"https:\/\/www.cnbb.org.br\/cnbb-app\/wp\/v2\/media?parent=11561"}],"wp:term":[{"taxonomy":"category","embeddable":true,"href":"https:\/\/www.cnbb.org.br\/cnbb-app\/wp\/v2\/categories?post=11561"},{"taxonomy":"post_tag","embeddable":true,"href":"https:\/\/www.cnbb.org.br\/cnbb-app\/wp\/v2\/tags?post=11561"}],"curies":[{"name":"wp","href":"https:\/\/api.w.org\/{rel}","templated":true}]}}