{"id":11577,"date":"2010-04-05T00:00:00","date_gmt":"2010-04-05T03:00:00","guid":{"rendered":"https:\/\/www.cnbb.org.br\/como-e-ser-padre-hoje\/"},"modified":"2010-04-05T00:00:00","modified_gmt":"2010-04-05T03:00:00","slug":"como-e-ser-padre-hoje","status":"publish","type":"post","link":"https:\/\/www.cnbb.org.br\/como-e-ser-padre-hoje\/","title":{"rendered":"Como \u00e9 ser padre hoje"},"content":{"rendered":"<p style=\"text-align: justify\">\u201cVoc\u00ea \u00e9 Sacerdote para sempre, segundo a ordem do sacerd\u00f3cio de Melquisedec\u201d. (Hb 5,6, numa cita\u00e7\u00e3o ao Antigo Testamento). \u201cSomente Cristo \u00e9 o Verdadeiro Sacerdote, os outros s\u00e3o seus ministros\u201d. (Santo Tom\u00e1s de Aquino) O padre recebe o sacramento da ordem mediante a imposi\u00e7\u00e3o das m\u00e3os sobre a sua cabe\u00e7a por parte do bispo, que pronuncia a solene ora\u00e7\u00e3o consecrat\u00f3ria. Com ela, o bispo invoca a Deus para o ordenando a especial efus\u00e3o do Esp\u00edrito Santo e dos seus dons, em vista do minist\u00e9rio.<\/p>\n<p>  <!--more-->  <\/p>\n<p style=\"text-align: justify\">A un\u00e7\u00e3o do Esp\u00edrito marca o presb\u00edtero com um car\u00e1ter espiritual indel\u00e9vel, configura-o a Cristo sacerdote e o torna capaz de agir no Nome de Cristo Cabe\u00e7a. Sendo cooperador da ordem episcopal, ele \u00e9 consagrado para pregar o Evangelho, para celebrar o culto divino, sobretudo a Eucaristia de que tira for\u00e7a o seu minist\u00e9rio, e para ser o bom pastor dos fi\u00e9is.<\/p>\n<p style=\"text-align: justify\">Mesmo sendo ordenado para uma miss\u00e3o universal, ele a exerce numa Igreja particular, em fraternidade sacramental com os outros presb\u00edteros, que formam o \u201cpresbit\u00e9rio\u201d e que, em comunh\u00e3o com o bispo e em depend\u00eancia dele, tem a responsabilidade da Igreja particular.<\/p>\n<p style=\"text-align: justify\">Os sacerdotes ordenados, no exerc\u00edcio do minist\u00e9rio sagrado, falam e agem, n\u00e3o por autoridade pr\u00f3pria, nem por mandato ou por delega\u00e7\u00e3o da comunidade, mas na Pessoa de Cristo Cabe\u00e7a e em nome da Igreja. Portanto, o sacerd\u00f3cio ministerial se diferencia essencialmente e n\u00e3o apenas por grau, do sacerd\u00f3cio comum dos fi\u00e9is, a servi\u00e7o do qual Cristo o instituiu.<\/p>\n<p style=\"text-align: justify\">Estas afirma\u00e7\u00f5es se encontram no Catecismo da Igreja Cat\u00f3lica e as colhemos l\u00e1 para que fosse uma informa\u00e7\u00e3o verdadeira e digna de cren\u00e7a e a fim de que, por elas possamos ver como \u00e9 dif\u00edcil e sagrada \u00e0 miss\u00e3o do padre, principalmente nos dias de hoje.<\/p>\n<p style=\"text-align: justify\">Antes do Conc\u00edlio Vaticano II, mesmo aqueles fi\u00e9is mais pr\u00f3ximos do sacerdote mantinham uma certa dist\u00e2ncia do seu pastor. A missa era celebrada em Latim e o celebrante ficava de costas para os assistentes. Os fi\u00e9is assistiam \u00e0 missa.<\/p>\n<p style=\"text-align: justify\">Hoje, os fi\u00e9is s\u00e3o celebrantes junto com o padre, que preside a celebra\u00e7\u00e3o com a participa\u00e7\u00e3o de todos e que permanece voltado para o povo durante a celebra\u00e7\u00e3o. Tudo bem melhor. S\u00f3 que o mundo se modifica a passos muito largos e nem sempre \u00e9 f\u00e1cil para o padre acompanhar essas modifica\u00e7\u00f5es. Ele est\u00e1 mais perto do povo, trabalha junto com ele, convive com os seus acertos, mas tamb\u00e9m convive com os seus erros. E como h\u00e1 erros!<\/p>\n<p style=\"text-align: justify\">A fam\u00edlia tem sido desvalorizada, h\u00e1 separa\u00e7\u00f5es nem sempre baseadas no bom senso, h\u00e1 abortos, h\u00e1 gravidez precoce, h\u00e1 jovens (e velhos!) drogados, h\u00e1 viol\u00eancia e abuso de crian\u00e7as. E h\u00e1 toda uma gama de tenta\u00e7\u00f5es no mundo, que hoje andam soltas. Se para um pai de fam\u00edlia \u00e9 dif\u00edcil vencer as tenta\u00e7\u00f5es, mais dif\u00edcil ainda \u00e9 para o padre, que, praticamente, enfrenta sozinho as situa\u00e7\u00f5es mais complicadas.<\/p>\n<p style=\"text-align: justify\">Entretanto, tudo isto \u00e9 uma prova de fogo que o padre deve vencer. Ele poder\u00e1 contar com a ajuda de fi\u00e9is engajados, que exercem tamb\u00e9m seu sacerd\u00f3cio comum a todos que desejam trilhar os caminhos tra\u00e7ados por Cristo, em busca do bem, da paz, do amor e da constru\u00e7\u00e3o de um mundo novo que se capacite a participar do Reino do Pai.<\/p>\n<p style=\"text-align: justify\">E \u2013 mais importante ainda \u2013 o que lhe d\u00e1 for\u00e7a e vigor na sua miss\u00e3o \u00e9 a efus\u00e3o do Esp\u00edrito Santo, que certamente ele pode invocar sempre. O sacerdote secular, chamado S\u00e3o Jo\u00e3o Maria Vianney, o santo Cura d\u2019Ars, \u00e9 uma prova da a\u00e7\u00e3o de Deus na vida de quem o procura, principalmente na vida dos seus ungidos. Quando seminarista, ele foi at\u00e9 despedido de um semin\u00e1rio por falta de talento. A duras penas, conseguiu ser ordenado, mas seus superiores n\u00e3o levavam f\u00e9 nele. Deram-lhe uma par\u00f3quia de 250 habitantes, calculando que menos fi\u00e9is sob seu pastoreio talvez pudesse dar certo. Viveu nesta par\u00f3quia por 40 anos, numa grande humildade. Por tr\u00eas vezes tentou afastar-se de l\u00e1, mas os paroquianos n\u00e3o o permitiram. Tornou-se um grande confessor. Pessoas acorriam de longe para ter o privil\u00e9gio de se confessar com ele.<\/p>\n<p style=\"text-align: justify\">Que Maria Sant\u00edssima interceda pelos padres para que, como o santo Cura d&#8217;Ars, eles cumpram com alegria a vontade do Pai, sobretudo nesses tempos modernos.<\/p>\n<p style=\"text-align: justify\">E que Cristo, que lhes conferiu, atrav\u00e9s do bispo, a sua \u00e1rdua tarefa, os fa\u00e7a imitar os Seus gestos e as Suas atitudes, t\u00e3o cheios de amor para esse mundo que festeja triunfalmente a Sua entrada em Jerusal\u00e9m e, dias depois, O crucifica ao lado de dois bandidos. E Ele ainda pede ao Pai: &#8220;Pai, perdoa-lhes, n\u00e3o sabem o que fazem.&#8221;<\/p>\n<p style=\"text-align: justify\">Nesse sentido quero cumprimentar a todos os presb\u00edteros e bispos, homens dedicados que gastam a sua vida pelo Reino de Deus, e desejar que a gra\u00e7a do Esp\u00edrito Santo ilumine sempre o seu agir sacerdotal na pessoa de Cristo para a santifica\u00e7\u00e3o do povo Santo de Deus!<\/p>\n<h4 style=\"text-align: right\">Dom Eurico dos Santos Veloso<\/h4>\n","protected":false},"excerpt":{"rendered":"<p>\u201cVoc\u00ea \u00e9 Sacerdote para sempre, segundo a ordem do sacerd\u00f3cio de Melquisedec\u201d. (Hb 5,6, numa cita\u00e7\u00e3o ao Antigo Testamento). \u201cSomente Cristo \u00e9 o Verdadeiro Sacerdote, os outros s\u00e3o seus ministros\u201d. (Santo Tom\u00e1s de Aquino) O padre recebe o sacramento da ordem mediante a imposi\u00e7\u00e3o das m\u00e3os sobre a sua cabe\u00e7a por parte do bispo, que &hellip;<\/p>\n<p class=\"read-more\"> <a class=\"\" href=\"https:\/\/www.cnbb.org.br\/como-e-ser-padre-hoje\/\"> <span class=\"screen-reader-text\">Como \u00e9 ser padre hoje<\/span> Leia mais &raquo;<\/a><\/p>\n","protected":false},"author":83,"featured_media":0,"comment_status":"open","ping_status":"open","sticky":false,"template":"","format":"standard","meta":{"site-sidebar-layout":"default","site-content-layout":"default","ast-global-header-display":"","ast-banner-title-visibility":"","ast-main-header-display":"","ast-hfb-above-header-display":"","ast-hfb-below-header-display":"","ast-hfb-mobile-header-display":"","site-post-title":"","ast-breadcrumbs-content":"","ast-featured-img":"","footer-sml-layout":"","theme-transparent-header-meta":"","adv-header-id-meta":"","stick-header-meta":"","header-above-stick-meta":"","header-main-stick-meta":"","header-below-stick-meta":""},"categories":[758],"tags":[],"acf":[],"_links":{"self":[{"href":"https:\/\/www.cnbb.org.br\/cnbb-app\/wp\/v2\/posts\/11577"}],"collection":[{"href":"https:\/\/www.cnbb.org.br\/cnbb-app\/wp\/v2\/posts"}],"about":[{"href":"https:\/\/www.cnbb.org.br\/cnbb-app\/wp\/v2\/types\/post"}],"author":[{"embeddable":true,"href":"https:\/\/www.cnbb.org.br\/cnbb-app\/wp\/v2\/users\/83"}],"replies":[{"embeddable":true,"href":"https:\/\/www.cnbb.org.br\/cnbb-app\/wp\/v2\/comments?post=11577"}],"version-history":[{"count":0,"href":"https:\/\/www.cnbb.org.br\/cnbb-app\/wp\/v2\/posts\/11577\/revisions"}],"wp:attachment":[{"href":"https:\/\/www.cnbb.org.br\/cnbb-app\/wp\/v2\/media?parent=11577"}],"wp:term":[{"taxonomy":"category","embeddable":true,"href":"https:\/\/www.cnbb.org.br\/cnbb-app\/wp\/v2\/categories?post=11577"},{"taxonomy":"post_tag","embeddable":true,"href":"https:\/\/www.cnbb.org.br\/cnbb-app\/wp\/v2\/tags?post=11577"}],"curies":[{"name":"wp","href":"https:\/\/api.w.org\/{rel}","templated":true}]}}