{"id":11579,"date":"2010-04-05T00:00:00","date_gmt":"2010-04-05T03:00:00","guid":{"rendered":"https:\/\/www.cnbb.org.br\/a-pascoa-e-um-grito-em-favor-da-esperanca-numa-epoca-em-que-desapareceram-as-utopias-deixou-se-de-sonhar-e-o-mundo-ficou-pequeno\/"},"modified":"2010-04-05T00:00:00","modified_gmt":"2010-04-05T03:00:00","slug":"a-pascoa-e-um-grito-em-favor-da-esperanca-numa-epoca-em-que-desapareceram-as-utopias-deixou-se-de-sonhar-e-o-mundo-ficou-pequeno","status":"publish","type":"post","link":"https:\/\/www.cnbb.org.br\/a-pascoa-e-um-grito-em-favor-da-esperanca-numa-epoca-em-que-desapareceram-as-utopias-deixou-se-de-sonhar-e-o-mundo-ficou-pequeno\/","title":{"rendered":"A P\u00e1scoa \u00e9 um grito em favor da esperan\u00e7a numa \u00e9poca em que desapareceram as utopias, deixou-se de sonhar e o mundo ficou pequeno"},"content":{"rendered":"<p style=\"text-align: justify\">Existem acontecimentos que marcam a vida dum povo e determinam-lhe o caminho. S\u00e3o principalmente fatos que despertaram em grupos, cl\u00e3s ou tribos a consci\u00eancia de serem todos membros de uma \u00fanica na\u00e7\u00e3o. Poder\u00edamos rotular esses epis\u00f3dios como &#8220;fundantes&#8221; de nacionalidades.<\/p>\n<p>  <!--more-->  <\/p>\n<p style=\"text-align: justify\">Temos um belo exemplo na hist\u00f3ria do povo de Israel, como vem narrada na B\u00edblia. Devido a secas em Cana\u00e3, regi\u00e3o onde morava, uma fam\u00edlia se transferiu para o delta do Nilo, onde cada filho de Jac\u00f3 organizou seus descendentes como tribo.<\/p>\n<p style=\"text-align: justify\">Reduzidos a escravos e condenados a desaparecer devido a leis que os obrigavam a matar os rec\u00e9m-nascidos do sexo masculino, gritaram por socorro ao Deus de seus antepassados.<\/p>\n<p style=\"text-align: justify\">Foram ouvidos por Jav\u00e9 e libertados por Mois\u00e9s, que os conduziu atrav\u00e9s do leito seco do mar e do areal do deserto at\u00e9 a terra prometida. Foi a\u00ed que Israel se percebeu como um povo, mais ainda, um povo escolhido por Deus, um povo de pessoas livres e aliadas do Alt\u00edssimo. A for\u00e7a de Israel consistiu em viver intensa e eternamente a sa\u00edda do Egito, a alian\u00e7a feita no Sinai e a entrada na terra das promessas. Para isso, a cada ano, na lua cheia de Abib, o primeiro m\u00eas do calend\u00e1rio judaico, a celebra\u00e7\u00e3o da P\u00e1scoa foi, mais do que a lembran\u00e7a do acontecimento &#8220;fundante&#8221;, o compromisso de viver a liberdade, a alian\u00e7a com o Senhor e o amor \u00e0 &#8220;terra do povo de Deus&#8221;. &#8220;Este ser\u00e1 para v\u00f3s uma festa memor\u00e1vel em honra do Senhor, que haveis de celebrar por todas as gera\u00e7\u00f5es como institui\u00e7\u00e3o perp\u00e9tua&#8221; (Ex 12,14).<\/p>\n<p style=\"text-align: justify\">Antes da destrui\u00e7\u00e3o do templo de Jerusal\u00e9m, os cordeiros sacrificados, a reuni\u00e3o da fam\u00edlia para a ceia, o ritual entremeado de leituras, de cantos e de ora\u00e7\u00f5es tornavam presentes os fatos do \u00eaxodo. Israel nunca deveria esquecer seus in\u00edcios como povo.<br \/>Do contr\u00e1rio, sucederia o que sucedeu na divis\u00e3o do reino em dois e em seus desaparecimentos.<\/p>\n<h4 style=\"text-align: justify\">A igreja \u00e9 o povo da nova alian\u00e7a.<\/h4>\n<p style=\"text-align: justify\">Seu acontecimento &#8220;fundante&#8221; \u00e9 a P\u00e1scoa de Jesus, sua passagem da morte para a vida. Os disc\u00edpulos eram uma multid\u00e3o sem rosto que acompanhava ora com entusiasmo, ora desanimada, os passos do nazareno. A expectativa de que ele seria o desejado chefe pol\u00edtico os acompanhou at\u00e9 a entrada do domingo de Ramos.<\/p>\n<p style=\"text-align: justify\">Ap\u00f3s sua pris\u00e3o, debandaram e s\u00f3 se reagruparam ap\u00f3s a certeza da ressurrei\u00e7\u00e3o. O esp\u00edrito de Deus lhes deu a alegria de se deixarem apossar pela for\u00e7a da experi\u00eancia de Jesus. Foi a\u00ed que nasceu um povo, o povo dos seguidores do Senhor.<\/p>\n<p style=\"text-align: justify\">Se a P\u00e1scoa de Israel foi a liberta\u00e7\u00e3o de escravos pol\u00edticos e econ\u00f4micos para transform\u00e1-los em pessoas livres, aliados de Deus e possuidores de esperan\u00e7as, a P\u00e1scoa de Jesus \u00e9 a liberta\u00e7\u00e3o da causa de todas as escravid\u00f5es, a eleva\u00e7\u00e3o dos homens e mulheres \u00e0 dignidade de filhos e filhas do pai celeste e herdeiros da vida eterna.<\/p>\n<p style=\"text-align: justify\">A for\u00e7a da igreja, povo da nova alian\u00e7a, est\u00e1 em centralizar no ressuscitado a fonte de seu ser, de seu agir e de seu fazer. Quando os crist\u00e3os relegam a P\u00e1scoa a mero ap\u00eandice das muitas preocupa\u00e7\u00f5es, tornam-se fracos e protagonizam esc\u00e2ndalos que abalam ou afastam quem sente atra\u00e7\u00e3o pelo Cristo.<\/p>\n<p style=\"text-align: justify\">Celebrar a P\u00e1scoa tanto em festa anual quanto nos domingos e nas missas di\u00e1rias \u00e9 uma necessidade para que o acontecimento &#8220;fundante&#8221;, a morte e a ressurrei\u00e7\u00e3o de Jesus, nos torne uma presen\u00e7a alegre e esperan\u00e7osa dentro de uma sociedade cada vez mais marcada pela morte.<\/p>\n<p style=\"text-align: justify\">A P\u00e1scoa \u00e9 um grito forte em favor da vida a ressoar neste ano que apareceu, em seus primeiros meses, marcado pela trag\u00e9dia em Angra dos Reis, pelos terremotos de Haiti, Chile e Turquia, pelas enchentes ou secas em v\u00e1rias regi\u00f5es do planeta, pelas guerras em curso, por atos de terrorismo.<\/p>\n<p style=\"text-align: justify\">A P\u00e1scoa \u00e9 um grito forte em favor da liberdade a ressoar em tempos que manipulam a opini\u00e3o p\u00fablica, restringem direitos universalmente aceitos, distorcem valores e nos violentam o direito de express\u00e3o de pensamento. Por meio de campanhas bem urdidas, roubam-nos os espa\u00e7os interiores, n\u00e3o nos deixam tempos e espa\u00e7os para pensar. Os jovens s\u00e3o as grandes v\u00edtimas da falsa sensa\u00e7\u00e3o de liberdade de p\u00e1ssaros presos em gaiola de ouro. O ressuscitado arrebentou as pris\u00f5es quando arrebentou o sepulcro onde o colocaram morto.<\/p>\n<p style=\"text-align: justify\">A P\u00e1scoa \u00e9 um grito forte em favor da esperan\u00e7a numa \u00e9poca em que desapareceram as utopias, se deixou de sonhar e o mundo ficou pequeno. &#8220;O Cristo, ressuscitado dos mortos, j\u00e1 n\u00e3o morre; a morte n\u00e3o tem mais poder sobre ele&#8221; (Rom 6,9).<\/p>\n<h4 style=\"text-align: right\">Dom Luiz Soares Vieira<\/h4>\n<p><span style=\"font-size: 10pt\">Publicado na Folha de S\u00e3o Paulo, 04.04.2010<\/span><\/p>\n","protected":false},"excerpt":{"rendered":"<p>Existem acontecimentos que marcam a vida dum povo e determinam-lhe o caminho. S\u00e3o principalmente fatos que despertaram em grupos, cl\u00e3s ou tribos a consci\u00eancia de serem todos membros de uma \u00fanica na\u00e7\u00e3o. Poder\u00edamos rotular esses epis\u00f3dios como &#8220;fundantes&#8221; de nacionalidades.<\/p>\n","protected":false},"author":83,"featured_media":0,"comment_status":"open","ping_status":"open","sticky":false,"template":"","format":"standard","meta":{"site-sidebar-layout":"default","site-content-layout":"default","ast-global-header-display":"","ast-banner-title-visibility":"","ast-main-header-display":"","ast-hfb-above-header-display":"","ast-hfb-below-header-display":"","ast-hfb-mobile-header-display":"","site-post-title":"","ast-breadcrumbs-content":"","ast-featured-img":"","footer-sml-layout":"","theme-transparent-header-meta":"","adv-header-id-meta":"","stick-header-meta":"","header-above-stick-meta":"","header-main-stick-meta":"","header-below-stick-meta":""},"categories":[758],"tags":[],"acf":[],"_links":{"self":[{"href":"https:\/\/www.cnbb.org.br\/cnbb-app\/wp\/v2\/posts\/11579"}],"collection":[{"href":"https:\/\/www.cnbb.org.br\/cnbb-app\/wp\/v2\/posts"}],"about":[{"href":"https:\/\/www.cnbb.org.br\/cnbb-app\/wp\/v2\/types\/post"}],"author":[{"embeddable":true,"href":"https:\/\/www.cnbb.org.br\/cnbb-app\/wp\/v2\/users\/83"}],"replies":[{"embeddable":true,"href":"https:\/\/www.cnbb.org.br\/cnbb-app\/wp\/v2\/comments?post=11579"}],"version-history":[{"count":0,"href":"https:\/\/www.cnbb.org.br\/cnbb-app\/wp\/v2\/posts\/11579\/revisions"}],"wp:attachment":[{"href":"https:\/\/www.cnbb.org.br\/cnbb-app\/wp\/v2\/media?parent=11579"}],"wp:term":[{"taxonomy":"category","embeddable":true,"href":"https:\/\/www.cnbb.org.br\/cnbb-app\/wp\/v2\/categories?post=11579"},{"taxonomy":"post_tag","embeddable":true,"href":"https:\/\/www.cnbb.org.br\/cnbb-app\/wp\/v2\/tags?post=11579"}],"curies":[{"name":"wp","href":"https:\/\/api.w.org\/{rel}","templated":true}]}}