{"id":11584,"date":"2010-04-07T00:00:00","date_gmt":"2010-04-07T03:00:00","guid":{"rendered":"https:\/\/www.cnbb.org.br\/escandalos-virao-mas-ai-de-quem\/"},"modified":"2010-04-07T00:00:00","modified_gmt":"2010-04-07T03:00:00","slug":"escandalos-virao-mas-ai-de-quem","status":"publish","type":"post","link":"https:\/\/www.cnbb.org.br\/escandalos-virao-mas-ai-de-quem\/","title":{"rendered":"Esc\u00e2ndalos vir\u00e3o, mas ai de quem"},"content":{"rendered":"<p style=\"text-align: justify\">O Papa disse no dia da sua elei\u00e7\u00e3o, e repetiu agora ao clero de Roma:<\/p>\n<p style=\"text-align: justify\">O meu programa de Governo \u00e9\u00a0\u00a0 &#8230;\u00a0\u00a0 de me p\u00f4r, com toda a Igreja, \u00e0 escuta da palavra e da vontade do Senhor e deixar-me guiar por Ele, de modo que seja Ele a guiar a Igreja nesta hora da hist\u00f3ria. (Bento XVI)<\/p>\n<p>  <!--more-->  <\/p>\n<p style=\"text-align: justify\">Bom programa para bispos: Colocar-se, com o clero e com a diocese toda, \u00e0 escuta da palavra e da vontade do Senhor e deixar-se conduzir por Ele, de modo que seja Ele a guiar a diocese.<\/p>\n<p style=\"text-align: justify\">Bom programa para p\u00e1rocos: Colocar-se com todos os paroquianos \u00e0 escuta da palavra e da vontade do Senhor e deixar-se conduzir por Ele, de modo que seja Ele a guiar a par\u00f3quia.<\/p>\n<p style=\"text-align: justify\">Quanto ao Papa, n\u00e3o h\u00e1 d\u00favida que vive inteiramente dedicado \u00e0 sua miss\u00e3o de confirmar os irm\u00e3os na f\u00e9. Nas suas prega\u00e7\u00f5es se pode ver o cuidado que dedica ao estudo e \u00e0 medita\u00e7\u00e3o da palavra de Deus. Ser\u00e1 que se pode dizer o mesmo de todos os bispos e de todos os padres?<\/p>\n<p style=\"text-align: justify\">A corrup\u00e7\u00e3o do melhor o transforma no pior. Diante da grandeza da miss\u00e3o que Deus confiou aos padres, n\u00e3o posso deixar de falar sobre os esc\u00e2ndalos causados por alguns e muito divulgados na imprensa e explorados pelos advers\u00e1rios.<\/p>\n<p style=\"text-align: justify\">Os esc\u00e2ndalos mais propagados para desacreditar a mensagem da Igreja s\u00e3o pecados contra o sexto mandamento: N\u00e3o cometer adult\u00e9rio. Esse mandamento incomoda muita gente. Muitos falam e agem como se nada fosse pecado.<\/p>\n<p style=\"text-align: justify\">Propagam o libera geral, apoiados na camisinha que diminui o risco de consequ\u00eancias indesejadas. Mas as mesmas pessoas que dizem que tudo \u00e9 permitido manifestam a sua indigna\u00e7\u00e3o diante de qualquer deslize cometido por um padre. Por um lado, isso \u00e9 bom sinal: No \u00edntimo, ainda reconhecem que pr\u00e1ticas sexuais fora do casamento s\u00e3o pecado, e que o sexto mandamento continua valendo para todos. Por outro lado, \u00e9 sinal de hipocrisia, como daquele homem casado que ficou escandalizado ao ver um padre num motel, mas n\u00e3o achou errada sua pr\u00f3pria presen\u00e7a naquele lugar.<\/p>\n<p style=\"text-align: justify\">No mundo moderno, a lei civil da maioria dos pa\u00edses n\u00e3o leva em conta o sexto mandamento, a n\u00e3o ser quando se trata de pr\u00e1ticas de pedofilia, de abusos contra crian\u00e7as. Tais abusos devem ser castigados com todo rigor para evitar que se repitam. Mas s\u00f3 pode haver condena\u00e7\u00e3o depois de uma investiga\u00e7\u00e3o cuidadosa, e sigilosa na medida do poss\u00edvel. Seria necess\u00e1rio tamb\u00e9m um grande esfor\u00e7o de educa\u00e7\u00e3o para a castidade dos adolescentes,\u00a0 e para a responsabilidade dos jovens, em vez de uma \u201ceduca\u00e7\u00e3o sexual\u201d com distribui\u00e7\u00e3o de camisinhas para menores.<\/p>\n<p style=\"text-align: justify\">Pesquisas na Alemanha indicam que a porcentagem de padres envolvidos em casos de pedofilia n\u00e3o \u00e9 maior que nos outros setores que trabalham com crian\u00e7as. Mas os advers\u00e1rios do celibato aproveitam a divulga\u00e7\u00e3o dos esc\u00e2ndalos para culpar a Igreja pelos desvios de padres que n\u00e3o conseguem ser fi\u00e9is ao compromisso de dedica\u00e7\u00e3o total.<\/p>\n<p style=\"text-align: justify\">Quem acha que o problema maior do celibato seja ficar sem os prazeres do sexo, nada entendeu do assunto. O sacrif\u00edcio maior \u00e9 ficar sem um grande amor, passar a vida sem esposa e filhos. Quem n\u00e3o entende o sentido do celibato, tamb\u00e9m n\u00e3o aceita a exig\u00eancia de fidelidade para casados e castidade para solteiros, e diz que a virgindade n\u00e3o vale nada.\u00a0 O celibato s\u00f3 faz sentido no contexto de uma entrega radical: Deixar tudo para seguir Jesus. O problema \u00e9 que sempre nos persegue a tenta\u00e7\u00e3o de retomar alguma coisa para n\u00f3s.<\/p>\n<p style=\"text-align: justify\">Falando em castidade vou ser chamado de careta. Na Alemanha, na d\u00e9cada de oitenta, uma editora famosa publicou um livro com a proposta de permitir atos de pedofilia, e um partido apresentou um pedido para descriminalizar o sexo com crian\u00e7as. Hoje muitos querem descriminalizar o aborto, outro pecado muito grave. Naquele tempo, a moral sexual da Igreja era chamada de obst\u00e1culo repressivo contra a emancipa\u00e7\u00e3o da sexualidade infantil. Hoje s\u00e3o publicados textos de \u201ceduca\u00e7\u00e3o\u201d sexual sem nenhuma conota\u00e7\u00e3o de forma\u00e7\u00e3o moral.<\/p>\n<p style=\"text-align: justify\">Casos de pedofilia s\u00e3o noticiados quase todo dia em jornais locais. Quando \u00e9 com padre, a not\u00edcia corre pelo mundo inteiro. \u00c9 not\u00edcia, porque \u00e9 coisa mais rara e espantosa que um padre se afaste tanto de sua miss\u00e3o de educador na f\u00e9 que passe a fazer estragos na Igreja e no mundo.<\/p>\n<p style=\"text-align: justify\">Haver\u00e1 esc\u00e2ndalos, mas ai daquele &#8230; que escandalizar um s\u00f3 destes pequeninos. (Lc 17, 1-2)\u00a0 S\u00e3o as palavras mais pesadas que Jesus falou.\u00a0 Inimigos da Igreja fazem aumentar os\u00a0 esc\u00e2ndalos, espalhando as not\u00edcias sobre pecados de padres. Aparecem algumas coincid\u00eancias estranhas:<\/p>\n<div style=\"text-align: justify\">\n<ul>\n<li>A maioria das den\u00fancias se refere a casos de pr\u00e1ticas homossexuais com menores em d\u00e9cadas passadas.<\/li>\n<li>As acusa\u00e7\u00f5es passaram a envolver bispos que n\u00e3o teriam usado do devido rigor para tirar tais padres pecadores da circula\u00e7\u00e3o. <\/li>\n<li>Com esse argumento, denunciantes e advogados conseguiram indeniza\u00e7\u00f5es pesadas das dioceses, primeiro nos Estados Unidos, depois na Irlanda, agora na Alemanha.<\/li>\n<li>No Brasil apareceu um caso especialmente escandaloso em Alagoas que fez a cidade de Arapiraca ficar \u201cfamosa\u201d no mundo inteiro. Um filminho mostra um monsenhor em pr\u00e1ticas homossexuais com um jovem. O cen\u00e1rio foi armado em combina\u00e7\u00e3o com outro jovem. Os dois conseguiram extorquir dinheiro com a promessa de guardar segredo. Agora vendem o filminho e denunciam dois monsenhores por crimes de pedofilia, dizendo que os abusos come\u00e7aram quando ainda eram menores. Em alguns pa\u00edses da Europa, onde os bispos t\u00eam o t\u00edtulo de monsenhor, a not\u00edcia apareceu como se os dois pecadores fossem bispos.<\/li>\n<li>Advers\u00e1rios tentam atingir e desmoralizar os bispos e o Papa. Uma grande revista alem\u00e3 fez uma reportagem com este t\u00edtulo: Irm\u00e3o do Papa envolvido com pedofilia quando era dirigente de um coral de meninos. Lendo o texto se v\u00ea que o \u201ccrime\u201d dele foi outro, uma bofetada num menino que perturbava um ensaio do coral.<\/li>\n<li>Descobriram que no tempo que o Papa foi arcebispo de Munique, um padre ped\u00f3filo foi acolhido para tratamento psiqui\u00e1trico e n\u00e3o melhorou.<\/li>\n<li>Acusam o Papa que no seu tempo de respons\u00e1vel pela doutrina da f\u00e9 n\u00e3o impediu casos de pedofilia na Igreja. Como podia controlar a vida pessoal dos 400 000 padres espalhados pelo mundo inteiro? Fez o poss\u00edvel para tratar as den\u00fancias com o devido cuidado, aconselhando que os denunciantes recorressem \u00e0 justi\u00e7a civil.<\/li>\n<\/ul><\/div>\n<p style=\"text-align: justify\">Advers\u00e1rios do Papa fazem de tudo para desgastar a sua autoridade. Trazem not\u00edcias distorcidas sobre casos de quatro d\u00e9cadas atr\u00e1s, para acus\u00e1-lo de falta de firmeza diante de novas den\u00fancias sobre antigos abusos.<\/p>\n<p style=\"text-align: justify\">Para ver a hostilidade de muitos contra o Papa, basta conferir o que diz uma revista que pede a sua ren\u00fancia: Com sua autoridade desgastada, por que \u00e9 que o Papa permanece no cargo?<\/p>\n<p style=\"text-align: justify\">A situa\u00e7\u00e3o se complica dentro da Igreja, porque muitos cat\u00f3licos n\u00e3o conhecem os documentos da Igreja e os ensinamentos do Papa.\u00a0\u00a0 N\u00e3o ouvem seus discursos e n\u00e3o l\u00eaem seus escritos. Conhecem apenas as cr\u00edticas dos descontentes e os argumentos deles contra exig\u00eancias da Igreja.<\/p>\n<p style=\"text-align: justify\">A solu\u00e7\u00e3o para a crise na Igreja e no mundo n\u00e3o est\u00e1 na diminui\u00e7\u00e3o das exig\u00eancias morais e do ideal de santidade para padres e leigos, mas no aumento da disponibilidade de cada um para fazer a vontade de Deus.<\/p>\n<p style=\"text-align: justify\">Muitos falam da import\u00e2ncia de construir a unidade dos crist\u00e3os.\u00a0 A Campanha da Fraternidade deste ano quer ser ecum\u00eanica, mas apenas quatro das centenas de igrejas descendentes da reforma protestante fazem parte do CONIC, conselho nacional das igrejas crist\u00e3s. Para cuidar da unidade das igrejas, precisamos cuidar primeiro da unidade na Igreja. Tal unidade n\u00e3o se faz sem o Papa, muito menos contra o sucessor de Pedro que foi chamado pelo Senhor para ser o eixo de unidade.\u00a0 Como \u00e9 que uma igreja desunida vai cuidar da unidade das igrejas? N\u00e3o \u00e9 poss\u00edvel construir a unidade da Igreja em torno das teorias de te\u00f3logos como K\u00fcng e Boff e de exegetas que esvaziam o valor hist\u00f3rico dos evangelhos.<\/p>\n<p style=\"text-align: justify\">Est\u00e1 na hora de unir o povo cat\u00f3lico sob a dire\u00e7\u00e3o do Papa.\u00a0 Todos na mesma atitude do Papa que procura conhecer e seguir a palavra e a vontade do Senhor e deixar-se guiar por Ele. Na f\u00e9 cat\u00f3lica, a vontade de Deus se manifesta tamb\u00e9m nas orienta\u00e7\u00f5es do Papa que foi colocado por Deus para dirigir a sua Igreja nestes tempos de confus\u00e3o.<\/p>\n<p style=\"text-align: justify\">Nosso Papa segue o conselho de Paulo a Tim\u00f3teo. Anuncia o Evangelho ao mundo de hoje, sem perguntar se agrada ou desagrada. \u00c9 o que tento fazer tamb\u00e9m.<\/p>\n<h4 style=\"text-align: right\">Dom Cristiano Jakob Krapf<\/h4>\n","protected":false},"excerpt":{"rendered":"<p>O Papa disse no dia da sua elei\u00e7\u00e3o, e repetiu agora ao clero de Roma: O meu programa de Governo \u00e9\u00a0\u00a0 &#8230;\u00a0\u00a0 de me p\u00f4r, com toda a Igreja, \u00e0 escuta da palavra e da vontade do Senhor e deixar-me guiar por Ele, de modo que seja Ele a guiar a Igreja nesta hora da &hellip;<\/p>\n<p class=\"read-more\"> <a class=\"\" href=\"https:\/\/www.cnbb.org.br\/escandalos-virao-mas-ai-de-quem\/\"> <span class=\"screen-reader-text\">Esc\u00e2ndalos vir\u00e3o, mas ai de quem<\/span> Leia mais &raquo;<\/a><\/p>\n","protected":false},"author":83,"featured_media":0,"comment_status":"open","ping_status":"open","sticky":false,"template":"","format":"standard","meta":{"site-sidebar-layout":"default","site-content-layout":"default","ast-global-header-display":"","ast-banner-title-visibility":"","ast-main-header-display":"","ast-hfb-above-header-display":"","ast-hfb-below-header-display":"","ast-hfb-mobile-header-display":"","site-post-title":"","ast-breadcrumbs-content":"","ast-featured-img":"","footer-sml-layout":"","theme-transparent-header-meta":"","adv-header-id-meta":"","stick-header-meta":"","header-above-stick-meta":"","header-main-stick-meta":"","header-below-stick-meta":""},"categories":[758],"tags":[],"acf":[],"_links":{"self":[{"href":"https:\/\/www.cnbb.org.br\/cnbb-app\/wp\/v2\/posts\/11584"}],"collection":[{"href":"https:\/\/www.cnbb.org.br\/cnbb-app\/wp\/v2\/posts"}],"about":[{"href":"https:\/\/www.cnbb.org.br\/cnbb-app\/wp\/v2\/types\/post"}],"author":[{"embeddable":true,"href":"https:\/\/www.cnbb.org.br\/cnbb-app\/wp\/v2\/users\/83"}],"replies":[{"embeddable":true,"href":"https:\/\/www.cnbb.org.br\/cnbb-app\/wp\/v2\/comments?post=11584"}],"version-history":[{"count":0,"href":"https:\/\/www.cnbb.org.br\/cnbb-app\/wp\/v2\/posts\/11584\/revisions"}],"wp:attachment":[{"href":"https:\/\/www.cnbb.org.br\/cnbb-app\/wp\/v2\/media?parent=11584"}],"wp:term":[{"taxonomy":"category","embeddable":true,"href":"https:\/\/www.cnbb.org.br\/cnbb-app\/wp\/v2\/categories?post=11584"},{"taxonomy":"post_tag","embeddable":true,"href":"https:\/\/www.cnbb.org.br\/cnbb-app\/wp\/v2\/tags?post=11584"}],"curies":[{"name":"wp","href":"https:\/\/api.w.org\/{rel}","templated":true}]}}