{"id":11587,"date":"2010-04-07T00:00:00","date_gmt":"2010-04-07T03:00:00","guid":{"rendered":"https:\/\/www.cnbb.org.br\/por-uma-reforma-do-estado-com-participacao-democratica\/"},"modified":"2010-04-07T00:00:00","modified_gmt":"2010-04-07T03:00:00","slug":"por-uma-reforma-do-estado-com-participacao-democratica","status":"publish","type":"post","link":"https:\/\/www.cnbb.org.br\/por-uma-reforma-do-estado-com-participacao-democratica\/","title":{"rendered":"Por uma reforma do Estado com participa\u00e7\u00e3o democr\u00e1tica"},"content":{"rendered":"<p style=\"text-align: justify\">Os 50 anos da inaugura\u00e7\u00e3o de Bras\u00edlia, as elei\u00e7\u00f5es gerais do pr\u00f3ximo m\u00eas de outubro, a \u201ccrise mundial\u201d e a \u201cmudan\u00e7a de \u00e9poca\u201d proporcionaram ao Conselho Permanente da Confer\u00eancia Nacional dos Bispos do Brasil &#8211; CNBB a oportunidade de pensar a trajet\u00f3ria do Pa\u00eds, com a finalidade de valorizar as conquistas e oferecer sua contribui\u00e7\u00e3o para o di\u00e1logo nacional sobre o que precisa ser modificado, em uma verdadeira \u201cReforma do Estado\u201d, para a constru\u00e7\u00e3o de uma \u201csociedade efetivamente democr\u00e1tica e participativa\u201d.<\/p>\n<p>  <!--more-->  <\/p>\n<p style=\"text-align: justify\">A decis\u00e3o dos Bispos do Brasil de realizar a 48\u00aa Assembl\u00e9ia Geral da CNBB, em Bras\u00edlia, expressa o reconhecimento e o apre\u00e7o por tudo o que significou e significa para a na\u00e7\u00e3o a execu\u00e7\u00e3o do projeto de constru\u00e7\u00e3o da Capital do Pa\u00eds, em pleno Planalto Central, propiciando a vinda de muitas pessoas para esse bioma fecundo de vida e de promessas.<\/p>\n<p style=\"text-align: justify\">Bras\u00edlia foi fruto do arrojo, da determina\u00e7\u00e3o pol\u00edtica e da criatividade do povo brasileiro. Abriu espa\u00e7o para acolher a capacidade profissional de ex\u00edmios urbanistas e arquitetos brasileiros que souberam valorizar a oportunidade de traduzir para a pr\u00e1tica a ousadia dos seus projetos. Bras\u00edlia mostrou que o Brasil \u00e9 capaz de se projetar para o futuro com as dimens\u00f5es de grandeza que seu territ\u00f3rio sugere. Com a constru\u00e7\u00e3o de Bras\u00edlia, que teve nos \u201cCandangos\u201d o s\u00edmbolo mais eloq\u00fcente do seu desempenho, buscava-se incentivar a integra\u00e7\u00e3o nacional que pedia, com urg\u00eancia, e continua pedindo, a valoriza\u00e7\u00e3o de todas as regi\u00f5es deste Pa\u00eds de dimens\u00f5es continentais, respeitando suas peculiaridades.<\/p>\n<p style=\"text-align: justify\">O jubileu de ouro de Bras\u00edlia precisa se transformar em oportunidade de ouro para uma ampla e pertinente avalia\u00e7\u00e3o do processo hist\u00f3rico de constru\u00e7\u00e3o do nosso pa\u00eds. Oportunidade para conferir o quanto ele est\u00e1 associado aos problemas que reiteradamente eclodem em todos os n\u00edveis da vida p\u00fablica e para que todos voltemos a sonhar juntos, com o pa\u00eds justo, integrado, desenvolvido e honesto, que todos queremos.<\/p>\n<p style=\"text-align: justify\">O Congresso Eucar\u00edstico Nacional, com o lema: \u201cEucaristia, p\u00e3o da unidade dos disc\u00edpulos mission\u00e1rios\u201d, a realizar-se na capital da Rep\u00fablica, em maio deste ano, manifesta o anseio da Igreja Cat\u00f3lica por um pa\u00eds justo e fraterno, edificado sobre os valores humanos e crist\u00e3os que o Evangelho nos apresenta.<\/p>\n<p style=\"text-align: justify\">Apoiado nos ensinamentos de Jesus e acolhendo a Doutrina Social da Igreja, apresento \u00e0 sociedade brasileira este Documento intitulado \u201cPOR UMA REFORMA DO ESTADO COM PARTICIPA\u00c7\u00c3O DEMOCR\u00c1TICA\u201d, para colocar em debate propostas de reformas que se fazem necess\u00e1rias, diante da abrang\u00eancia e urg\u00eancia que os problemas atuais requerem. E, ao faz\u00ea-lo, invoco sobre o povo brasileiro as b\u00ean\u00e7\u00e3os de Deus e a prote\u00e7\u00e3o maternal de Nossa Senhora Aparecida,<\/p>\n<p style=\"text-align: right\">Bras\u00edlia-DF, 11 de mar\u00e7o de 2010<\/p>\n<div style=\"text-align: right\">Dom Dimas Lara Barbosa<br \/>Bispo Auxiliar do Rio de Janeiro<br \/>Secret\u00e1rio Geral da CNBB<\/div>\n","protected":false},"excerpt":{"rendered":"<p>Os 50 anos da inaugura\u00e7\u00e3o de Bras\u00edlia, as elei\u00e7\u00f5es gerais do pr\u00f3ximo m\u00eas de outubro, a \u201ccrise mundial\u201d e a \u201cmudan\u00e7a de \u00e9poca\u201d proporcionaram ao Conselho Permanente da Confer\u00eancia Nacional dos Bispos do Brasil &#8211; CNBB a oportunidade de pensar a trajet\u00f3ria do Pa\u00eds, com a finalidade de valorizar as conquistas e oferecer sua contribui\u00e7\u00e3o &hellip;<\/p>\n<p class=\"read-more\"> <a class=\"\" href=\"https:\/\/www.cnbb.org.br\/por-uma-reforma-do-estado-com-participacao-democratica\/\"> <span class=\"screen-reader-text\">Por uma reforma do Estado com participa\u00e7\u00e3o democr\u00e1tica<\/span> Leia mais &raquo;<\/a><\/p>\n","protected":false},"author":83,"featured_media":11588,"comment_status":"open","ping_status":"open","sticky":false,"template":"","format":"standard","meta":{"site-sidebar-layout":"default","site-content-layout":"default","ast-global-header-display":"","ast-banner-title-visibility":"","ast-main-header-display":"","ast-hfb-above-header-display":"","ast-hfb-below-header-display":"","ast-hfb-mobile-header-display":"","site-post-title":"","ast-breadcrumbs-content":"","ast-featured-img":"","footer-sml-layout":"","theme-transparent-header-meta":"","adv-header-id-meta":"","stick-header-meta":"","header-above-stick-meta":"","header-main-stick-meta":"","header-below-stick-meta":""},"categories":[758],"tags":[],"acf":[],"_links":{"self":[{"href":"https:\/\/www.cnbb.org.br\/cnbb-app\/wp\/v2\/posts\/11587"}],"collection":[{"href":"https:\/\/www.cnbb.org.br\/cnbb-app\/wp\/v2\/posts"}],"about":[{"href":"https:\/\/www.cnbb.org.br\/cnbb-app\/wp\/v2\/types\/post"}],"author":[{"embeddable":true,"href":"https:\/\/www.cnbb.org.br\/cnbb-app\/wp\/v2\/users\/83"}],"replies":[{"embeddable":true,"href":"https:\/\/www.cnbb.org.br\/cnbb-app\/wp\/v2\/comments?post=11587"}],"version-history":[{"count":0,"href":"https:\/\/www.cnbb.org.br\/cnbb-app\/wp\/v2\/posts\/11587\/revisions"}],"wp:featuredmedia":[{"embeddable":true,"href":"https:\/\/www.cnbb.org.br\/cnbb-app\/wp\/v2\/media\/11588"}],"wp:attachment":[{"href":"https:\/\/www.cnbb.org.br\/cnbb-app\/wp\/v2\/media?parent=11587"}],"wp:term":[{"taxonomy":"category","embeddable":true,"href":"https:\/\/www.cnbb.org.br\/cnbb-app\/wp\/v2\/categories?post=11587"},{"taxonomy":"post_tag","embeddable":true,"href":"https:\/\/www.cnbb.org.br\/cnbb-app\/wp\/v2\/tags?post=11587"}],"curies":[{"name":"wp","href":"https:\/\/api.w.org\/{rel}","templated":true}]}}