{"id":11603,"date":"2009-11-25T00:00:00","date_gmt":"2009-11-25T02:00:00","guid":{"rendered":"https:\/\/www.cnbb.org.br\/visita-ad-limina\/"},"modified":"2009-11-25T00:00:00","modified_gmt":"2009-11-25T02:00:00","slug":"visita-ad-limina","status":"publish","type":"post","link":"https:\/\/www.cnbb.org.br\/visita-ad-limina\/","title":{"rendered":"Visita Ad Limina"},"content":{"rendered":"<p style=\"text-align: justify\">A Igreja Cat\u00f3lica no Brasil est\u00e1 organizada em 17 Regionais. Estamos no Regional Sul I, formado pelas 43 dioceses, que corresponde ao Estado de S\u00e3o Paulo. Somando com os Bispos em\u00e9ritos (os aposentados), somos um n\u00famero aproximado de 50 arcebispos e bispos.<\/p>\n<p>  <!--more-->  <\/p>\n<p style=\"text-align: justify\">Por norma, de 5 em 5 anos, cada bispo diocesano faz a \u201cVisita Ad Limina\u201d, indo a Roma rezar pela sua diocese nas bas\u00edlicas de S\u00e3o Pedro e de S\u00e3o Paulo, e tendo um contato com o Santo Padre, no momento, o Papa Bento XVI.<\/p>\n<p style=\"text-align: justify\">Beto XVI est\u00e1 atendendo os Bispos do Brasil por Regional. De 9 a 28 de novembro de 2009 foi a vez de nosso Regional Sul I. Fato este acontecido ap\u00f3s uma presta\u00e7\u00e3o de contas por escrito de cada diocese, no chamado \u201cRelat\u00f3rio Quinquenal\u201d.<\/p>\n<p style=\"text-align: justify\">\u00c9 um momento forte na vida da Igreja, que atinge a pessoa de cada bispo e de todas as dioceses. \u00c9 a express\u00e3o concreta da unidade eclesial, acontecida na fraternidade entre os diversos bispos e de estreitamento de la\u00e7os com o Santo Padre.<\/p>\n<p style=\"text-align: justify\">Em Roma est\u00e1 a fonte de unidade de toda a Igreja. N\u00e3o s\u00f3 a figura do Sumo Pont\u00edfice, mas toda a organiza\u00e7\u00e3o administrativa de apoio \u00e0s Igrejas particulares do mundo todo. Por isto, temos as diversas Congrega\u00e7\u00f5es para tratar de temas espec\u00edficos da pastoral.<\/p>\n<p style=\"text-align: justify\">Em conjunto, n\u00f3s bispos do Sul I, visitamos diversas dessas Congrega\u00e7\u00f5es, apresentando as nossas preocupa\u00e7\u00f5es pastorais e ouvindo as orienta\u00e7\u00f5es de utilidade para o nosso pastoreio no dia-a-dia. Isto foi muito rico para todos.<\/p>\n<p style=\"text-align: justify\">Algumas das Congrega\u00e7\u00f5es visitadas: Pontif\u00edcia Academia para a Vida; Congrega\u00e7\u00e3o para os Bispos; para a Doutrina da F\u00e9; para as Comunica\u00e7\u00f5es Sociais; para Uni\u00e3o dos Crist\u00e3os; Tribunal da Assinatura Apost\u00f3lica; Penitenciaria Apost\u00f3lica; Culto Divino etc.<\/p>\n<p style=\"text-align: justify\">Foi realmente uma oportunidade incalcul\u00e1vel para que cada Bispo do \/regional passasse a ter uma vis\u00e3o ampla de toda esta riqueza da a\u00e7\u00e3o da Igreja. Sentimos a for\u00e7a do Esp\u00edrito de Deus agindo numa institui\u00e7\u00e3o bimilenar que se coloca a servi\u00e7o de todos os povos do mundo.<\/p>\n<h4 style=\"text-align: right\">Dom Paulo Mendes Peixoto<\/h4>\n","protected":false},"excerpt":{"rendered":"<p>A Igreja Cat\u00f3lica no Brasil est\u00e1 organizada em 17 Regionais. Estamos no Regional Sul I, formado pelas 43 dioceses, que corresponde ao Estado de S\u00e3o Paulo. Somando com os Bispos em\u00e9ritos (os aposentados), somos um n\u00famero aproximado de 50 arcebispos e bispos.<\/p>\n","protected":false},"author":83,"featured_media":0,"comment_status":"open","ping_status":"open","sticky":false,"template":"","format":"standard","meta":{"site-sidebar-layout":"default","site-content-layout":"default","ast-global-header-display":"","ast-banner-title-visibility":"","ast-main-header-display":"","ast-hfb-above-header-display":"","ast-hfb-below-header-display":"","ast-hfb-mobile-header-display":"","site-post-title":"","ast-breadcrumbs-content":"","ast-featured-img":"","footer-sml-layout":"","theme-transparent-header-meta":"","adv-header-id-meta":"","stick-header-meta":"","header-above-stick-meta":"","header-main-stick-meta":"","header-below-stick-meta":""},"categories":[758],"tags":[],"acf":[],"_links":{"self":[{"href":"https:\/\/www.cnbb.org.br\/cnbb-app\/wp\/v2\/posts\/11603"}],"collection":[{"href":"https:\/\/www.cnbb.org.br\/cnbb-app\/wp\/v2\/posts"}],"about":[{"href":"https:\/\/www.cnbb.org.br\/cnbb-app\/wp\/v2\/types\/post"}],"author":[{"embeddable":true,"href":"https:\/\/www.cnbb.org.br\/cnbb-app\/wp\/v2\/users\/83"}],"replies":[{"embeddable":true,"href":"https:\/\/www.cnbb.org.br\/cnbb-app\/wp\/v2\/comments?post=11603"}],"version-history":[{"count":0,"href":"https:\/\/www.cnbb.org.br\/cnbb-app\/wp\/v2\/posts\/11603\/revisions"}],"wp:attachment":[{"href":"https:\/\/www.cnbb.org.br\/cnbb-app\/wp\/v2\/media?parent=11603"}],"wp:term":[{"taxonomy":"category","embeddable":true,"href":"https:\/\/www.cnbb.org.br\/cnbb-app\/wp\/v2\/categories?post=11603"},{"taxonomy":"post_tag","embeddable":true,"href":"https:\/\/www.cnbb.org.br\/cnbb-app\/wp\/v2\/tags?post=11603"}],"curies":[{"name":"wp","href":"https:\/\/api.w.org\/{rel}","templated":true}]}}